{"id":524264,"date":"2024-11-02T12:26:06","date_gmt":"2024-11-02T16:26:06","guid":{"rendered":"https:\/\/diarioelpopular.com\/?p=524264"},"modified":"2024-11-02T12:26:06","modified_gmt":"2024-11-02T16:26:06","slug":"sujeto-de-36-anos-acusado-de-agredir-sexualmente-a-una-nina-de-13-anos-en-la-region-de-durham","status":"publish","type":"post","link":"https:\/\/diarioelpopular.com\/index.php\/2024\/11\/02\/sujeto-de-36-anos-acusado-de-agredir-sexualmente-a-una-nina-de-13-anos-en-la-region-de-durham\/","title":{"rendered":"Sujeto de 36 a\u00f1os acusado de agredir sexualmente a una ni\u00f1a de 13 a\u00f1os en la regi\u00f3n de Durham"},"content":{"rendered":"<div id=\"attachment_524268\" style=\"width: 160px\" class=\"wp-caption alignnone\"><img loading=\"lazy\" decoding=\"async\" aria-describedby=\"caption-attachment-524268\" class=\"wp-image-524268 size-thumbnail\" src=\"https:\/\/diarioelpopular.com\/wp-content\/uploads\/2024\/11\/Screen-Shot-2024-11-02-at-12.25.00-PM-150x150.png\" alt=\"\" width=\"150\" height=\"150\" \/><p id=\"caption-attachment-524268\" class=\"wp-caption-text\">Jason Bent, de 36 a\u00f1os y residente de Brampton, enfrenta seis cargos, entre ellos agresi\u00f3n sexual, en relaci\u00f3n con una ni\u00f1a de 13 a\u00f1os en el \u00e1rea de North Durham. Foto de la polic\u00eda regional de Durham<\/p><\/div>\n<p>&nbsp;<\/p>\n<p>&nbsp;<\/p>\n<ul>\n<li><em><strong>Un individuo de 36 a\u00f1os est\u00e1 acusado de agredir sexualmente a una ni\u00f1a de 13 a\u00f1os en la zona norte de Durham.<\/strong><\/em><\/li>\n<\/ul>\n<p>&nbsp;<\/p>\n<p>La polic\u00eda regional de Durham dice que el martes se inici\u00f3 una investigaci\u00f3n y dos d\u00edas despu\u00e9s Jason Bent fue arrestado.<\/p>\n<p>El hombre de Brampton est\u00e1 acusado de agresi\u00f3n sexual, interferencia sexual; invitaci\u00f3n a tocar sexualmente; acuerdo para cometer un delito contra una persona menor de 18 a\u00f1os; acuerdo para cometer un delito contra una persona menor de 16 a\u00f1os; y posesi\u00f3n de pornograf\u00eda infantil.<\/p>\n<p>Los investigadores est\u00e1n pidiendo a cualquier v\u00edctima potencial o testigo con nueva informaci\u00f3n que llame a la Unidad de V\u00edctimas Especiales al 1-888-579-1520, ext. 5339, o a Crime Stoppers de forma an\u00f3nima al 1-800-222-TIPS (8477).<\/p>\n<p>Se sabe que el acusado frecuenta Londres, Barrie y el GTA.<\/p>\n","protected":false},"excerpt":{"rendered":"<p>&nbsp; &nbsp; Un individuo de 36 a\u00f1os est\u00e1 acusado de agredir sexualmente a una ni\u00f1a de 13 a\u00f1os en la zona norte de Durham. &nbsp;&hellip;<\/p>\n","protected":false},"author":99,"featured_media":524268,"comment_status":"open","ping_status":"open","sticky":false,"template":"","format":"standard","meta":{"footnotes":""},"categories":[11364],"tags":[],"class_list":["post-524264","post","type-post","status-publish","format-standard","has-post-thumbnail","hentry","category-toronto-gta"],"_links":{"self":[{"href":"https:\/\/diarioelpopular.com\/index.php\/wp-json\/wp\/v2\/posts\/524264","targetHints":{"allow":["GET"]}}],"collection":[{"href":"https:\/\/diarioelpopular.com\/index.php\/wp-json\/wp\/v2\/posts"}],"about":[{"href":"https:\/\/diarioelpopular.com\/index.php\/wp-json\/wp\/v2\/types\/post"}],"author":[{"embeddable":true,"href":"https:\/\/diarioelpopular.com\/index.php\/wp-json\/wp\/v2\/users\/99"}],"replies":[{"embeddable":true,"href":"https:\/\/diarioelpopular.com\/index.php\/wp-json\/wp\/v2\/comments?post=524264"}],"version-history":[{"count":1,"href":"https:\/\/diarioelpopular.com\/index.php\/wp-json\/wp\/v2\/posts\/524264\/revisions"}],"predecessor-version":[{"id":524269,"href":"https:\/\/diarioelpopular.com\/index.php\/wp-json\/wp\/v2\/posts\/524264\/revisions\/524269"}],"wp:featuredmedia":[{"embeddable":true,"href":"https:\/\/diarioelpopular.com\/index.php\/wp-json\/wp\/v2\/media\/524268"}],"wp:attachment":[{"href":"https:\/\/diarioelpopular.com\/index.php\/wp-json\/wp\/v2\/media?parent=524264"}],"wp:term":[{"taxonomy":"category","embeddable":true,"href":"https:\/\/diarioelpopular.com\/index.php\/wp-json\/wp\/v2\/categories?post=524264"},{"taxonomy":"post_tag","embeddable":true,"href":"https:\/\/diarioelpopular.com\/index.php\/wp-json\/wp\/v2\/tags?post=524264"}],"curies":[{"name":"wp","href":"https:\/\/api.w.org\/{rel}","templated":true}]}}