{"id":524283,"date":"2024-11-02T12:43:49","date_gmt":"2024-11-02T16:43:49","guid":{"rendered":"https:\/\/diarioelpopular.com\/?p=524283"},"modified":"2024-11-02T12:43:49","modified_gmt":"2024-11-02T16:43:49","slug":"todos-le-fallaron-a-esmeralda-perseguida-en-mexico-por-abortar-a-los-14-anos","status":"publish","type":"post","link":"https:\/\/diarioelpopular.com\/index.php\/2024\/11\/02\/todos-le-fallaron-a-esmeralda-perseguida-en-mexico-por-abortar-a-los-14-anos\/","title":{"rendered":"Todos le fallaron a Esmeralda: perseguida en M\u00e9xico por abortar a los 14 a\u00f1os"},"content":{"rendered":"<div id=\"attachment_524284\" style=\"width: 646px\" class=\"wp-caption alignnone\"><img loading=\"lazy\" decoding=\"async\" aria-describedby=\"caption-attachment-524284\" class=\"wp-image-524284 size-custom-full-size\" src=\"https:\/\/diarioelpopular.com\/wp-content\/uploads\/2024\/11\/Screen-Shot-2024-11-02-at-12.43.11-PM-636x427.png\" alt=\"\" width=\"636\" height=\"427\" srcset=\"https:\/\/diarioelpopular.com\/wp-content\/uploads\/2024\/11\/Screen-Shot-2024-11-02-at-12.43.11-PM-636x427.png 636w, https:\/\/diarioelpopular.com\/wp-content\/uploads\/2024\/11\/Screen-Shot-2024-11-02-at-12.43.11-PM-300x201.png 300w, https:\/\/diarioelpopular.com\/wp-content\/uploads\/2024\/11\/Screen-Shot-2024-11-02-at-12.43.11-PM-768x515.png 768w, https:\/\/diarioelpopular.com\/wp-content\/uploads\/2024\/11\/Screen-Shot-2024-11-02-at-12.43.11-PM-1200x805.png 1200w, https:\/\/diarioelpopular.com\/wp-content\/uploads\/2024\/11\/Screen-Shot-2024-11-02-at-12.43.11-PM-80x55.png 80w, https:\/\/diarioelpopular.com\/wp-content\/uploads\/2024\/11\/Screen-Shot-2024-11-02-at-12.43.11-PM-109x73.png 109w, https:\/\/diarioelpopular.com\/wp-content\/uploads\/2024\/11\/Screen-Shot-2024-11-02-at-12.43.11-PM.png 1024w\" sizes=\"auto, (max-width: 636px) 100vw, 636px\" \/><p id=\"caption-attachment-524284\" class=\"wp-caption-text\">Manifestantes a favor del aborto participan durante una marcha en Quer\u00e9taro, el 28 de septiembre de 2020 Jam Media (Getty Images)<\/p><\/div>\n<p>&nbsp;<\/p>\n<p>&nbsp;<\/p>\n<div class=\"a_e_txt _df\">\n<h4 class=\"a_st\"><em>&#8211; El esc\u00e1ndalo por la revictimizaci\u00f3n de una adolescente v\u00edctima de violaci\u00f3n evidencia los problemas de la fiscal\u00edas, el conservadurismo de la pol\u00edtica local y los prejuicios que prevalecen en la sociedad mexicana contra las mujeres<\/em><\/h4>\n<\/div>\n<div class=\"a_e_m\"><\/div>\n<div><\/div>\n<div>\n<p class=\"\">Le fall\u00f3 el Estado y le fall\u00f3 la sociedad. Le fallaron las autoridades y sus familiares. El caso de una ni\u00f1a de 14 a\u00f1os en Huimilpan, Quer\u00e9taro, ha indignado a una parte de la sociedad mexicana por ser el retrato de la desigualdad que enfrentan las mujeres m\u00e1s pobres en el pa\u00eds. Una desigualdad que se ceba con las ni\u00f1as, muchas de ellas v\u00edctimas de abuso sexual dentro de sus familias. De acuerdo a la denuncia presentada en la Fiscal\u00eda,\u00a0<a href=\"https:\/\/elpais.com\/mexico\/2024-10-30\/la-fiscalia-de-queretaro-desiste-de-la-acusacion-por-homicidio-contra-una-chica-de-14-anos-que-fue-violada-y-tuvo-un-aborto.html\" data-link-track-dtm=\"\" data-mrf-link=\"https:\/\/elpais.com\/mexico\/2024-10-30\/la-fiscalia-de-queretaro-desiste-de-la-acusacion-por-homicidio-contra-una-chica-de-14-anos-que-fue-violada-y-tuvo-un-aborto.html\">Esmeralda fue v\u00edctima de violaci\u00f3n a manos de un familiar tres a\u00f1os mayor que ella<\/a>. Ocho meses despu\u00e9s, sin saber que estaba embarazada, tuvo un aborto espont\u00e1neo, acudi\u00f3 al hospital y fue denunciada a las autoridades por el personal de Salud. Hasta esta semana, la menor permanec\u00eda detenida en su casa, la Fiscal\u00eda la acusaba de homicidio doloso y ped\u00eda tres a\u00f1os de c\u00e1rcel para ella con una compensaci\u00f3n econ\u00f3mica para su presunto violador por medio mill\u00f3n de pesos (casi 25.000 d\u00f3lares).<\/p>\n<p class=\"\">El caso se hizo medi\u00e1tico y lleg\u00f3 hasta los o\u00eddos de la presidente Claudia Sheinbaum, que encarg\u00f3 a Citlalli Hern\u00e1ndez, la secretaria de las Mujeres, mediar con las autoridades locales para resolver el asunto antes de que llegara a los tribunales. \u201cEl caso de Esmeralda refleja todas las violencias que atraviesan a las mujeres en M\u00e9xico\u201d, se\u00f1ala a este diario Hern\u00e1ndez. Los detalles que se iban conociendo pon\u00edan nuevamente a M\u00e9xico frente al espejo de su machismo y su misoginia: el Estado se dejaba ir contra una menor, pobre, de una comunidad ind\u00edgena, sin ning\u00fan acceso a la educaci\u00f3n sexual y que fue retratada en un inicio como la \u00fanica responsable. Pese a haber denunciado, pese a tener 14 a\u00f1os y pese a ser violada.<\/p>\n<p class=\"\">Despu\u00e9s de una mesa de negociaci\u00f3n con el Gobierno federal, la Fiscal\u00eda desisti\u00f3 de la acusaci\u00f3n contra Esmeralda y retir\u00f3 todos los cargos, sin embargo, durante un a\u00f1o las autoridades convirtieron en un aut\u00e9ntico infierno su vida. No estuvieron presentes para cuidarla antes, durante ni despu\u00e9s. Ni cuando fue abusada sexualmente, ni cuando denunci\u00f3, ni cuando acudi\u00f3 al hospital. Se estima que el\u00a0<a href=\"https:\/\/elpais.com\/mexico\/2021-11-03\/el-90-de-las-violaciones-contra-ninas-en-mexico-sucede-en-el-entorno-familiar.html\" data-link-track-dtm=\"\" data-mrf-link=\"https:\/\/elpais.com\/mexico\/2021-11-03\/el-90-de-las-violaciones-contra-ninas-en-mexico-sucede-en-el-entorno-familiar.html\">90% de los abusos sexuales contra ni\u00f1as en M\u00e9xico son cometidos por familiares<\/a>\u00a0o personas allegadas a la familia.<\/p>\n<p class=\"\">M\u00e9xico ocupa el\u00a0<a href=\"https:\/\/elpais.com\/mexico\/2022-08-31\/1000-embarazos-de-adolescentes-al-dia-mexico-se-estanca-en-uno-de-sus-grandes-retos-demograficos.html\" target=\"_blank\" rel=\"noopener\" data-link-track-dtm=\"\" data-mrf-link=\"https:\/\/elpais.com\/mexico\/2022-08-31\/1000-embarazos-de-adolescentes-al-dia-mexico-se-estanca-en-uno-de-sus-grandes-retos-demograficos.html\">primer lugar en embarazos adolescentes<\/a>\u00a0de entre todos los pa\u00edses de la Organizaci\u00f3n para la Cooperaci\u00f3n y el Desarrollo Econ\u00f3mico (OCDE) con 340.000 nacimientos anuales en menores de 19 a\u00f1os, es decir, casi 1.000 nacimientos diarios. \u201cEs muy importante que ni\u00f1as, ni\u00f1os y adolescentes tengan acceso a educaci\u00f3n sexual en las escuelas para que puedan evitarse situaciones como estas\u201d, se\u00f1ala la secretaria de las Mujeres. \u201cEsmeralda sufri\u00f3 violencia institucional desde el momento en que no tuvo acceso a una buena defensor\u00eda p\u00fablica y despu\u00e9s por parte de las autoridades que atendieron su caso desde los prejuicios\u201d, agrega la abogada de la ni\u00f1a, Mayra D\u00e1vila, quien retom\u00f3 el caso hace unos meses.<\/p>\n<p class=\"\">\u201cLas autoridades la revictimizaron y le demostraron que las v\u00edctimas en M\u00e9xico empiezan a ser juzgadas desde que son atendidas en el Ministerio P\u00fablico\u201d, agrega la abogada. El trato que recibi\u00f3 Esmeralda es el mismo al que se enfrentan miles de mujeres cuando acuden a las autoridades. Un trato que demuestra que el machismo va m\u00e1s all\u00e1 de una conducta y es parte de todo un sistema. Organizaciones y colectivos que defienden los derechos de las mujeres llevan d\u00e9cadas luchando contra la violencia institucional de la que son presa las pocas mujeres que se atreven a denunciar. Solo una de cada 10 mujeres en M\u00e9xico denuncia una agresi\u00f3n.<\/p>\n<p class=\"\">No es el primer caso en el que las fiscal\u00edas del pa\u00eds act\u00faan de esa manera. M\u00e1s, si se trata de una sociedad tan conservadora como es Quer\u00e9taro, donde el aborto sigue siendo visto como un tab\u00fa. En 2017,\u00a0<a href=\"https:\/\/elpais.com\/internacional\/2017\/12\/23\/mexico\/1513997699_858758.html\" target=\"_blank\" rel=\"noopener\" data-link-track-dtm=\"\" data-mrf-link=\"https:\/\/elpais.com\/internacional\/2017\/12\/23\/mexico\/1513997699_858758.html\">Dafne McPherson, de 26 a\u00f1os, fue condenada en el mismo Estado\u00a0<\/a><a href=\"https:\/\/elpais.com\/internacional\/2017\/12\/23\/mexico\/1513997699_858758.html\" target=\"_blank\" rel=\"noopener\" data-link-track-dtm=\"\" data-mrf-link=\"https:\/\/elpais.com\/internacional\/2017\/12\/23\/mexico\/1513997699_858758.html\">a 16 a\u00f1os de c\u00e1rcel<\/a>\u00a0por el fallecimiento de su hija en un parto fortuito. McPherson estuvo dos a\u00f1os en prisi\u00f3n preventiva en el penal de San Juan del R\u00edo. Gracias a una dura batalla en los tribunales, logr\u00f3 la libertad en 2019. \u201cHace falta que se investigue y se imparta justicia con perspectiva de g\u00e9nero\u201d, denunciaba a este diario Mar\u00eda de la Luz Estrada, directora del Observatorio Ciudadano Nacional del Feminicidio.<\/p>\n<p class=\"\">En M\u00e9xico m\u00e1s de cuatro millones de ni\u00f1as, ni\u00f1os y adolescentes no van a la escuela y unos 600.000 est\u00e1n en riesgo inminente de abandono escolar, seg\u00fan Unicef. Un dato que afecta m\u00e1s a las ni\u00f1as y adolescentes a medida que se van haciendo mayores, el momento en que la desigualdad de g\u00e9nero se ha hace m\u00e1s evidente. Muchas son madres muy pronto o son obligadas a casarse. En ese momento, la mayor\u00eda abandona sus estudios y no los vuelve a retomar nunca. Con los a\u00f1os, las mujeres tendr\u00e1n menos acceso al mercado laboral, ser\u00e1n peor remuneradas por su trabajo y quedar\u00e1n al margen de tener\u00a0<a href=\"https:\/\/elpais.com\/mexico\/2023-10-02\/mexico-entre-la-pobreza-y-una-interminable-crisis-de-salud.html\" target=\"_blank\" rel=\"noopener\" data-link-track-dtm=\"\" data-mrf-link=\"https:\/\/elpais.com\/mexico\/2023-10-02\/mexico-entre-la-pobreza-y-una-interminable-crisis-de-salud.html\">derecho a una pensi\u00f3n o a un sistema de salud de calidad<\/a>. En muchos casos se da una situaci\u00f3n de triple discriminaci\u00f3n: por ser mujeres, ind\u00edgenas y pobres. De los 46 millones de personas que viven en pobreza en el pa\u00eds, m\u00e1s de la mitad son mujeres. Unos 24 millones.<\/p>\n<p class=\"\">Las autoridades decidieron cerrar la investigaci\u00f3n de la violaci\u00f3n de Esmeralda por falta de pruebas, acusaron a la v\u00edctima de dar declaraciones contradictorias y dieron por cierto el testimonio del principal se\u00f1alado de que era inocente. Sin embargo, posteriores an\u00e1lisis de ADN dieron la raz\u00f3n a la ni\u00f1a que se\u00f1alaba a su primo como responsable de los hechos. Actualmente esa causa permanece cerrada. La intervenci\u00f3n del Gobierno en el caso ha sido determinante para que la adolescente pueda seguir a partir de ahora con su vida pero no la ha librado del linchamiento en redes y en algunos medios de comunicaci\u00f3n. \u201cQueremos poner a Esmeralda en el centro de este caso\u201d, dice su abogada.<\/p>\n<p class=\"\">Desde 2021 la\u00a0<a href=\"https:\/\/elpais.com\/mexico\/2021-09-07\/la-suprema-corte-de-mexico-despenaliza-el-aborto.html\" data-link-track-dtm=\"\" data-mrf-link=\"https:\/\/elpais.com\/mexico\/2021-09-07\/la-suprema-corte-de-mexico-despenaliza-el-aborto.html\">Suprema Corte de Justicia de la Naci\u00f3n (SCJN)<\/a>\u00a0determin\u00f3 que ninguna mujer puede ser criminalizada en M\u00e9xico por abortar, sin embargo, casi la mitad de los Estados todav\u00eda mantiene el\u00a0<a href=\"https:\/\/elpais.com\/mexico\/2024-10-11\/mapa-del-aborto-en-mexico-estados-que-han-despenalizado-la-interrupcion-voluntaria-del-embarazo.html\" data-link-track-dtm=\"\" data-mrf-link=\"https:\/\/elpais.com\/mexico\/2024-10-11\/mapa-del-aborto-en-mexico-estados-que-han-despenalizado-la-interrupcion-voluntaria-del-embarazo.html\">delito de aborto dentro de sus c\u00f3digos penales<\/a>. \u201cHacemos un exhorto a los legisladores para que puedan ser sensibles a las realidades de las mujeres y se legisle para despenalizar el aborto en Quer\u00e9taro\u201d, afirma la secretaria de las Mujeres. Gracias a que el caso se hizo p\u00fablico, la Fiscal\u00eda dio marcha atr\u00e1s por la presi\u00f3n medi\u00e1tica, ciudadana y pol\u00edtica. Aunque se desconoce cu\u00e1ntas mujeres y ni\u00f1as est\u00e1n en la misma situaci\u00f3n. La realidad es que todav\u00eda en M\u00e9xico siguen existiendo casos como el de Esmeralda.<\/p>\n<\/div>\n","protected":false},"excerpt":{"rendered":"<p>&nbsp; &nbsp; &#8211; El esc\u00e1ndalo por la revictimizaci\u00f3n de una adolescente v\u00edctima de violaci\u00f3n evidencia los problemas de la fiscal\u00edas, el conservadurismo de la pol\u00edtica&hellip;<\/p>\n","protected":false},"author":99,"featured_media":524284,"comment_status":"open","ping_status":"open","sticky":false,"template":"","format":"standard","meta":{"footnotes":""},"categories":[23],"tags":[],"class_list":["post-524283","post","type-post","status-publish","format-standard","has-post-thumbnail","hentry","category-latinoamerica"],"_links":{"self":[{"href":"https:\/\/diarioelpopular.com\/index.php\/wp-json\/wp\/v2\/posts\/524283","targetHints":{"allow":["GET"]}}],"collection":[{"href":"https:\/\/diarioelpopular.com\/index.php\/wp-json\/wp\/v2\/posts"}],"about":[{"href":"https:\/\/diarioelpopular.com\/index.php\/wp-json\/wp\/v2\/types\/post"}],"author":[{"embeddable":true,"href":"https:\/\/diarioelpopular.com\/index.php\/wp-json\/wp\/v2\/users\/99"}],"replies":[{"embeddable":true,"href":"https:\/\/diarioelpopular.com\/index.php\/wp-json\/wp\/v2\/comments?post=524283"}],"version-history":[{"count":1,"href":"https:\/\/diarioelpopular.com\/index.php\/wp-json\/wp\/v2\/posts\/524283\/revisions"}],"predecessor-version":[{"id":524285,"href":"https:\/\/diarioelpopular.com\/index.php\/wp-json\/wp\/v2\/posts\/524283\/revisions\/524285"}],"wp:featuredmedia":[{"embeddable":true,"href":"https:\/\/diarioelpopular.com\/index.php\/wp-json\/wp\/v2\/media\/524284"}],"wp:attachment":[{"href":"https:\/\/diarioelpopular.com\/index.php\/wp-json\/wp\/v2\/media?parent=524283"}],"wp:term":[{"taxonomy":"category","embeddable":true,"href":"https:\/\/diarioelpopular.com\/index.php\/wp-json\/wp\/v2\/categories?post=524283"},{"taxonomy":"post_tag","embeddable":true,"href":"https:\/\/diarioelpopular.com\/index.php\/wp-json\/wp\/v2\/tags?post=524283"}],"curies":[{"name":"wp","href":"https:\/\/api.w.org\/{rel}","templated":true}]}}