{"id":524287,"date":"2024-11-02T12:46:06","date_gmt":"2024-11-02T16:46:06","guid":{"rendered":"https:\/\/diarioelpopular.com\/?p=524287"},"modified":"2024-11-02T12:46:06","modified_gmt":"2024-11-02T16:46:06","slug":"si-a-los-pueblos-indigenas-nos-detienen-en-una-cumbre-de-la-onu-imaginese-lo-que-ocurre-en-nuestros-territorios","status":"publish","type":"post","link":"https:\/\/diarioelpopular.com\/index.php\/2024\/11\/02\/si-a-los-pueblos-indigenas-nos-detienen-en-una-cumbre-de-la-onu-imaginese-lo-que-ocurre-en-nuestros-territorios\/","title":{"rendered":"Si a los pueblos ind\u00edgenas nos detienen en una cumbre de la ONU, imag\u00ednese lo que ocurre en nuestros territorios"},"content":{"rendered":"<div id=\"attachment_524288\" style=\"width: 646px\" class=\"wp-caption alignnone\"><img loading=\"lazy\" decoding=\"async\" aria-describedby=\"caption-attachment-524288\" class=\"wp-image-524288 size-custom-full-size\" src=\"https:\/\/diarioelpopular.com\/wp-content\/uploads\/2024\/11\/Screen-Shot-2024-11-02-at-12.45.30-PM-636x451.png\" alt=\"\" width=\"636\" height=\"451\" srcset=\"https:\/\/diarioelpopular.com\/wp-content\/uploads\/2024\/11\/Screen-Shot-2024-11-02-at-12.45.30-PM-636x451.png 636w, https:\/\/diarioelpopular.com\/wp-content\/uploads\/2024\/11\/Screen-Shot-2024-11-02-at-12.45.30-PM-300x213.png 300w, https:\/\/diarioelpopular.com\/wp-content\/uploads\/2024\/11\/Screen-Shot-2024-11-02-at-12.45.30-PM-768x544.png 768w, https:\/\/diarioelpopular.com\/wp-content\/uploads\/2024\/11\/Screen-Shot-2024-11-02-at-12.45.30-PM-103x73.png 103w, https:\/\/diarioelpopular.com\/wp-content\/uploads\/2024\/11\/Screen-Shot-2024-11-02-at-12.45.30-PM.png 988w\" sizes=\"auto, (max-width: 636px) 100vw, 636px\" \/><p id=\"caption-attachment-524288\" class=\"wp-caption-text\">Txai Suru\u00ed (centro) protesta junto a un grupo de ind\u00edgenas brasile\u00f1os en la Zona Azul durante la COP16 de Cali el 1 de octubre 2024. Ernesto Guzm\u00e1n (EFE)<\/p><\/div>\n<p>&nbsp;<\/p>\n<p>&nbsp;<\/p>\n<h4 class=\"a_st\"><em>&#8211; Los l\u00edderes mundiales deben dejar de silenciarnos y de borrar nuestro liderazgo. Mientras ellos arrastran los pies, nuestras manos seguir\u00e1n trabajando por nuestro planeta<\/em><\/h4>\n<p>&nbsp;<\/p>\n<p class=\"\">Se supon\u00eda que la COP16 no iba a ser as\u00ed. Despu\u00e9s de a\u00f1os de golpear puertas cerradas, de gritar para que se nos escucharan, parec\u00eda que por fin se invitaba a los pueblos ind\u00edgenas a entrar. Se nos prometi\u00f3 una \u201cCOP para la gente\u201d, un espacio en el que los que llevamos generaciones protegiendo la naturaleza pudi\u00e9ramos compartir nuestros conocimientos. Pero en lugar de compartir las soluciones que llevamos milenios practicando, acab\u00e9 teniendo que pedir ayuda a gritos durante una violenta detenci\u00f3n dentro del recinto de la conferencia.<\/p>\n<p class=\"\">Esto sucedi\u00f3 porque mientras estoy en la\u00a0<a href=\"https:\/\/elpais.com\/america-futura\/2024-11-01\/cop16-la-ultima-oportunidad-para-evitar-que-la-amazonia-llegue-a-su-punto-de-no-retorno.html\" data-link-track-dtm=\"\" data-mrf-link=\"https:\/\/elpais.com\/america-futura\/2024-11-01\/cop16-la-ultima-oportunidad-para-evitar-que-la-amazonia-llegue-a-su-punto-de-no-retorno.html\">COP16<\/a>\u00a0luchando por los derechos territoriales de los pueblos ind\u00edgenas, algo esencial si queremos salvar la naturaleza, los pol\u00edticos de mi pa\u00eds natal, Brasil, vuelven a intentar aprobar una pol\u00e9mica ley -el\u00a0<i>Marco Temporal<\/i>&#8211; que nos despojar\u00eda de nuestros derechos territoriales, a pesar de la promesa del Presidente\u00a0<a href=\"https:\/\/elpais.com\/america\/2024-11-01\/brasil-considera-que-ningunear-a-lula-fue-el-error-mas-grave-de-maduro.html\" data-link-track-dtm=\"\" data-mrf-link=\"https:\/\/elpais.com\/america\/2024-11-01\/brasil-considera-que-ningunear-a-lula-fue-el-error-mas-grave-de-maduro.html\">Luis In\u00e1cio Lula da Silva<\/a>\u00a0de legalizar todos nuestros territorios.<\/p>\n<p class=\"\">As\u00ed que protestamos pac\u00edficamente contra la norma. Aunque intentamos seguir las reglas y solicitamos un permiso, la urgencia de que mi gente sea atacada y asesinada no concuerda con los tiempos burocr\u00e1ticos de la ONU. Mientras esperamos a que nos \u201cden permiso\u201d para alzar la voz,<a href=\"https:\/\/www.globalwitness.org\/en\/press-releases\/almost-2000-land-and-environmental-defenders-killed-between-2012-and-2022-protecting-planet\/\" target=\"_blank\" rel=\"noopener\" data-link-track-dtm=\"\" data-mrf-link=\"https:\/\/www.globalwitness.org\/en\/press-releases\/almost-2000-land-and-environmental-defenders-killed-between-2012-and-2022-protecting-planet\/\">\u00a0una persona es asesinada cada dos d\u00edas por intentar proteger nuestro planeta<\/a>.<\/p>\n<p class=\"\">Aunque al final todo sali\u00f3 bien, y recibimos disculpas por la violenta detenci\u00f3n, nuestros pueblos y nuestros territorios no est\u00e1n bien. S\u00f3lo el a\u00f1o pasado,\u00a0<a href=\"https:\/\/www.reuters.com\/world\/americas\/violence-against-brazils-indigenous-people-unabated-under-lula-report-says-2024-07-22\/\" target=\"_blank\" rel=\"noopener\" data-link-track-dtm=\"\" data-mrf-link=\"https:\/\/www.reuters.com\/world\/americas\/violence-against-brazils-indigenous-people-unabated-under-lula-report-says-2024-07-22\/\">208 de mis hermanos y hermanas ind\u00edgenas fueron asesinados a tiros en Brasil<\/a>. Y las agresiones a nuestros derechos, como el\u00a0<i>Marco Temporal<\/i>, no son \u00fanicas. El propio presidente Lula est\u00e1 intentando abrir m\u00e1s yacimientos petrol\u00edferos en la Amazonia y construir la BR-319, una carretera que atravesar\u00eda una de las zonas m\u00e1s intactas de la selva amaz\u00f3nica, afectando a varios territorios originarios.<\/p>\n<p class=\"\">Este tipo de ataques contra nosotros se producen en todo el mundo. Pero en lugar de ser atacados, necesitamos ser escuchados. Somos expertos en c\u00f3mo salvar la naturaleza. Basta con echar un vistazo a la ciencia. No es casualidad que las partes mejor conservadas de la Amazonia y los territorios Ind\u00edgenas se crucen;\u00a0<a href=\"https:\/\/openknowledge.fao.org\/items\/c177b1d6-d165-4ab9-bb2a-c7b1678e3f51\" target=\"_blank\" rel=\"noopener\" data-link-track-dtm=\"\" data-mrf-link=\"https:\/\/openknowledge.fao.org\/items\/c177b1d6-d165-4ab9-bb2a-c7b1678e3f51\">hemos conservado intactos casi el 45% de los bosques de la Amazonia<\/a>.<\/p>\n<p class=\"\">El problema es que, en estos momentos, muchos pueblos originarios a\u00fan no tienen t\u00edtulos legales sobre las tierras en las que hemos vivido y conservado durante siglos. Esto nos deja a nosotros y a nuestros territorios vulnerables a la deforestaci\u00f3n, al acaparamiento de tierras y a cosas mucho peores.<\/p>\n<p class=\"\">Abordar esta cuesti\u00f3n habr\u00eda sido un gran paso hacia la soluci\u00f3n de la crisis de biodiversidad, porque uno de los principales objetivos de esta COP era encontrar una v\u00eda real para conservar al menos el 30% del planeta para 2030, la ambici\u00f3n m\u00ednima para evitar un colapso ecol\u00f3gico. Y lo que muchos no saben es que esta v\u00eda ya est\u00e1 al alcance de todos, si los Gobiernos reconocieran formalmente nuestros territorios. Y no estamos solos, m\u00e1s de un mill\u00f3n de personas en todo el mundo tambi\u00e9n respaldan las soluciones que ofrecen nuestros territorios.<\/p>\n<p class=\"\">Estoy cansada de asistir a las diferentes cumbres sobre clima y biodiversidad que no ofrecen resultados. Nosotros, los pueblos ind\u00edgenas, tenemos las soluciones para nuestro planeta. Mientras los Gobiernos se sientan a hablar, nosotros somos los que nos ponemos manos a la obra para resolver una crisis que no hemos creado.<\/p>\n<p class=\"\">Por eso, esta COP ha sido tan decepcionante. Daba la sensaci\u00f3n de que est\u00e1bamos all\u00ed s\u00f3lo para la foto, no para ser escuchados. No ten\u00edamos acceso ni siquiera a los elementos b\u00e1sicos necesarios para participar de forma significativa. Est\u00e1bamos sentados en salas donde se estaban celebrando debates cruciales, pero no pod\u00edamos entenderlos, porque faltaban servicios de traducci\u00f3n. Y esta semana, durante un debate vital sobre los pueblos ind\u00edgenas y las comunidades locales, en una sesi\u00f3n en la que por fin dispon\u00edamos de traducciones, el servicio se cort\u00f3 abruptamente, obligando a todos a continuar s\u00f3lo en ingl\u00e9s.<\/p>\n<p class=\"\">As\u00ed que me voy de Cali con muchas lecciones sobre la lucha que debe continuar. El a\u00f1o que viene, la COP30 del Clima tendr\u00e1 lugar en mi casa: la selva amaz\u00f3nica de Brasil. Aunque el presidente Lula promete una cumbre ind\u00edgena, queda una gran pregunta por responder: \u00bfEst\u00e1n preparados Brasil y el sistema de la ONU para escuchar las voces de quienes ya est\u00e1n protegiendo el planeta? Si Brasil se toma en serio lo de ser un defensor del clima, como m\u00ednimo necesitamos una copresidencia Ind\u00edgena de la Conferencia para garantizar que no se repitan los errores cometidos para asegurar nuestra plena participaci\u00f3n.<\/p>\n<p class=\"\">La COP16 no ha aportado gran cosa ni a la gente ni al planeta, y la COP29 no podr\u00eda tener menos en juego al ser acogida por otro pa\u00eds petrolero. Espero ver acciones concretas para garantizar los derechos ind\u00edgenas en el camino hacia la COP30, para que podamos tener alguna esperanza de cambio. Y esta acci\u00f3n debe comenzar ahora con el presidente Lula dejando atr\u00e1s su contradicci\u00f3n. No puede ser un bar\u00f3n del petr\u00f3leo y un defensor del clima al mismo tiempo. Los l\u00edderes mundiales y el sistema de la ONU deben dejar de silenciarnos y de borrar nuestro liderazgo. Mientras ellos arrastran los pies, nuestras manos seguir\u00e1n trabajando por nuestro planeta, y nuestras voces ser\u00e1n cada vez m\u00e1s fuertes.<\/p>\n","protected":false},"excerpt":{"rendered":"<p>&nbsp; &nbsp; &#8211; Los l\u00edderes mundiales deben dejar de silenciarnos y de borrar nuestro liderazgo. Mientras ellos arrastran los pies, nuestras manos seguir\u00e1n trabajando por&hellip;<\/p>\n","protected":false},"author":99,"featured_media":524288,"comment_status":"open","ping_status":"open","sticky":false,"template":"","format":"standard","meta":{"footnotes":""},"categories":[23],"tags":[],"class_list":["post-524287","post","type-post","status-publish","format-standard","has-post-thumbnail","hentry","category-latinoamerica"],"_links":{"self":[{"href":"https:\/\/diarioelpopular.com\/index.php\/wp-json\/wp\/v2\/posts\/524287","targetHints":{"allow":["GET"]}}],"collection":[{"href":"https:\/\/diarioelpopular.com\/index.php\/wp-json\/wp\/v2\/posts"}],"about":[{"href":"https:\/\/diarioelpopular.com\/index.php\/wp-json\/wp\/v2\/types\/post"}],"author":[{"embeddable":true,"href":"https:\/\/diarioelpopular.com\/index.php\/wp-json\/wp\/v2\/users\/99"}],"replies":[{"embeddable":true,"href":"https:\/\/diarioelpopular.com\/index.php\/wp-json\/wp\/v2\/comments?post=524287"}],"version-history":[{"count":1,"href":"https:\/\/diarioelpopular.com\/index.php\/wp-json\/wp\/v2\/posts\/524287\/revisions"}],"predecessor-version":[{"id":524289,"href":"https:\/\/diarioelpopular.com\/index.php\/wp-json\/wp\/v2\/posts\/524287\/revisions\/524289"}],"wp:featuredmedia":[{"embeddable":true,"href":"https:\/\/diarioelpopular.com\/index.php\/wp-json\/wp\/v2\/media\/524288"}],"wp:attachment":[{"href":"https:\/\/diarioelpopular.com\/index.php\/wp-json\/wp\/v2\/media?parent=524287"}],"wp:term":[{"taxonomy":"category","embeddable":true,"href":"https:\/\/diarioelpopular.com\/index.php\/wp-json\/wp\/v2\/categories?post=524287"},{"taxonomy":"post_tag","embeddable":true,"href":"https:\/\/diarioelpopular.com\/index.php\/wp-json\/wp\/v2\/tags?post=524287"}],"curies":[{"name":"wp","href":"https:\/\/api.w.org\/{rel}","templated":true}]}}