{"id":524296,"date":"2024-11-02T12:58:57","date_gmt":"2024-11-02T16:58:57","guid":{"rendered":"https:\/\/diarioelpopular.com\/?p=524296"},"modified":"2024-11-02T12:58:57","modified_gmt":"2024-11-02T16:58:57","slug":"la-policia-arresta-a-dos-delincuentes-mas-en-relacion-con-el-tiroteo-de-brampton","status":"publish","type":"post","link":"https:\/\/diarioelpopular.com\/index.php\/2024\/11\/02\/la-policia-arresta-a-dos-delincuentes-mas-en-relacion-con-el-tiroteo-de-brampton\/","title":{"rendered":"La polic\u00eda arresta a dos delincuentes m\u00e1s en relaci\u00f3n con el tiroteo de Brampton"},"content":{"rendered":"<div id=\"attachment_524297\" style=\"width: 646px\" class=\"wp-caption alignnone\"><img loading=\"lazy\" decoding=\"async\" aria-describedby=\"caption-attachment-524297\" class=\"wp-image-524297 size-custom-full-size\" src=\"https:\/\/diarioelpopular.com\/wp-content\/uploads\/2024\/11\/Screen-Shot-2024-11-02-at-12.58.05-PM-636x352.png\" alt=\"\" width=\"636\" height=\"352\" srcset=\"https:\/\/diarioelpopular.com\/wp-content\/uploads\/2024\/11\/Screen-Shot-2024-11-02-at-12.58.05-PM-636x352.png 636w, https:\/\/diarioelpopular.com\/wp-content\/uploads\/2024\/11\/Screen-Shot-2024-11-02-at-12.58.05-PM-300x166.png 300w, https:\/\/diarioelpopular.com\/wp-content\/uploads\/2024\/11\/Screen-Shot-2024-11-02-at-12.58.05-PM-768x425.png 768w, https:\/\/diarioelpopular.com\/wp-content\/uploads\/2024\/11\/Screen-Shot-2024-11-02-at-12.58.05-PM-1200x665.png 1200w, https:\/\/diarioelpopular.com\/wp-content\/uploads\/2024\/11\/Screen-Shot-2024-11-02-at-12.58.05-PM-132x73.png 132w, https:\/\/diarioelpopular.com\/wp-content\/uploads\/2024\/11\/Screen-Shot-2024-11-02-at-12.58.05-PM.png 1024w\" sizes=\"auto, (max-width: 636px) 100vw, 636px\" \/><p id=\"caption-attachment-524297\" class=\"wp-caption-text\">Dos hombres han sido acusados \u200b\u200bde homicidio involuntario en relaci\u00f3n con un tiroteo en Brampton en agosto, dijo la polic\u00eda de Peel el s\u00e1bado. En septiembre, un hombre de 23 a\u00f1os fue acusado de asesinato en primer grado en relaci\u00f3n con el tiroteo. (Martin Trainor\/CBC)<\/p><\/div>\n<p>&nbsp;<\/p>\n<p>&nbsp;<\/p>\n<ul>\n<li><em><strong>Un individuo de 23 a\u00f1os de Brampton fue acusado de asesinato en primer grado en septiembre<\/strong><\/em><\/li>\n<\/ul>\n<p>&nbsp;<\/p>\n<p>La polic\u00eda de Peel arrest\u00f3 a dos hombres m\u00e1s en relaci\u00f3n con un tiroteo fatal en Brampton en agosto, lo que eleva el n\u00famero total de acusados \u200b\u200ba tres.<\/p>\n<p>La polic\u00eda respondi\u00f3 a un informe de un veh\u00edculo sospechoso estacionado en la entrada de una zona residencial en Millstone Drive en Brampton el 30 de agosto, dijeron en ese momento. Cuando llegaron, encontraron a un hombre muerto en un veh\u00edculo al que le hab\u00edan disparado.<\/p>\n<p>Poco antes de la medianoche del mismo d\u00eda, la polic\u00eda arrest\u00f3 y acus\u00f3 a un hombre de 23 a\u00f1os de Brampton de asesinato en primer grado, seg\u00fan un comunicado de prensa del 2 de septiembre.<\/p>\n<p>En un comunicado de prensa del s\u00e1bado, la polic\u00eda dijo que acus\u00f3 a un sujeto de 21 a\u00f1os de Brampton de homicidio involuntario en relaci\u00f3n con el tiroteo.<\/p>\n<p>Un hombre de 18 a\u00f1os de Brampton tambi\u00e9n ha sido acusado de homicidio involuntario. Era un menor de edad en el momento del incidente, dijo la polic\u00eda.<\/p>\n<p>Ambos hombres fueron detenidos para audiencias de fianza en el Tribunal de Justicia de Ontario en Brampton.<\/p>\n<p>La polic\u00eda no est\u00e1 revelando la identidad de la v\u00edctima a pedido de la familia, dijeron.<\/p>\n<p>Se solicita a cualquier persona que tenga informaci\u00f3n que se comunique con los investigadores o deje un aviso an\u00f3nimo en Crime Stoppers.<\/p>\n","protected":false},"excerpt":{"rendered":"<p>&nbsp; &nbsp; Un individuo de 23 a\u00f1os de Brampton fue acusado de asesinato en primer grado en septiembre &nbsp; La polic\u00eda de Peel arrest\u00f3 a&hellip;<\/p>\n","protected":false},"author":99,"featured_media":524297,"comment_status":"open","ping_status":"open","sticky":false,"template":"","format":"standard","meta":{"footnotes":""},"categories":[11364],"tags":[],"class_list":["post-524296","post","type-post","status-publish","format-standard","has-post-thumbnail","hentry","category-toronto-gta"],"_links":{"self":[{"href":"https:\/\/diarioelpopular.com\/index.php\/wp-json\/wp\/v2\/posts\/524296","targetHints":{"allow":["GET"]}}],"collection":[{"href":"https:\/\/diarioelpopular.com\/index.php\/wp-json\/wp\/v2\/posts"}],"about":[{"href":"https:\/\/diarioelpopular.com\/index.php\/wp-json\/wp\/v2\/types\/post"}],"author":[{"embeddable":true,"href":"https:\/\/diarioelpopular.com\/index.php\/wp-json\/wp\/v2\/users\/99"}],"replies":[{"embeddable":true,"href":"https:\/\/diarioelpopular.com\/index.php\/wp-json\/wp\/v2\/comments?post=524296"}],"version-history":[{"count":1,"href":"https:\/\/diarioelpopular.com\/index.php\/wp-json\/wp\/v2\/posts\/524296\/revisions"}],"predecessor-version":[{"id":524298,"href":"https:\/\/diarioelpopular.com\/index.php\/wp-json\/wp\/v2\/posts\/524296\/revisions\/524298"}],"wp:featuredmedia":[{"embeddable":true,"href":"https:\/\/diarioelpopular.com\/index.php\/wp-json\/wp\/v2\/media\/524297"}],"wp:attachment":[{"href":"https:\/\/diarioelpopular.com\/index.php\/wp-json\/wp\/v2\/media?parent=524296"}],"wp:term":[{"taxonomy":"category","embeddable":true,"href":"https:\/\/diarioelpopular.com\/index.php\/wp-json\/wp\/v2\/categories?post=524296"},{"taxonomy":"post_tag","embeddable":true,"href":"https:\/\/diarioelpopular.com\/index.php\/wp-json\/wp\/v2\/tags?post=524296"}],"curies":[{"name":"wp","href":"https:\/\/api.w.org\/{rel}","templated":true}]}}