{"id":524316,"date":"2024-11-02T18:19:26","date_gmt":"2024-11-02T22:19:26","guid":{"rendered":"https:\/\/diarioelpopular.com\/?p=524316"},"modified":"2024-11-02T18:19:26","modified_gmt":"2024-11-02T22:19:26","slug":"la-policia-de-peel-publica-la-foto-del-sospechoso-de-apunalamiento-en-brampton","status":"publish","type":"post","link":"https:\/\/diarioelpopular.com\/index.php\/2024\/11\/02\/la-policia-de-peel-publica-la-foto-del-sospechoso-de-apunalamiento-en-brampton\/","title":{"rendered":"La polic\u00eda de Peel publica la foto del sospechoso de apu\u00f1alamiento en Brampton"},"content":{"rendered":"<div id=\"attachment_524318\" style=\"width: 646px\" class=\"wp-caption alignnone\"><img loading=\"lazy\" decoding=\"async\" aria-describedby=\"caption-attachment-524318\" class=\"wp-image-524318 size-custom-full-size\" src=\"https:\/\/diarioelpopular.com\/wp-content\/uploads\/2024\/11\/Screen-Shot-2024-11-02-at-6.18.00-PM-636x362.png\" alt=\"\" width=\"636\" height=\"362\" srcset=\"https:\/\/diarioelpopular.com\/wp-content\/uploads\/2024\/11\/Screen-Shot-2024-11-02-at-6.18.00-PM-636x362.png 636w, https:\/\/diarioelpopular.com\/wp-content\/uploads\/2024\/11\/Screen-Shot-2024-11-02-at-6.18.00-PM-300x171.png 300w, https:\/\/diarioelpopular.com\/wp-content\/uploads\/2024\/11\/Screen-Shot-2024-11-02-at-6.18.00-PM-768x437.png 768w, https:\/\/diarioelpopular.com\/wp-content\/uploads\/2024\/11\/Screen-Shot-2024-11-02-at-6.18.00-PM-128x73.png 128w, https:\/\/diarioelpopular.com\/wp-content\/uploads\/2024\/11\/Screen-Shot-2024-11-02-at-6.18.00-PM.png 858w\" sizes=\"auto, (max-width: 636px) 100vw, 636px\" \/><p id=\"caption-attachment-524318\" class=\"wp-caption-text\">La polic\u00eda anda tras la pista de este malandr\u00edn y lo describe como un hombre de raza negra y complexi\u00f3n media.<\/p><\/div>\n<p>&nbsp;<\/p>\n<p>&nbsp;<\/p>\n<ul>\n<li><strong><em>La polic\u00eda regional de Peel ha publicado la foto de un delincuente que se cree que es el sospechoso de un apu\u00f1alamiento que ocurri\u00f3 en Brampton el 26 de octubre.<\/em><\/strong><\/li>\n<\/ul>\n<p>&nbsp;<\/p>\n<p>&nbsp;<\/p>\n<p>Los oficiales dijeron que el sospechoso se acerc\u00f3 a un hombre de 32 a\u00f1os y se involucr\u00f3 en una discusi\u00f3n verbal cerca de Main Street y Steeles Avenue aproximadamente a las 4:00 p.m.<\/p>\n<p>Seg\u00fan la polic\u00eda, la discusi\u00f3n se intensific\u00f3 hasta convertirse en una confrontaci\u00f3n violenta que termin\u00f3 con la v\u00edctima siendo apu\u00f1alada varias veces. M\u00e1s tarde fue trasladado a un hospital donde permanece en condici\u00f3n delicada.<\/p>\n<p>El sospechoso es descrito como un hombre de raza negra y complexi\u00f3n media. Fue visto por \u00faltima vez con un gorro negro, una chaqueta negra y gris, una sudadera con capucha negra, pantalones oscuros, botas beige y una mochila oscura.<\/p>\n<p>Los investigadores piden a cualquier persona que tenga informaci\u00f3n a que se comunique con la polic\u00eda.<\/p>\n<p>&nbsp;<\/p>\n","protected":false},"excerpt":{"rendered":"<p>&nbsp; &nbsp; La polic\u00eda regional de Peel ha publicado la foto de un delincuente que se cree que es el sospechoso de un apu\u00f1alamiento que&hellip;<\/p>\n","protected":false},"author":99,"featured_media":524318,"comment_status":"open","ping_status":"open","sticky":false,"template":"","format":"standard","meta":{"footnotes":""},"categories":[11364],"tags":[],"class_list":["post-524316","post","type-post","status-publish","format-standard","has-post-thumbnail","hentry","category-toronto-gta"],"_links":{"self":[{"href":"https:\/\/diarioelpopular.com\/index.php\/wp-json\/wp\/v2\/posts\/524316","targetHints":{"allow":["GET"]}}],"collection":[{"href":"https:\/\/diarioelpopular.com\/index.php\/wp-json\/wp\/v2\/posts"}],"about":[{"href":"https:\/\/diarioelpopular.com\/index.php\/wp-json\/wp\/v2\/types\/post"}],"author":[{"embeddable":true,"href":"https:\/\/diarioelpopular.com\/index.php\/wp-json\/wp\/v2\/users\/99"}],"replies":[{"embeddable":true,"href":"https:\/\/diarioelpopular.com\/index.php\/wp-json\/wp\/v2\/comments?post=524316"}],"version-history":[{"count":1,"href":"https:\/\/diarioelpopular.com\/index.php\/wp-json\/wp\/v2\/posts\/524316\/revisions"}],"predecessor-version":[{"id":524319,"href":"https:\/\/diarioelpopular.com\/index.php\/wp-json\/wp\/v2\/posts\/524316\/revisions\/524319"}],"wp:featuredmedia":[{"embeddable":true,"href":"https:\/\/diarioelpopular.com\/index.php\/wp-json\/wp\/v2\/media\/524318"}],"wp:attachment":[{"href":"https:\/\/diarioelpopular.com\/index.php\/wp-json\/wp\/v2\/media?parent=524316"}],"wp:term":[{"taxonomy":"category","embeddable":true,"href":"https:\/\/diarioelpopular.com\/index.php\/wp-json\/wp\/v2\/categories?post=524316"},{"taxonomy":"post_tag","embeddable":true,"href":"https:\/\/diarioelpopular.com\/index.php\/wp-json\/wp\/v2\/tags?post=524316"}],"curies":[{"name":"wp","href":"https:\/\/api.w.org\/{rel}","templated":true}]}}