{"id":524380,"date":"2024-11-04T09:18:26","date_gmt":"2024-11-04T13:18:26","guid":{"rendered":"https:\/\/diarioelpopular.com\/?p=524380"},"modified":"2024-11-04T09:18:26","modified_gmt":"2024-11-04T13:18:26","slug":"poilievre-pide-a-premiers-que-eliminen-los-impuestos-a-las-ventas-de-las-viviendas-nuevas-cuyo-valor-sea-inferior-a-un-millon-de-dolares","status":"publish","type":"post","link":"https:\/\/diarioelpopular.com\/index.php\/2024\/11\/04\/poilievre-pide-a-premiers-que-eliminen-los-impuestos-a-las-ventas-de-las-viviendas-nuevas-cuyo-valor-sea-inferior-a-un-millon-de-dolares\/","title":{"rendered":"Poilievre pide a premiers que eliminen los impuestos a las ventas de las viviendas nuevas cuyo valor sea inferior a un mill\u00f3n de d\u00f3lares"},"content":{"rendered":"<p><img loading=\"lazy\" decoding=\"async\" class=\"alignnone size-custom-full-size wp-image-524381\" src=\"https:\/\/diarioelpopular.com\/wp-content\/uploads\/2024\/11\/Screen-Shot-2024-11-04-at-8.18.01-AM-636x474.png\" alt=\"\" width=\"636\" height=\"474\" srcset=\"https:\/\/diarioelpopular.com\/wp-content\/uploads\/2024\/11\/Screen-Shot-2024-11-04-at-8.18.01-AM-636x474.png 636w, https:\/\/diarioelpopular.com\/wp-content\/uploads\/2024\/11\/Screen-Shot-2024-11-04-at-8.18.01-AM-300x223.png 300w, https:\/\/diarioelpopular.com\/wp-content\/uploads\/2024\/11\/Screen-Shot-2024-11-04-at-8.18.01-AM-768x572.png 768w, https:\/\/diarioelpopular.com\/wp-content\/uploads\/2024\/11\/Screen-Shot-2024-11-04-at-8.18.01-AM-98x73.png 98w, https:\/\/diarioelpopular.com\/wp-content\/uploads\/2024\/11\/Screen-Shot-2024-11-04-at-8.18.01-AM.png 854w\" sizes=\"auto, (max-width: 636px) 100vw, 636px\" \/><\/p>\n<p>&nbsp;<\/p>\n<p>&nbsp;<\/p>\n<ul>\n<li><em><strong>El l\u00edder conservador Pierre Poilievre ha escrito a los premiers de las provincias para pedirles que eliminen los impuestos a las ventas de las viviendas nuevas cuyo valor sea inferior a un mill\u00f3n de d\u00f3lares.<\/strong><\/em><\/li>\n<\/ul>\n<p>&nbsp;<\/p>\n<p>La carta sigue la promesa que hizo el propio Poilievre la semana pasada de que, si se convierte en primer ministro, eliminar\u00e1 el impuesto federal a las ventas de las viviendas nuevas que se vendan por menos de un mill\u00f3n de d\u00f3lares.<\/p>\n<p>Los conservadores estimaron que esa medida reducir\u00eda el coste de una vivienda de 800.000 d\u00f3lares en 40.000 d\u00f3lares y estimular\u00eda la construcci\u00f3n de otras 30.000 viviendas al a\u00f1o.<\/p>\n<p>Poilievre dijo la semana pasada que pagar\u00eda el recorte de impuestos federales eliminando las pol\u00edticas liberales de vivienda y, en su carta a los premiers, dijo que los impuestos provinciales a las ventas tambi\u00e9n aumentan significativamente el coste de las viviendas.<\/p>\n<p>Les dijo que entiende que todas las provincias son diferentes, pero que al igualar su propio recorte de impuestos prometido a las viviendas nuevas, ahorrar\u00e1n a sus residentes decenas de miles de d\u00f3lares.<\/p>\n<p>Poilievre ha atacado implacablemente al gobierno liberal por el estado de la asequibilidad de la vivienda, culpando al Primer Ministro Justin Trudeau por el r\u00e1pido aumento de los precios de la vivienda y los alquileres desde 2015.<\/p>\n","protected":false},"excerpt":{"rendered":"<p>&nbsp; &nbsp; El l\u00edder conservador Pierre Poilievre ha escrito a los premiers de las provincias para pedirles que eliminen los impuestos a las ventas de&hellip;<\/p>\n","protected":false},"author":99,"featured_media":524381,"comment_status":"open","ping_status":"open","sticky":false,"template":"","format":"standard","meta":{"footnotes":""},"categories":[21,11191],"tags":[],"class_list":["post-524380","post","type-post","status-publish","format-standard","has-post-thumbnail","hentry","category-canada","category-top-news"],"_links":{"self":[{"href":"https:\/\/diarioelpopular.com\/index.php\/wp-json\/wp\/v2\/posts\/524380","targetHints":{"allow":["GET"]}}],"collection":[{"href":"https:\/\/diarioelpopular.com\/index.php\/wp-json\/wp\/v2\/posts"}],"about":[{"href":"https:\/\/diarioelpopular.com\/index.php\/wp-json\/wp\/v2\/types\/post"}],"author":[{"embeddable":true,"href":"https:\/\/diarioelpopular.com\/index.php\/wp-json\/wp\/v2\/users\/99"}],"replies":[{"embeddable":true,"href":"https:\/\/diarioelpopular.com\/index.php\/wp-json\/wp\/v2\/comments?post=524380"}],"version-history":[{"count":1,"href":"https:\/\/diarioelpopular.com\/index.php\/wp-json\/wp\/v2\/posts\/524380\/revisions"}],"predecessor-version":[{"id":524382,"href":"https:\/\/diarioelpopular.com\/index.php\/wp-json\/wp\/v2\/posts\/524380\/revisions\/524382"}],"wp:featuredmedia":[{"embeddable":true,"href":"https:\/\/diarioelpopular.com\/index.php\/wp-json\/wp\/v2\/media\/524381"}],"wp:attachment":[{"href":"https:\/\/diarioelpopular.com\/index.php\/wp-json\/wp\/v2\/media?parent=524380"}],"wp:term":[{"taxonomy":"category","embeddable":true,"href":"https:\/\/diarioelpopular.com\/index.php\/wp-json\/wp\/v2\/categories?post=524380"},{"taxonomy":"post_tag","embeddable":true,"href":"https:\/\/diarioelpopular.com\/index.php\/wp-json\/wp\/v2\/tags?post=524380"}],"curies":[{"name":"wp","href":"https:\/\/api.w.org\/{rel}","templated":true}]}}