{"id":524390,"date":"2024-11-04T09:59:52","date_gmt":"2024-11-04T13:59:52","guid":{"rendered":"https:\/\/diarioelpopular.com\/?p=524390"},"modified":"2024-11-04T09:59:52","modified_gmt":"2024-11-04T13:59:52","slug":"como-seria-ee-uu-sin-inmigrantes-los-cuales-trump-desprecia","status":"publish","type":"post","link":"https:\/\/diarioelpopular.com\/index.php\/2024\/11\/04\/como-seria-ee-uu-sin-inmigrantes-los-cuales-trump-desprecia\/","title":{"rendered":"C\u00f3mo ser\u00eda EE.UU. sin inmigrantes, los cuales Trump desprecia"},"content":{"rendered":"<div id=\"attachment_524392\" style=\"width: 646px\" class=\"wp-caption alignnone\"><img loading=\"lazy\" decoding=\"async\" aria-describedby=\"caption-attachment-524392\" class=\"wp-image-524392 size-custom-full-size\" src=\"https:\/\/diarioelpopular.com\/wp-content\/uploads\/2024\/11\/Screen-Shot-2024-11-04-at-8.58.54-AM-636x355.png\" alt=\"\" width=\"636\" height=\"355\" srcset=\"https:\/\/diarioelpopular.com\/wp-content\/uploads\/2024\/11\/Screen-Shot-2024-11-04-at-8.58.54-AM-636x355.png 636w, https:\/\/diarioelpopular.com\/wp-content\/uploads\/2024\/11\/Screen-Shot-2024-11-04-at-8.58.54-AM-300x167.png 300w, https:\/\/diarioelpopular.com\/wp-content\/uploads\/2024\/11\/Screen-Shot-2024-11-04-at-8.58.54-AM-768x428.png 768w, https:\/\/diarioelpopular.com\/wp-content\/uploads\/2024\/11\/Screen-Shot-2024-11-04-at-8.58.54-AM-131x73.png 131w, https:\/\/diarioelpopular.com\/wp-content\/uploads\/2024\/11\/Screen-Shot-2024-11-04-at-8.58.54-AM.png 1024w\" sizes=\"auto, (max-width: 636px) 100vw, 636px\" \/><p id=\"caption-attachment-524392\" class=\"wp-caption-text\">G\u00fastele o no a Trump, los inmigrantes representan el 19% de la fuerza laboral de EE.UU.<\/p><\/div>\n<p>&nbsp;<\/p>\n<div class=\"bbc-19j92fr ebmt73l0\" dir=\"ltr\">\n<ul>\n<li class=\"bbc-hhl7in e17g058b0\" dir=\"ltr\"><em><b>La inmigraci\u00f3n es uno de los principales temas de las elecciones presidenciales en Estados Unidos.<\/b><\/em><\/li>\n<\/ul>\n<\/div>\n<div class=\"bbc-19j92fr ebmt73l0\" dir=\"ltr\">\n<p dir=\"ltr\">\n<p dir=\"ltr\">\n<p class=\"bbc-hhl7in e17g058b0\" dir=\"ltr\">Tanto el candidato republicano como la dem\u00f3crata hablan de la necesidad de endurecer los controles sobre quienes entran en el pa\u00eds, en especial, en la frontera con M\u00e9xico.<\/p>\n<\/div>\n<div class=\"bbc-19j92fr ebmt73l0\" dir=\"ltr\">\n<p class=\"bbc-hhl7in e17g058b0\" dir=\"ltr\">Despectivamente, Donald Trump\u00a0ha advertido repetidamente de una &#8220;invasi\u00f3n&#8221; de inmigrantes y ha prometido llevar a cabo deportaciones masivas de indocumentados y aquellos que considere peligrosos.<\/p>\n<\/div>\n<div class=\"bbc-19j92fr ebmt73l0\" dir=\"ltr\">\n<p class=\"bbc-hhl7in e17g058b0\" dir=\"ltr\">Su rival dem\u00f3crata,\u00a0Kamala Harris,\u00a0ha acusado al expresidente de &#8220;avivar las llamas del miedo y la divisi\u00f3n&#8221; en torno a la inmigraci\u00f3n, pero reiter\u00f3, no obstante, su apoyo al proyecto de ley de seguridad fronteriza, que incluir\u00eda cientos de millones de d\u00f3lares para reforzar la seguridad en la frontera sur del pa\u00eds.<\/p>\n<\/div>\n<div class=\"bbc-19j92fr ebmt73l0\" dir=\"ltr\">\n<p class=\"bbc-hhl7in e17g058b0\" dir=\"ltr\">Pero, \u00bfqu\u00e9 papel juega la inmigraci\u00f3n en Estados Unidos, la naci\u00f3n con la mayor poblaci\u00f3n nacida en el exterior, y qu\u00e9 pasar\u00eda si no hubiera inmigrantes?<\/p>\n<\/div>\n<div class=\"bbc-19j92fr ebmt73l0\" dir=\"ltr\">\n<h2 id=\"Poblaci\u00f3n\" class=\"bbc-1f03ibc eglt09e0\" tabindex=\"-1\">Poblaci\u00f3n<\/h2>\n<\/div>\n<div class=\"bbc-19j92fr ebmt73l0\" dir=\"ltr\">\n<p class=\"bbc-hhl7in e17g058b0\" dir=\"ltr\">Sin inmigrantes, la poblaci\u00f3n de EE.UU. y por ende la econom\u00eda, disminuir\u00edan de manera significativa.<\/p>\n<\/div>\n<div class=\"bbc-19j92fr ebmt73l0\" dir=\"ltr\">\n<p class=\"bbc-hhl7in e17g058b0\" dir=\"ltr\">La poblaci\u00f3n nacida en el exterior alcanz\u00f3 la cifra r\u00e9cord de\u00a047,8 millones en 2023, lo que supone el\u00a014,3% de la poblaci\u00f3n\u00a0estadounidense.<\/p>\n<\/div>\n<div class=\"bbc-19j92fr ebmt73l0\" dir=\"ltr\">\n<p class=\"bbc-hhl7in e17g058b0\" dir=\"ltr\">M\u00e9xico es por mucho el principal pa\u00eds de origen con 10,6 millones de personas, seguido de India, con 2,8 millones, y China, con 2,5 millones.<\/p>\n<\/div>\n<div class=\"bbc-19j92fr ebmt73l0\" dir=\"ltr\">\n<p class=\"bbc-hhl7in e17g058b0\" dir=\"ltr\">Sin embargo, aunque el n\u00famero de inmigrantes ha alcanzado una cifra r\u00e9cord, el crecimiento global de la poblaci\u00f3n estadounidense se est\u00e1 ralentizando debido al\u00a0descenso de la tasa de natalidad.<\/p>\n<p dir=\"ltr\">\n<\/div>\n<p><iframe loading=\"lazy\" id=\"flourish-id-8e38f9b0\" class=\"bbc-axsk9o\" title=\"Interactive or visual content\" src=\"https:\/\/flo.uri.sh\/visualisation\/20093543\/embed?auto=1\" width=\"700\" height=\"575\" frameborder=\"0\" scrolling=\"no\" data-mce-fragment=\"1\"><\/iframe><\/p>\n<div class=\"bbc-19j92fr ebmt73l0\" dir=\"ltr\">\n<p dir=\"ltr\">\n<p class=\"bbc-hhl7in e17g058b0\" dir=\"ltr\">Entre 2010 y 2020, el pa\u00eds experiment\u00f3 el crecimiento demogr\u00e1fico m\u00e1s lento de cualquier d\u00e9cada desde los a\u00f1os 30, cuando la tasa de natalidad se desplom\u00f3 a un m\u00ednimo hist\u00f3rico durante la Gran Depresi\u00f3n.<\/p>\n<\/div>\n<div class=\"bbc-19j92fr ebmt73l0\" dir=\"ltr\">\n<p class=\"bbc-hhl7in e17g058b0\" dir=\"ltr\">Esto significa que este pa\u00eds, como muchos otros, se enfrenta a los retos del\u00a0envejecimiento de la poblaci\u00f3n, con un aumento de los costes sanitarios y menos personas en edad de trabajar.<\/p>\n<\/div>\n<div class=\"bbc-19j92fr ebmt73l0\" dir=\"ltr\">\n<p class=\"bbc-hhl7in e17g058b0\" dir=\"ltr\">Seg\u00fan las previsiones de la Oficina Presupuestaria del Congreso, en 2040 se alcanzar\u00e1 un punto de inflexi\u00f3n en el que las\u00a0muertes superar\u00e1n a los nacimientos.<\/p>\n<\/div>\n<div class=\"bbc-19j92fr ebmt73l0\" dir=\"ltr\">\n<p class=\"bbc-hhl7in e17g058b0\" dir=\"ltr\">Por ello, algunos economistas y grupos proinmigraci\u00f3n sostienen que debe permitirse que aumente la inmigraci\u00f3n para satisfacer las necesidades de la econom\u00eda, sobre todo en las zonas rurales.<\/p>\n<\/div>\n<div class=\"bbc-19j92fr ebmt73l0\" dir=\"ltr\">\n<h2 id=\"Impacto-econ\u00f3mico\" class=\"bbc-1f03ibc eglt09e0\" tabindex=\"-1\">Impacto econ\u00f3mico<\/h2>\n<\/div>\n<div class=\"bbc-19j92fr ebmt73l0\" dir=\"ltr\">\n<p class=\"bbc-hhl7in e17g058b0\" dir=\"ltr\">Sin los inmigrantes, la econom\u00eda de Estados Unidos sufrir\u00eda, dice Tarek Hassan, profesor asociado de Econom\u00eda en la Universidad de Boston.<\/p>\n<\/div>\n<div class=\"bbc-19j92fr ebmt73l0\" dir=\"ltr\">\n<p class=\"bbc-hhl7in e17g058b0\" dir=\"ltr\">&#8220;Si ech\u00e1ramos a los inmigrantes por completo, estar\u00edamos hablando de una\u00a0reducci\u00f3n del PIB per c\u00e1pita de entre el 5% y el 10%, lo que significar\u00eda que la riqueza per c\u00e1pita disminuir\u00eda y el PIB total ser\u00eda mucho menor debido a que habr\u00eda menos gente&#8221;, dice Hassan.<\/p>\n<\/div>\n<div class=\"bbc-19j92fr ebmt73l0\" dir=\"ltr\">\n<p class=\"bbc-hhl7in e17g058b0\" dir=\"ltr\">Agrega que, de acuerdo a su investigaci\u00f3n, la inmigraci\u00f3n &#8220;aumenta la innovaci\u00f3n, lo que impulsa la productividad en general, que no se limita a un solo sector:\u00a0mejora la capacidad innovadora general de la econom\u00eda estadounidense&#8221;.<\/p>\n<\/div>\n<div class=\"bbc-19j92fr ebmt73l0\" dir=\"ltr\">\n<p class=\"bbc-hhl7in e17g058b0\" dir=\"ltr\">Los inmigrantes tambi\u00e9n tienen m\u00e1s probabilidades de estar en edad laboral. Si bien representan alrededor del 14% de la poblaci\u00f3n estadounidense, son casi el\u00a019% de la fuerza laboral\u00a0de este pa\u00eds, unos 31 millones de trabajadores, y tienen tasas de participaci\u00f3n en la fuerza laboral m\u00e1s altas que los ciudadanos nativos, seg\u00fan la Oficina de Estad\u00edsticas Laborales.<\/p>\n<\/div>\n<div class=\"bbc-19j92fr ebmt73l0\" dir=\"ltr\">\n<p class=\"bbc-hhl7in e17g058b0\" dir=\"ltr\">Seg\u00fan las previsiones de la Oficina de Presupuesto del Congreso, se espera que alrededor del 91% de los inmigrantes de 16 a\u00f1os o m\u00e1s que lleguen a Estados Unidos entre 2022 y 2034 tengan menos de 55 a\u00f1os, en comparaci\u00f3n con apenas el 62% de la poblaci\u00f3n adulta general.<\/p>\n<p dir=\"ltr\">\n<\/div>\n<figure class=\"bbc-1qn0xuy\">\n<div class=\"bbc-18ywsw9\">\n<div style=\"width: 1034px\" class=\"wp-caption alignnone\"><img loading=\"lazy\" decoding=\"async\" class=\"bbc-139onq\" src=\"https:\/\/ichef.bbci.co.uk\/ace\/ws\/640\/cpsprodpb\/188c\/live\/1a516e60-9873-11ef-9a64-e3368355d750.jpg.webp\" alt=\"Trabajadores inmigrantes en Carolina del Norte, Estados Unidos. \" width=\"1024\" height=\"576\" \/><p class=\"wp-caption-text\">Fuente de la imagen,Getty Images.\u00a0\u00a0El 70% de los trabajadores agr\u00edcolas de EE.UU. son inmigrantes, muchos de ellos indocumentados.<\/p><\/div>\n<\/div>\n<\/figure>\n<div class=\"bbc-19j92fr ebmt73l0\" dir=\"ltr\">\n<p dir=\"ltr\">\n<p dir=\"ltr\">\n<p class=\"bbc-hhl7in e17g058b0\" dir=\"ltr\">Algunos sectores de la econom\u00eda, como la agricultura, dependen especialmente de la mano de obra inmigrante.<\/p>\n<\/div>\n<div class=\"bbc-19j92fr ebmt73l0\" dir=\"ltr\">\n<p class=\"bbc-hhl7in e17g058b0\" dir=\"ltr\">Seg\u00fan la Encuesta Nacional de Trabajadores Agr\u00edcolas del Departamento de Trabajo de Estados Unidos,\u00a0el 70% de los trabajadores agr\u00edcolas son inmigrantes, muchos de ellos son indocumentados.<\/p>\n<\/div>\n<div class=\"bbc-19j92fr ebmt73l0\" dir=\"ltr\">\n<p class=\"bbc-hhl7in e17g058b0\" dir=\"ltr\">Perderlos &#8220;dejar\u00eda a muchos propietarios de granjas peleando por encontrar mano de obra suficiente para cultivar, cosechar frutas y verduras y prepararlas para los consumidores locales durante las temporadas altas&#8221;, dice Nan Wu, director de investigaci\u00f3n del Consejo Estadounidense de Inmigraci\u00f3n (AIC), un grupo de defensa de la inmigraci\u00f3n.<\/p>\n<\/div>\n<div class=\"bbc-19j92fr ebmt73l0\" dir=\"ltr\">\n<p class=\"bbc-hhl7in e17g058b0\" dir=\"ltr\">Un argumento que suelen esgrimir los cr\u00edticos de la inmigraci\u00f3n es que la afluencia de\u00a0trabajadores extranjeros dispuestos a trabajar por un salario menor\u00a0deprime los salarios de la poblaci\u00f3n nativa.<\/p>\n<\/div>\n<div class=\"bbc-19j92fr ebmt73l0\" dir=\"ltr\">\n<p class=\"bbc-hhl7in e17g058b0\" dir=\"ltr\">Pero una revisi\u00f3n realizada en 2014 por la Universidad de California de 27 estudios sobre el impacto econ\u00f3mico de la inmigraci\u00f3n concluy\u00f3 que el efecto promedio de la inmigraci\u00f3n sobre los salarios de los nativos era esencialmente cero.<\/p>\n<\/div>\n<div class=\"bbc-19j92fr ebmt73l0\" dir=\"ltr\">\n<p class=\"bbc-hhl7in e17g058b0\" dir=\"ltr\">Un estudio m\u00e1s reciente de la Universidad del Este de Illinois concluy\u00f3 que el crecimiento del n\u00famero de inmigrantes podr\u00eda incluso tener un impacto\u00a0&#8220;positivo pero estad\u00edsticamente insignificante&#8221;\u00a0en el crecimiento de los salarios.<\/p>\n<\/div>\n<div class=\"bbc-19j92fr ebmt73l0\" dir=\"ltr\">\n<h2 id=\"Impuestos\" class=\"bbc-1f03ibc eglt09e0\" tabindex=\"-1\">Impuestos<\/h2>\n<\/div>\n<div class=\"bbc-19j92fr ebmt73l0\" dir=\"ltr\">\n<p class=\"bbc-hhl7in e17g058b0\" dir=\"ltr\">Pero, \u00bfqu\u00e9 pasa con el impacto en los ingresos fiscales?<\/p>\n<\/div>\n<div class=\"bbc-19j92fr ebmt73l0\" dir=\"ltr\">\n<p class=\"bbc-hhl7in e17g058b0\" dir=\"ltr\">Los\u00a0hogares de inmigrantes aportaron casi una sexta parte\u00a0de todos los d\u00f3lares de impuestos, casi US$580.000 millones en 2022, seg\u00fan un an\u00e1lisis del AIC.<\/p>\n<\/div>\n<div class=\"bbc-19j92fr ebmt73l0\" dir=\"ltr\">\n<p class=\"bbc-hhl7in e17g058b0\" dir=\"ltr\">No son solo los inmigrantes que han llegado legalmente los que contribuyen con los impuestos, dice Wu, del Consejo Estadounidense de Inmigraci\u00f3n.<\/p>\n<\/div>\n<div class=\"bbc-19j92fr ebmt73l0\" dir=\"ltr\">\n<p class=\"bbc-hhl7in e17g058b0\" dir=\"ltr\">Los\u00a0inmigrantes indocumentados\u00a0representan alrededor del 23% de la poblaci\u00f3n inmigrante total, es decir, unos 11 millones de personas, de las cuales alrededor de cuatro millones son de M\u00e9xico, seg\u00fan un an\u00e1lisis del grupo de expertos Pew Research Center.<\/p>\n<p dir=\"ltr\">\n<\/div>\n<p><iframe loading=\"lazy\" id=\"flourish-id-c41e3491\" class=\"bbc-axsk9o\" title=\"Interactive or visual content\" src=\"https:\/\/flo.uri.sh\/visualisation\/20093574\/embed?auto=1\" width=\"700\" height=\"575\" frameborder=\"0\" scrolling=\"no\" data-mce-fragment=\"1\"><\/iframe><\/p>\n<div class=\"bbc-19j92fr ebmt73l0\" dir=\"ltr\">\n<p dir=\"ltr\">\n<p class=\"bbc-hhl7in e17g058b0\" dir=\"ltr\">Sin embargo, Daniel Costa, director de investigaci\u00f3n de leyes y pol\u00edticas de inmigraci\u00f3n en el Instituto de Pol\u00edtica Econ\u00f3mica, dice que si bien el impacto econ\u00f3mico de la inmigraci\u00f3n puede ser positivo a nivel nacional, el resultado puede ser negativo en algunos estados, sobre todo a corto plazo.<\/p>\n<\/div>\n<div class=\"bbc-19j92fr ebmt73l0\" dir=\"ltr\">\n<p class=\"bbc-hhl7in e17g058b0\" dir=\"ltr\">En un estudio reciente, su equipo de trabajo puso como ejemplo una gran afluencia de inmigrantes que ganan salarios bajos pero que son elegibles para recibir beneficios, lo que inclina el\u00a0&#8220;balance fiscal a corto plazo hacia un impacto negativo&#8221;.<\/p>\n<\/div>\n<div class=\"bbc-19j92fr ebmt73l0\" dir=\"ltr\">\n<p class=\"bbc-hhl7in e17g058b0\" dir=\"ltr\">Por esa raz\u00f3n, Costa y su equipo abogan por una mayor redistribuci\u00f3n de fondos federales al nivel estatal, dando a las \u00e1reas con mayores niveles de inmigraci\u00f3n m\u00e1s dinero para responder a cualquier desaf\u00edo que pueda surgir de esto.<\/p>\n<\/div>\n<div class=\"bbc-19j92fr ebmt73l0\" dir=\"ltr\">\n<p class=\"bbc-hhl7in e17g058b0\" dir=\"ltr\">El profesor Giovanni Peri, un destacado experto en inmigraci\u00f3n y economista de la Universidad de California, se\u00f1ala que la presi\u00f3n sobre las comunidades por parte de los inmigrantes puede ser similar a lo que sucede cuando la poblaci\u00f3n de personas nacidas en los EE.UU. crece.<\/p>\n<\/div>\n<div class=\"bbc-19j92fr ebmt73l0\" dir=\"ltr\">\n<p class=\"bbc-hhl7in e17g058b0\" dir=\"ltr\">Peri afirma que &#8220;tambi\u00e9n generar\u00e1 presi\u00f3n sobre los servicios y la vivienda si la construcci\u00f3n de casas no se ajusta&#8221;.<\/p>\n<\/div>\n<div class=\"bbc-19j92fr ebmt73l0\" dir=\"ltr\">\n<h2 id=\"Innovaci\u00f3n-y-emprendimiento\" class=\"bbc-1f03ibc eglt09e0\" tabindex=\"-1\">Innovaci\u00f3n y emprendimiento<\/h2>\n<\/div>\n<div class=\"bbc-19j92fr ebmt73l0\" dir=\"ltr\">\n<p class=\"bbc-hhl7in e17g058b0\" dir=\"ltr\">Una proporci\u00f3n significativa de inmigrantes o de sus hijos se han convertido en\u00a0empresarios destacados.<\/p>\n<\/div>\n<div class=\"bbc-19j92fr ebmt73l0\" dir=\"ltr\">\n<p class=\"bbc-hhl7in e17g058b0\" dir=\"ltr\">Alrededor del 45% de las empresas de\u00a0<i class=\"bbc-h1y5j7 eih42320\">Fortune 500<\/i>\u00a0\u2013una lista anual de las 500 empresas estadounidenses m\u00e1s grandes por ingresos\u2013 fueron fundadas por inmigrantes o sus hijos y los inmigrantes fueron responsables del\u00a055% de las empresas emergentes\u00a0de EE.UU. valoradas en US$1.000 millones o m\u00e1s.<\/p>\n<\/div>\n<div class=\"bbc-19j92fr ebmt73l0\" dir=\"ltr\">\n<p class=\"bbc-hhl7in e17g058b0\" dir=\"ltr\">Los inmigrantes tambi\u00e9n han desempe\u00f1ado un papel clave en los avances tecnol\u00f3gicos globales, y muchos llegaron inicialmente a los EE.UU. como\u00a0estudiantes internacionales.<\/p>\n<\/div>\n<div class=\"bbc-19j92fr ebmt73l0\" dir=\"ltr\">\n<p class=\"bbc-hhl7in e17g058b0\" dir=\"ltr\">En el a\u00f1o acad\u00e9mico 2022-2023, m\u00e1s de un mill\u00f3n de estudiantes internacionales aportaron US$40.000 millones a la econom\u00eda estadounidense y respaldaron m\u00e1s de 368.000 puestos de trabajo a trav\u00e9s de la matr\u00edcula y los gastos de manutenci\u00f3n, seg\u00fan la Asociaci\u00f3n de Educadores Internacionales.<\/p>\n<p dir=\"ltr\">\n<\/div>\n<figure class=\"bbc-1qn0xuy\">\n<div class=\"bbc-18ywsw9\"><img loading=\"lazy\" decoding=\"async\" class=\"bbc-139onq\" src=\"https:\/\/ichef.bbci.co.uk\/ace\/ws\/640\/cpsprodpb\/b7ec\/live\/856e4450-9870-11ef-82c3-45a801b7330b.png.webp\" sizes=\"auto, (min-width: 1008px) 760px, 100vw\" srcset=\"https:\/\/ichef.bbci.co.uk\/ace\/ws\/240\/cpsprodpb\/b7ec\/live\/856e4450-9870-11ef-82c3-45a801b7330b.png.webp 240w, https:\/\/ichef.bbci.co.uk\/ace\/ws\/320\/cpsprodpb\/b7ec\/live\/856e4450-9870-11ef-82c3-45a801b7330b.png.webp 320w, https:\/\/ichef.bbci.co.uk\/ace\/ws\/480\/cpsprodpb\/b7ec\/live\/856e4450-9870-11ef-82c3-45a801b7330b.png.webp 480w, https:\/\/ichef.bbci.co.uk\/ace\/ws\/624\/cpsprodpb\/b7ec\/live\/856e4450-9870-11ef-82c3-45a801b7330b.png.webp 624w, https:\/\/ichef.bbci.co.uk\/ace\/ws\/800\/cpsprodpb\/b7ec\/live\/856e4450-9870-11ef-82c3-45a801b7330b.png.webp 800w\" alt=\"Cuadro que muestra la proporci\u00f3n de inmigrantes en EE.UU. desde 1910.\" width=\"1280\" height=\"1316\" \/><\/div>\n<\/figure>\n<div class=\"bbc-19j92fr ebmt73l0\" dir=\"ltr\">\n<h2 tabindex=\"-1\"><\/h2>\n<h2 id=\"Opini\u00f3n-p\u00fablica\" class=\"bbc-1f03ibc eglt09e0\" tabindex=\"-1\">Opini\u00f3n p\u00fablica<\/h2>\n<\/div>\n<div class=\"bbc-19j92fr ebmt73l0\" dir=\"ltr\">\n<p class=\"bbc-hhl7in e17g058b0\" dir=\"ltr\">A pesar del papel que desempe\u00f1an los inmigrantes en la econom\u00eda estadounidense, una encuesta reciente de Gallup revel\u00f3 que el\u00a055% de los estadounidenses desea que se reduzca la inmigraci\u00f3n.<\/p>\n<\/div>\n<div class=\"bbc-19j92fr ebmt73l0\" dir=\"ltr\">\n<p class=\"bbc-hhl7in e17g058b0\" dir=\"ltr\">Existe un amplio consenso pol\u00edtico en cuanto a que se deben reforzar los controles sobre la inmigraci\u00f3n, en particular, en lo que respecta a los cruces ilegales en la frontera mexicana.<\/p>\n<\/div>\n<div class=\"bbc-19j92fr ebmt73l0\" dir=\"ltr\">\n<p class=\"bbc-hhl7in e17g058b0\" dir=\"ltr\">Peri afirma que algunos pol\u00edticos y la prensa describen la inmigraci\u00f3n como equivalente al\u00a0&#8220;caos en la frontera&#8221;, por las historias de ingreso ilegal al pa\u00eds, en lugar de enfocarse en el impacto m\u00e1s amplio de la inmigraci\u00f3n.<\/p>\n<\/div>\n<div class=\"bbc-19j92fr ebmt73l0\" dir=\"ltr\">\n<p class=\"bbc-hhl7in e17g058b0\" dir=\"ltr\">&#8220;La gente suele escuchar de la inmigraci\u00f3n como una\u00a0&#8216;inundaci\u00f3n&#8217; procedente de la frontera sur, por lo que piensa que es excesiva y da\u00f1ina&#8221;, dice Peri, en lugar de analizar el papel de los inmigrantes en la econom\u00eda y la compensaci\u00f3n del declive demogr\u00e1fico.<\/p>\n<\/div>\n<div class=\"bbc-19j92fr ebmt73l0\" dir=\"ltr\">\n<p class=\"bbc-hhl7in e17g058b0\" dir=\"ltr\">Pero seg\u00fan Tarek Hassan, de la Universidad de Boston, &#8220;durante las dos \u00faltimas d\u00e9cadas, la inmigraci\u00f3n ha sido especialmente alta, lo que puede poner a prueba la capacidad social para integrar a los reci\u00e9n llegados.<\/p>\n<\/div>\n<div class=\"bbc-19j92fr ebmt73l0\" dir=\"ltr\">\n<p class=\"bbc-hhl7in e17g058b0\" dir=\"ltr\">&#8220;Y aunque la inmigraci\u00f3n tiene un impacto positivo en las esferas econ\u00f3mica, social y cultural, puede haber\u00a0facetas con las que la gente no se sienta c\u00f3moda&#8221;.<\/p>\n<\/div>\n","protected":false},"excerpt":{"rendered":"<p>&nbsp; La inmigraci\u00f3n es uno de los principales temas de las elecciones presidenciales en Estados Unidos. Tanto el candidato republicano como la dem\u00f3crata hablan de&hellip;<\/p>\n","protected":false},"author":99,"featured_media":524392,"comment_status":"open","ping_status":"open","sticky":false,"template":"","format":"standard","meta":{"footnotes":""},"categories":[24],"tags":[],"class_list":["post-524390","post","type-post","status-publish","format-standard","has-post-thumbnail","hentry","category-mundo"],"_links":{"self":[{"href":"https:\/\/diarioelpopular.com\/index.php\/wp-json\/wp\/v2\/posts\/524390","targetHints":{"allow":["GET"]}}],"collection":[{"href":"https:\/\/diarioelpopular.com\/index.php\/wp-json\/wp\/v2\/posts"}],"about":[{"href":"https:\/\/diarioelpopular.com\/index.php\/wp-json\/wp\/v2\/types\/post"}],"author":[{"embeddable":true,"href":"https:\/\/diarioelpopular.com\/index.php\/wp-json\/wp\/v2\/users\/99"}],"replies":[{"embeddable":true,"href":"https:\/\/diarioelpopular.com\/index.php\/wp-json\/wp\/v2\/comments?post=524390"}],"version-history":[{"count":1,"href":"https:\/\/diarioelpopular.com\/index.php\/wp-json\/wp\/v2\/posts\/524390\/revisions"}],"predecessor-version":[{"id":524393,"href":"https:\/\/diarioelpopular.com\/index.php\/wp-json\/wp\/v2\/posts\/524390\/revisions\/524393"}],"wp:featuredmedia":[{"embeddable":true,"href":"https:\/\/diarioelpopular.com\/index.php\/wp-json\/wp\/v2\/media\/524392"}],"wp:attachment":[{"href":"https:\/\/diarioelpopular.com\/index.php\/wp-json\/wp\/v2\/media?parent=524390"}],"wp:term":[{"taxonomy":"category","embeddable":true,"href":"https:\/\/diarioelpopular.com\/index.php\/wp-json\/wp\/v2\/categories?post=524390"},{"taxonomy":"post_tag","embeddable":true,"href":"https:\/\/diarioelpopular.com\/index.php\/wp-json\/wp\/v2\/tags?post=524390"}],"curies":[{"name":"wp","href":"https:\/\/api.w.org\/{rel}","templated":true}]}}