{"id":524403,"date":"2024-11-04T10:16:13","date_gmt":"2024-11-04T14:16:13","guid":{"rendered":"https:\/\/diarioelpopular.com\/?p=524403"},"modified":"2024-11-04T10:16:13","modified_gmt":"2024-11-04T14:16:13","slug":"la-crisis-de-la-oposicion-en-argentina-despeja-el-avance-de-javier-milei","status":"publish","type":"post","link":"https:\/\/diarioelpopular.com\/index.php\/2024\/11\/04\/la-crisis-de-la-oposicion-en-argentina-despeja-el-avance-de-javier-milei\/","title":{"rendered":"La crisis de la oposici\u00f3n en Argentina despeja el avance de Javier Milei"},"content":{"rendered":"<div id=\"attachment_524404\" style=\"width: 1210px\" class=\"wp-caption alignnone\"><img loading=\"lazy\" decoding=\"async\" aria-describedby=\"caption-attachment-524404\" class=\"wp-image-524404 size-custom-big-size\" src=\"https:\/\/diarioelpopular.com\/wp-content\/uploads\/2024\/11\/Screen-Shot-2024-11-04-at-9.15.15-AM-1200x801.png\" alt=\"\" width=\"1200\" height=\"801\" srcset=\"https:\/\/diarioelpopular.com\/wp-content\/uploads\/2024\/11\/Screen-Shot-2024-11-04-at-9.15.15-AM-1200x801.png 1200w, https:\/\/diarioelpopular.com\/wp-content\/uploads\/2024\/11\/Screen-Shot-2024-11-04-at-9.15.15-AM-300x200.png 300w, https:\/\/diarioelpopular.com\/wp-content\/uploads\/2024\/11\/Screen-Shot-2024-11-04-at-9.15.15-AM-768x513.png 768w, https:\/\/diarioelpopular.com\/wp-content\/uploads\/2024\/11\/Screen-Shot-2024-11-04-at-9.15.15-AM-636x425.png 636w, https:\/\/diarioelpopular.com\/wp-content\/uploads\/2024\/11\/Screen-Shot-2024-11-04-at-9.15.15-AM-109x73.png 109w, https:\/\/diarioelpopular.com\/wp-content\/uploads\/2024\/11\/Screen-Shot-2024-11-04-at-9.15.15-AM.png 1024w\" sizes=\"auto, (max-width: 1200px) 100vw, 1200px\" \/><p id=\"caption-attachment-524404\" class=\"wp-caption-text\">Javier Milei, presidente de Argentina, durante un mitin del partido pol\u00edtico La Libertad Avanza en Buenos Aires, el 28 de septiembre de 2024. Natacha Pisarenko (AP)<\/p><\/div>\n<p>&nbsp;<\/p>\n<h4 class=\"a_st\"><em>&#8211; La disputa por el poder dentro del peronismo, la fractura de la centenaria Uni\u00f3n C\u00edvica Radical y el alineamiento del PRO de Mauricio Macri le permiten al Gobierno ultra aplicar su programa de ajuste fiscal y desguace del Estado<\/em><\/h4>\n<p>&nbsp;<\/p>\n<p>&nbsp;<\/p>\n<p class=\"\">Javier Milei puede mirar a sus posibles adversarios en la escena pol\u00edtica y, por ahora, sonre\u00edr. Despu\u00e9s de la debacle del corrupto Gobierno de Alberto Fern\u00e1ndez,\u00a0<a href=\"https:\/\/elpais.com\/argentina\/2024-10-25\/ricardo-quintela-el-peronista-que-desafia-a-cristina-kirchner.html\" data-link-track-dtm=\"\" data-mrf-link=\"https:\/\/elpais.com\/argentina\/2024-10-25\/ricardo-quintela-el-peronista-que-desafia-a-cristina-kirchner.html\">el peronismo sufre una disputa interna por el liderazgo\u00a0<\/a>que debilita a quien aparec\u00eda como\u00a0<a href=\"https:\/\/elpais.com\/argentina\/2024-09-14\/axel-kicillof-gobernador-de-buenos-aires-milei-ni-ajusto-a-la-casta-ni-la-casta-esta-fuera-del-gobierno.html\" data-link-track-dtm=\"\" data-mrf-link=\"https:\/\/elpais.com\/argentina\/2024-09-14\/axel-kicillof-gobernador-de-buenos-aires-milei-ni-ajusto-a-la-casta-ni-la-casta-esta-fuera-del-gobierno.html\">su candidato mejor posicionado.<\/a><\/p>\n<p class=\"\">El radicalismo, el hist\u00f3rico partido socialdem\u00f3crata que encabez\u00f3 la restauraci\u00f3n democr\u00e1tica hace 41 a\u00f1os, se quebr\u00f3 entre quienes apoyan y quienes rechazan al presidente ultraderechista. Y el PRO, la agrupaci\u00f3n conservadora del expresidente Mauricio Macri, oscila entre incorporarse al Gobierno \u2014y diluirse en el caudal oficialista\u2014 o mantener cierta autonom\u00eda \u2014y perder apoyo de su electorado\u2014. En ese territorio incierto para los partidos ya asentados en la pol\u00edtica de Argentina, Milei encuentra un horizonte despejado para avanzar con\u00a0<a href=\"https:\/\/elpais.com\/argentina\/2024-10-13\/milei-una-motosierra-que-desguaza-el-estado.html\" data-link-track-dtm=\"\" data-mrf-link=\"https:\/\/elpais.com\/argentina\/2024-10-13\/milei-una-motosierra-que-desguaza-el-estado.html\">su proyecto de ajuste fiscal y desguace del Estado<\/a>.<\/p>\n<p class=\"\">Pero, \u00bfcu\u00e1l es la causa y cu\u00e1l la consecuencia? \u201cLas fuerzas pol\u00edticas est\u00e1n en crisis por Milei, lo central que est\u00e1 pasando en la pol\u00edtica argentina es Milei: est\u00e1 arrasando con la identidad de las principales fuerzas pol\u00edticas\u201d, observa el polit\u00f3logo Julio Burdman. En cambio, para Juan Negri, director de la carrera de Ciencia Pol\u00edtica de la Universidad Di Tella (UTDT), el presidente ultra, que irrumpi\u00f3 como \u201cun candidato\u00a0<i>outsider<\/i>\u00a0o forastero\u201d, postulado desde un partido que todav\u00eda est\u00e1 en construcci\u00f3n, \u201ces el resultado del fracaso de la pol\u00edtica, de un deterioro que lleva muchos a\u00f1os y al que la pol\u00edtica no pudo darle soluciones. Claro que eso despu\u00e9s refuerza el proceso de crisis de los partidos\u201d.<\/p>\n<p class=\"\">M\u00e1s all\u00e1 de la discusi\u00f3n sobre el origen, el diagn\u00f3stico final es parecido: sin equipos previos, sin experiencia de gesti\u00f3n, sin gobernadores propios ni mayor\u00eda parlamentaria, el Gobierno de Milei se acerca a su primer aniversario sin grandes rivales pol\u00edticos a la vista. Tom\u00f3 sus principales medidas mediante\u00a0<a href=\"https:\/\/elpais.com\/argentina\/2023-12-21\/milei-firma-un-decreto-que-elimina-regulaciones-estatales-y-habilita-la-privatizacion-de-empresas-publicas.html\" data-link-track-dtm=\"\" data-mrf-link=\"https:\/\/elpais.com\/argentina\/2023-12-21\/milei-firma-un-decreto-que-elimina-regulaciones-estatales-y-habilita-la-privatizacion-de-empresas-publicas.html\">decretos<\/a>\u00a0y en el Congreso consigui\u00f3\u00a0<a href=\"https:\/\/elpais.com\/argentina\/2024-06-28\/la-camara-de-diputados-argentina-ratifica-la-ley-de-desguace-del-estado-impulsada-por-milei.html\" data-link-track-dtm=\"\" data-mrf-link=\"https:\/\/elpais.com\/argentina\/2024-06-28\/la-camara-de-diputados-argentina-ratifica-la-ley-de-desguace-del-estado-impulsada-por-milei.html\">aprobar proyectos clave<\/a>. Cuando la oposici\u00f3n vot\u00f3 leyes que revert\u00edan sus medidas de recorte sobre las pensiones y las universidades p\u00fablicas, obtuvo respaldo parlamentario suficiente para sostener sus vetos. All\u00ed, en el apoyo que le dieron al Ejecutivo, quedaron expuestas las diferencias dentro del peronismo y del radicalismo.<\/p>\n<p class=\"\">\u201cL\u00f3gicamente, una oposici\u00f3n fragmentada en el Congreso le es favorable al Gobierno. A Milei le conviene que la oposici\u00f3n no sea representativa ni est\u00e9 articulada con el conflicto social predominante\u201d, se\u00f1ala Marina Acosta, doctora en ciencias sociales e integrante de la consultora Analog\u00edas. \u201cEl programa de Milei es hoy el eje ordenador de la pol\u00edtica argentina. Como est\u00e1 cambiando la estructura econ\u00f3mica, hay actores que se han empoderado, otros que se han debilitado y tambi\u00e9n han aparecido nuevos actores. Eso ha tenido tambi\u00e9n consecuencias en el sistema pol\u00edtico\u201d.<\/p>\n<h3 class=\"\">La disputa y el fantasma<\/h3>\n<p>&nbsp;<\/p>\n<figure class=\"a_m a_m-h \">\n<p><div style=\"width: 424px\" class=\"wp-caption alignnone\"><img loading=\"lazy\" decoding=\"async\" class=\"_re lazyload a_m-h\" src=\"https:\/\/imagenes.elpais.com\/resizer\/v2\/YSDUG3A6KVBZXGQ7CDK2CJGXIQ.jpg?auth=804d32979e42accddb5af7370a864e45c3b80a979a802f4a6025a3b95032d9d9&amp;width=414\" sizes=\"auto, (min-width:1199px) 1155px,(min-width:1001px) calc(100vw - 44px),(min-width:768px) 767px, 100vw\" srcset=\"https:\/\/imagenes.elpais.com\/resizer\/v2\/YSDUG3A6KVBZXGQ7CDK2CJGXIQ.jpg?auth=804d32979e42accddb5af7370a864e45c3b80a979a802f4a6025a3b95032d9d9&amp;width=414 414w,https:\/\/imagenes.elpais.com\/resizer\/v2\/YSDUG3A6KVBZXGQ7CDK2CJGXIQ.jpg?auth=804d32979e42accddb5af7370a864e45c3b80a979a802f4a6025a3b95032d9d9&amp;width=828 640w,https:\/\/imagenes.elpais.com\/resizer\/v2\/YSDUG3A6KVBZXGQ7CDK2CJGXIQ.jpg?auth=804d32979e42accddb5af7370a864e45c3b80a979a802f4a6025a3b95032d9d9&amp;width=980 1000w,https:\/\/imagenes.elpais.com\/resizer\/v2\/YSDUG3A6KVBZXGQ7CDK2CJGXIQ.jpg?auth=804d32979e42accddb5af7370a864e45c3b80a979a802f4a6025a3b95032d9d9&amp;width=1960 1960w\" alt=\"Simpatizantes de Sergio Massa, excandidato a la presidencia de Argentina sostienen una pancarta de N\u00e9stor Kirchner y Cristina Fern\u00e1ndez en Buenos Aires, Argentina, en octubre de 2023. \" width=\"414\" height=\"276\" \/><p class=\"wp-caption-text\">Simpatizantes de Sergio Massa, excandidato a la presidencia de Argentina sostienen una pancarta de N\u00e9stor Kirchner y Cristina Fern\u00e1ndez en Buenos Aires, Argentina, en octubre de 2023.Mario De Fina (AP)<\/p><\/div><figcaption class=\"a_m_p\"><\/figcaption><\/figure>\n<p>&nbsp;<\/p>\n<p>&nbsp;<\/p>\n<p class=\"\">En el peronismo, la figura central sigue siendo la exmandataria, corrupta y convicta,\u00a0<a href=\"https:\/\/elpais.com\/argentina\/2024-08-05\/el-inesperado-protagonismo-de-cristina-kirchner-en-venezuela.html\" data-link-track-dtm=\"\" data-mrf-link=\"https:\/\/elpais.com\/argentina\/2024-08-05\/el-inesperado-protagonismo-de-cristina-kirchner-en-venezuela.html\">Cristina Kirchner<\/a>\u00a0(2007-2015), quien busca presidir el Partido Justicialista (PJ), hoy ac\u00e9falo. Las elecciones partidarias est\u00e1n convocadas para el 17 de noviembre, pero ella ya tiene el camino allanado. Se hab\u00eda postulado para enfrentarla el gobernador de la provincia de La Rioja, Ricardo Quintela, pero su lista fue impugnada por la junta del PJ y este viernes un fallo judicial rechaz\u00f3 su recurso de queja. Lo que pudo haber sido una apacible definici\u00f3n se volvi\u00f3 una tensa puja interna por<a href=\"https:\/\/elpais.com\/america\/2024-08-14\/lula-recibe-en-brasilia-al-principal-rival-peronista-del-presidente-milei.html\" data-link-track-dtm=\"\" data-mrf-link=\"https:\/\/elpais.com\/america\/2024-08-14\/lula-recibe-en-brasilia-al-principal-rival-peronista-del-presidente-milei.html\">\u00a0los duros reclamos del kirchnerismo al gobernador de Buenos Aires, Axel Kicillof,<\/a>\u00a0a quien acusan de no haberse alineado con la expresidenta y de haberse mostrado neutral en el pulso con Quintela. La despiadada lucha por el poder en el PJ amenaza con debilitar la imagen de Kicillof, hasta ahora el dirigente peronista mejor ubicado en la carrera contra Milei.<\/p>\n<p class=\"\">Pese a que algunos gobernadores y legisladores del PJ han mostrado un acercamiento al Gobierno ultra \u2014como los de Tucum\u00e1n, Salta o C\u00f3rdoba\u2014, Acosta enfatiza que \u201cel peronismo no registra una crisis de identidad. Las bases peronistas son absolutamente opositoras. Lo que vemos en el peronismo es una crisis de liderazgos, como ha tenido otras veces en su historia\u201d. Negri destaca que, por un lado, la existencia de Milei \u201cle da a un peronismo muy dividido una raz\u00f3n de ser y de buscar la manera de mantenerse unido\u201d. Por otro lado, sostiene, \u201cla percepci\u00f3n social es que, luego de un gobierno desastroso, los peronistas se enfrascan en una disputa interna que es muy dif\u00edcil entender desde afuera\u201d. \u00bfKirchner aspira a ser ella la candidata que enfrente a Milei? \u00bfO pretende ser quien dirija la estrategia electoral, como en 2019? \u201cLa experiencia de Alberto Fern\u00e1ndez [2019-2023] mostr\u00f3 que no puede haber un presidente subordinado\u201d, opina Negri. \u201cEl fantasma de que Cristina est\u00e9 atr\u00e1s del trono es una se\u00f1al muy negativa. El peronismo no puede volver a jugar esa carta\u201d.<\/p>\n<h3 class=\"\">Los partidos partidos<\/h3>\n<p class=\"\">Hasta el a\u00f1o pasado, la Uni\u00f3n C\u00edvica Radical (UCR) conform\u00f3 junto al PRO y otras fuerzas la alianza Juntos por el Cambio (JxC), la que acompa\u00f1\u00f3 a Macri en la Casa Rosada (2015-2019). Las posturas ante Milei disolvieron esa coalici\u00f3n. Parte del PRO se integr\u00f3 al Gobierno, mientras Macri y el partido mantuvieron un apoyo desde afuera. La UCR inicialmente se posicion\u00f3 m\u00e1s lejos del presidente ultra, pero diversos sectores se fueron acercando con el correr del a\u00f1o. Hasta que hace dos semanas se fractur\u00f3 el bloque radical en la C\u00e1mara de Diputados, despu\u00e9s de que un grupo de legisladores sostuviera el veto presidencial contra las leyes de movilidad jubilatoria y de financiamiento universitario, desobedeciendo las definiciones del partido.<\/p>\n<p>&nbsp;<\/p>\n<figure class=\"a_m a_m-h \">\n<p><div style=\"width: 424px\" class=\"wp-caption alignnone\"><img loading=\"lazy\" decoding=\"async\" class=\"_re lazyload a_m-h\" src=\"https:\/\/imagenes.elpais.com\/resizer\/v2\/6BEXWKUZQSSQQGH6OGU52QWJR4.jpg?auth=85d4e4f8e426b16b28c32150ec4937e6e3ec1ae38ecbe185e794fd8bc4037c76&amp;width=414\" sizes=\"auto, (min-width:1199px) 1155px,(min-width:1001px) calc(100vw - 44px),(min-width:768px) 767px, 100vw\" srcset=\"https:\/\/imagenes.elpais.com\/resizer\/v2\/6BEXWKUZQSSQQGH6OGU52QWJR4.jpg?auth=85d4e4f8e426b16b28c32150ec4937e6e3ec1ae38ecbe185e794fd8bc4037c76&amp;width=414 414w,https:\/\/imagenes.elpais.com\/resizer\/v2\/6BEXWKUZQSSQQGH6OGU52QWJR4.jpg?auth=85d4e4f8e426b16b28c32150ec4937e6e3ec1ae38ecbe185e794fd8bc4037c76&amp;width=828 640w,https:\/\/imagenes.elpais.com\/resizer\/v2\/6BEXWKUZQSSQQGH6OGU52QWJR4.jpg?auth=85d4e4f8e426b16b28c32150ec4937e6e3ec1ae38ecbe185e794fd8bc4037c76&amp;width=980 1000w,https:\/\/imagenes.elpais.com\/resizer\/v2\/6BEXWKUZQSSQQGH6OGU52QWJR4.jpg?auth=85d4e4f8e426b16b28c32150ec4937e6e3ec1ae38ecbe185e794fd8bc4037c76&amp;width=1960 1960w\" alt=\"El presidente Mauricio Macri habla ante los simpatizantes de la alianza Juntos por el Cambio, en Buenos Aires.\" width=\"414\" height=\"254\" \/><p class=\"wp-caption-text\">El expresidente Mauricio Macri habla ante los simpatizantes de la alianza Juntos por el Cambio, en Buenos Aires.Telam<\/p><\/div><figcaption class=\"a_m_p\"><\/figcaption><\/figure>\n<p>&nbsp;<\/p>\n<p class=\"\">\u201cEl PRO y la UCR hoy no saben qu\u00e9 son\u201d, afirma Burdman, consultor y doctor en ciencia pol\u00edtica. \u201cEl PRO est\u00e1 partido en dos pero artificialmente, porque sus votantes est\u00e1n casi todos con Milei. El radicalismo est\u00e1 partido en tres, pero en este caso son los propios votantes radicales los que est\u00e1n divididos entre los que apoyan a Milei, los que est\u00e1n en contra y los que tienen una postura intermedia, que son los sectores con m\u00e1s trayectoria en el partido\u201d, a\u00f1ade.<\/p>\n<p class=\"\">\u201cMientras a Milei le vaya bien\u201d, plantea Negri, \u201clos sectores m\u00e1s tradicionales de la UCR, los que gobiernan provincias con sociedades conservadoras, con un electorado muy\u00a0<i>gorila\u00a0<\/i>[antiperonista], tendr\u00e1n un incentivo claro para acompa\u00f1ar al presidente\u201d. Del otro lado quedar\u00e1, entre tanto, \u201cel radicalismo m\u00e1s urbano y progresista, socialdem\u00f3crata al estilo europeo\u201d. Fugazmente, las distintas vertientes de la UCR se mostraron unidas esta \u00faltima semana, cuando rechazaron las acusaciones de golpismo que Milei le dedic\u00f3 a Ra\u00fal Alfons\u00edn, el presidente radical de la restauraci\u00f3n democr\u00e1tica (1983-1989).<\/p>\n<p class=\"\">Para el PRO, la disyuntiva es compleja. Si sigue la afinidad ideol\u00f3gica y se suma al Gobierno, corre el riesgo de ser absorbido y entregar lo que cosech\u00f3 en las \u00faltimas dos d\u00e9cadas. Si toma distancia, como pretenden sectores hoy minoritarios, contrar\u00eda la voluntad de sus electores. Al midmo tiempo, La Libertad Avanza (LLA, el partido de Milei) necesita al PRO en el Congreso. Un problema adicional, apunta Burdman, son \u201clas diferencias sociales y culturales. La Libertad Avanza es un partido m\u00e1s popular y el PRO es m\u00e1s elitista. Socioculturalmente son partidos distintos, ideol\u00f3gicamente no\u201d.<\/p>\n<p>&nbsp;<\/p>\n<figure class=\"a_m a_m-h \">\n<p><div style=\"width: 424px\" class=\"wp-caption alignnone\"><img loading=\"lazy\" decoding=\"async\" class=\"_re lazyload a_m-h\" src=\"https:\/\/imagenes.elpais.com\/resizer\/v2\/KUI6YM7KLFCT5NLZWDI4O7I434.jpg?auth=dece7c5acf36fe1efb85595df8a9760ed7795ad15d6653202e6cdd425fdc3eca&amp;width=414\" sizes=\"auto, (min-width:1199px) 1155px,(min-width:1001px) calc(100vw - 44px),(min-width:768px) 767px, 100vw\" srcset=\"https:\/\/imagenes.elpais.com\/resizer\/v2\/KUI6YM7KLFCT5NLZWDI4O7I434.jpg?auth=dece7c5acf36fe1efb85595df8a9760ed7795ad15d6653202e6cdd425fdc3eca&amp;width=414 414w,https:\/\/imagenes.elpais.com\/resizer\/v2\/KUI6YM7KLFCT5NLZWDI4O7I434.jpg?auth=dece7c5acf36fe1efb85595df8a9760ed7795ad15d6653202e6cdd425fdc3eca&amp;width=828 640w,https:\/\/imagenes.elpais.com\/resizer\/v2\/KUI6YM7KLFCT5NLZWDI4O7I434.jpg?auth=dece7c5acf36fe1efb85595df8a9760ed7795ad15d6653202e6cdd425fdc3eca&amp;width=980 1000w,https:\/\/imagenes.elpais.com\/resizer\/v2\/KUI6YM7KLFCT5NLZWDI4O7I434.jpg?auth=dece7c5acf36fe1efb85595df8a9760ed7795ad15d6653202e6cdd425fdc3eca&amp;width=1960 1960w\" alt=\"Javier Milei presidente de Argentina durante un mitin del partido pol\u00edtico La Libertad Avanza en Buenos Aires, Argentina, el s\u00e1bado 28 de septiembre de 2024. \" width=\"414\" height=\"277\" \/><p class=\"wp-caption-text\">Javier Milei presidente de Argentina durante un mitin del partido pol\u00edtico La Libertad Avanza en Buenos Aires, Argentina, el s\u00e1bado 28 de septiembre de 2024.Natacha Pisarenko (AP)<\/p><\/div><figcaption class=\"a_m_p\"><\/figcaption><\/figure>\n<p>&nbsp;<\/p>\n<p class=\"\">En este escenario de desconcierto opositor, el Gobierno de Milei se prepara para los comicios legislativos de 2025. La hermana del mandatario, Karina Milei, secretaria general de la Presidencia, comenz\u00f3 a recorrer el pa\u00eds para darle alcance nacional al partido \u201clibertario\u201d \u2014este fin de semana fue el turno de las provincias de Santa Fe y de Entre R\u00edos\u2014. Con esa herramienta organizada, el oficialismo se garantizar\u00e1 presencia para postular candidatos o para negociar con los gobernadores. \u201cMilei tiene muy claro que su \u00e9xito est\u00e1 focalizado en mostrar dos o tres logros: quiere d\u00f3lar barato y\u00a0<a href=\"https:\/\/elpais.com\/argentina\/2024-10-10\/la-inflacion-en-argentina-cede-hasta-el-35-mensual-en-septiembre-el-mejor-dato-desde-2021.html\" data-link-track-dtm=\"\" data-mrf-link=\"https:\/\/elpais.com\/argentina\/2024-10-10\/la-inflacion-en-argentina-cede-hasta-el-35-mensual-en-septiembre-el-mejor-dato-desde-2021.html\">baja de la inflaci\u00f3n<\/a>\u00a0para llegar a las elecciones, lo dem\u00e1s no le preocupa\u201d, dice Negri. \u201cPara ser un Gobierno muy d\u00e9bil, le ha ido muy bien. Pero Milei parece creer que tiene la vaca m\u00e1s atada de lo que la tiene&#8230; Act\u00faa como si fuese m\u00e1s poderoso de lo que es\u201d, advierte.<\/p>\n","protected":false},"excerpt":{"rendered":"<p>&nbsp; &#8211; La disputa por el poder dentro del peronismo, la fractura de la centenaria Uni\u00f3n C\u00edvica Radical y el alineamiento del PRO de Mauricio&hellip;<\/p>\n","protected":false},"author":99,"featured_media":524404,"comment_status":"open","ping_status":"open","sticky":false,"template":"","format":"standard","meta":{"footnotes":""},"categories":[23],"tags":[],"class_list":["post-524403","post","type-post","status-publish","format-standard","has-post-thumbnail","hentry","category-latinoamerica"],"_links":{"self":[{"href":"https:\/\/diarioelpopular.com\/index.php\/wp-json\/wp\/v2\/posts\/524403","targetHints":{"allow":["GET"]}}],"collection":[{"href":"https:\/\/diarioelpopular.com\/index.php\/wp-json\/wp\/v2\/posts"}],"about":[{"href":"https:\/\/diarioelpopular.com\/index.php\/wp-json\/wp\/v2\/types\/post"}],"author":[{"embeddable":true,"href":"https:\/\/diarioelpopular.com\/index.php\/wp-json\/wp\/v2\/users\/99"}],"replies":[{"embeddable":true,"href":"https:\/\/diarioelpopular.com\/index.php\/wp-json\/wp\/v2\/comments?post=524403"}],"version-history":[{"count":1,"href":"https:\/\/diarioelpopular.com\/index.php\/wp-json\/wp\/v2\/posts\/524403\/revisions"}],"predecessor-version":[{"id":524409,"href":"https:\/\/diarioelpopular.com\/index.php\/wp-json\/wp\/v2\/posts\/524403\/revisions\/524409"}],"wp:featuredmedia":[{"embeddable":true,"href":"https:\/\/diarioelpopular.com\/index.php\/wp-json\/wp\/v2\/media\/524404"}],"wp:attachment":[{"href":"https:\/\/diarioelpopular.com\/index.php\/wp-json\/wp\/v2\/media?parent=524403"}],"wp:term":[{"taxonomy":"category","embeddable":true,"href":"https:\/\/diarioelpopular.com\/index.php\/wp-json\/wp\/v2\/categories?post=524403"},{"taxonomy":"post_tag","embeddable":true,"href":"https:\/\/diarioelpopular.com\/index.php\/wp-json\/wp\/v2\/tags?post=524403"}],"curies":[{"name":"wp","href":"https:\/\/api.w.org\/{rel}","templated":true}]}}