{"id":524417,"date":"2024-11-04T10:32:23","date_gmt":"2024-11-04T14:32:23","guid":{"rendered":"https:\/\/diarioelpopular.com\/?p=524417"},"modified":"2024-11-04T10:32:23","modified_gmt":"2024-11-04T14:32:23","slug":"cronicas-nuestras-valientes-wrens","status":"publish","type":"post","link":"https:\/\/diarioelpopular.com\/index.php\/2024\/11\/04\/cronicas-nuestras-valientes-wrens\/","title":{"rendered":"CR\u00d3NICAS. Nuestras Valientes Wrens"},"content":{"rendered":"<p><img loading=\"lazy\" decoding=\"async\" class=\"alignnone size-custom-full-size wp-image-524418\" src=\"https:\/\/diarioelpopular.com\/wp-content\/uploads\/2024\/11\/Screen-Shot-2024-11-04-at-9.31.27-AM-636x366.png\" alt=\"\" width=\"636\" height=\"366\" srcset=\"https:\/\/diarioelpopular.com\/wp-content\/uploads\/2024\/11\/Screen-Shot-2024-11-04-at-9.31.27-AM-636x366.png 636w, https:\/\/diarioelpopular.com\/wp-content\/uploads\/2024\/11\/Screen-Shot-2024-11-04-at-9.31.27-AM-300x172.png 300w, https:\/\/diarioelpopular.com\/wp-content\/uploads\/2024\/11\/Screen-Shot-2024-11-04-at-9.31.27-AM-127x73.png 127w, https:\/\/diarioelpopular.com\/wp-content\/uploads\/2024\/11\/Screen-Shot-2024-11-04-at-9.31.27-AM.png 762w\" sizes=\"auto, (max-width: 636px) 100vw, 636px\" \/><\/p>\n<p>&nbsp;<\/p>\n<p class=\"p1\"><em><strong>Por: Luc\u00eda P. de Garc\u00eda<\/strong><\/em><\/p>\n<p class=\"p1\"><em><strong>Toronto.-<\/strong><\/em> Se dice que la palabra Wrens identifica a un peque\u00f1o y gracioso pajarito. Quiz\u00e1s por esa raz\u00f3n se otorg\u00f3 ese nombre a las valientes mujeres canadienses que participaron en la Segunda Guerra Mundial.<span class=\"Apple-converted-space\">\u00a0<\/span><\/p>\n<p class=\"p1\">Todo empez\u00f3 en septiembre de 1939, cuando miles de hombres canadienses se presentaron como voluntarios para ir al frente. Dos a\u00f1os m\u00e1s tarde la mortandad hizo que el Ej\u00e9rcito y la Marina convocaran a las mujeres canadienses para que voluntariamente apoyaran a las tropas desde lugares donde no deban combatir en forma directa ni desempe\u00f1ar tareas m\u00e9dicas, sea en suelo local o extranjero.<span class=\"Apple-converted-space\">\u00a0<\/span><\/p>\n<p class=\"p1\">Pronto las voluntarias vistieron uniformes del Women\u00b4s Royal Canadian Naval Service (WRCNS) o del Canadian Women\u00b4s Army Corps. Aunque al principio la Fuerza A\u00e9rea no acept\u00f3 la idea, luego pleg\u00f3 y form\u00f3 la Canadian Women\u00b4s<span class=\"Apple-converted-space\">\u00a0 <\/span>Auxiliary Air Force.<\/p>\n<p class=\"p1\">En octubre de 1942 un grupo de 67 mujeres canadienses aprobaron un primer entrenamiento en Ottawa, en el KIngsmill House. Luego se dio otro curso en Ontario. A ninguna se le otorg\u00f3 un rango militar.<span class=\"Apple-converted-space\">\u00a0<\/span><\/p>\n<p class=\"p1\">Esas primeras Wrens tuvieron asesoramiento de sus similares brit\u00e1nicas. Dorothy Isherwood fue la primera directora del WRCNS hasta 1943. En junio del mismo a\u00f1o, Isabel Macneill fue nombrada Lieutenant-Commander, Oficial del Conestoga; ella fue la primera canadiense en comandar un barco.<span class=\"Apple-converted-space\">\u00a0<\/span><\/p>\n<p class=\"p1\">En septiembre, Adelaide Sinclair se convirti\u00f3 en la primera canadiense en dirigir el WRCNS. Graduada en ciencias pol\u00edticas en la Universidad de Toronto y ya en tiempos de paz, entre 1957 y 1967 trabaj\u00f3 como directora del Fondo de Naciones Unidas para la Infancia, UNICEF.<\/p>\n<p class=\"p1\">Otra destacada Wrens fue Beatrice Worsley, graduada en matem\u00e1ticas y f\u00edsica. Ella fue la primera cient\u00edfica en computaci\u00f3n de Canad\u00e1. Como subteniente tambi\u00e9n integr\u00f3 la tripulaci\u00f3n del Conestoga. En Halifax trabaj\u00f3 como analista de datos y estudi\u00f3 el magnetismo de las minas alemanas.<\/p>\n<p class=\"p1\">Despu\u00e9s de ser entrenadas en Quebec, algunas Wrens portaron el cl\u00e1sico uniforme de pantal\u00f3n azul obscuro con bastas anchas y blanca gorra marinera, para desde cubierta alegrar los mares al desplegar banderines y batirlos cual alas al dar se\u00f1ales que las comprend\u00edan desde otras embarcaciones.<span class=\"Apple-converted-space\">\u00a0<\/span><\/p>\n<p class=\"p1\">Como sucedi\u00f3 en otras partes del mundo, la guerra oblig\u00f3 a las canadienses que se quedaron en casa a reemplazar a los hombres en el campo, en las f\u00e1bricas, mientras al mismo tiempo atend\u00edan las labores del hogar y criaban solas a los hijos, esforz\u00e1ndose cada vez m\u00e1s en no doblegarse ante la pobreza.<span class=\"Apple-converted-space\">\u00a0<\/span><\/p>\n<p class=\"p1\">De las casi 7.000 valientes Wrens enlistadas en Canad\u00e1, m\u00e1s de 1.000 sirvieron fuera del pa\u00eds en cuarteles de comando, donde preparaban vituallas para los hombres que peleaban en el frente, aprend\u00edan t\u00e1cticas de inteligencia, estudiaban mapas, cocinaban y m\u00e1s. Varias de ellas trabajaron en Gran Breta\u00f1a, en ciudades como Londres o Plymouth. En Estados Unidos, en las ciudades de Washington y Nueva York.<\/p>\n<p class=\"p1\">Las que permanecieron en suelo canadiense ocuparon posiciones administrativas en las bases navales de Halifax y Esquimalt, o en las bases de Servicio Naval en Ottawa. M\u00e1s de 500 fueron ubicadas en la base de Avalon, en St.John\u00b4s, Newfoundland.<span class=\"Apple-converted-space\">\u00a0<\/span><\/p>\n<p class=\"p1\">Afortunadamente, ninguna de las 7.000 voluntarias muri\u00f3 durante las acciones de guerra. Las 11 que fallecieron fue por alguna enfermedad o por un accidente.<\/p>\n<p class=\"p1\">La participaci\u00f3n de las valientes Wrens en la Segunda Guerra Mundial y la de los militares canadienses que lucharon en la Primera Guerra Mundial y la Segunda Guerra Mundial en defensa de la paz, servicio y protecci\u00f3n de nuestro pa\u00eds desde suelo canadiense o en el exterior, se honra en la misma fecha, cada 11 de noviembre, con el nombre de Remembrance Day, D\u00eda del Recuerdo.<\/p>\n<p class=\"p1\">Esta conmemoraci\u00f3n incluye al Reino Unido y a la Mancomunidad Brit\u00e1nica de Naciones, que en ceremonia solemne siempre exaltan la memoria de civiles y militares que lucharon o fallecieron en aquellas contiendas.<\/p>\n<p class=\"p1\">La fecha, se\u00f1alada como el d\u00eda 11 del mes 11, recuerda la firma del fin de la Primera Guerra Mundial, que inici\u00f3 en julio de 1914 y termin\u00f3 el 11 de noviembre de 1918, dejando un saldo de 40 millones de muertos. La Segunda Guerra Mundial termin\u00f3 el 2 de septiembre de 1945, los seis a\u00f1os de conflicto dejaron 60 millones de fallecidos.<span class=\"Apple-converted-space\">\u00a0<\/span><\/p>\n<p class=\"p1\">Las terribles bombas at\u00f3micas sobre Hiroshima y Nagasaki dieron fin a la contienda, obligando a la humanidad a valorar la paz y a declarar un \u201cnunca m\u00e1s a la guerra\u201d. Lastimosamente no se ha cumplido. Las armas at\u00f3micas han proliferado y hoy son un s\u00edmbolo de la soberbia; su uso puede aniquilar a la humanidad, a la Tierra. <span class=\"Apple-converted-space\">\u00a0<\/span><\/p>\n","protected":false},"excerpt":{"rendered":"<p>&nbsp; Por: Luc\u00eda P. de Garc\u00eda Toronto.- Se dice que la palabra Wrens identifica a un peque\u00f1o y gracioso pajarito. Quiz\u00e1s por esa raz\u00f3n se&hellip;<\/p>\n","protected":false},"author":99,"featured_media":524418,"comment_status":"open","ping_status":"open","sticky":false,"template":"","format":"standard","meta":{"footnotes":""},"categories":[21,11362],"tags":[],"class_list":["post-524417","post","type-post","status-publish","format-standard","has-post-thumbnail","hentry","category-canada","category-cronicas"],"_links":{"self":[{"href":"https:\/\/diarioelpopular.com\/index.php\/wp-json\/wp\/v2\/posts\/524417","targetHints":{"allow":["GET"]}}],"collection":[{"href":"https:\/\/diarioelpopular.com\/index.php\/wp-json\/wp\/v2\/posts"}],"about":[{"href":"https:\/\/diarioelpopular.com\/index.php\/wp-json\/wp\/v2\/types\/post"}],"author":[{"embeddable":true,"href":"https:\/\/diarioelpopular.com\/index.php\/wp-json\/wp\/v2\/users\/99"}],"replies":[{"embeddable":true,"href":"https:\/\/diarioelpopular.com\/index.php\/wp-json\/wp\/v2\/comments?post=524417"}],"version-history":[{"count":1,"href":"https:\/\/diarioelpopular.com\/index.php\/wp-json\/wp\/v2\/posts\/524417\/revisions"}],"predecessor-version":[{"id":524419,"href":"https:\/\/diarioelpopular.com\/index.php\/wp-json\/wp\/v2\/posts\/524417\/revisions\/524419"}],"wp:featuredmedia":[{"embeddable":true,"href":"https:\/\/diarioelpopular.com\/index.php\/wp-json\/wp\/v2\/media\/524418"}],"wp:attachment":[{"href":"https:\/\/diarioelpopular.com\/index.php\/wp-json\/wp\/v2\/media?parent=524417"}],"wp:term":[{"taxonomy":"category","embeddable":true,"href":"https:\/\/diarioelpopular.com\/index.php\/wp-json\/wp\/v2\/categories?post=524417"},{"taxonomy":"post_tag","embeddable":true,"href":"https:\/\/diarioelpopular.com\/index.php\/wp-json\/wp\/v2\/tags?post=524417"}],"curies":[{"name":"wp","href":"https:\/\/api.w.org\/{rel}","templated":true}]}}