{"id":524449,"date":"2024-11-04T17:20:50","date_gmt":"2024-11-04T21:20:50","guid":{"rendered":"https:\/\/diarioelpopular.com\/?p=524449"},"modified":"2024-11-04T17:20:50","modified_gmt":"2024-11-04T21:20:50","slug":"mas-de-52-000-vehiculos-de-gm-en-canada-son-retirados-del-mercado-por-riesgo-de-colision","status":"publish","type":"post","link":"https:\/\/diarioelpopular.com\/index.php\/2024\/11\/04\/mas-de-52-000-vehiculos-de-gm-en-canada-son-retirados-del-mercado-por-riesgo-de-colision\/","title":{"rendered":"M\u00e1s de 52.000 veh\u00edculos de GM en Canad\u00e1 son retirados del mercado por riesgo de colision"},"content":{"rendered":"<p><img loading=\"lazy\" decoding=\"async\" class=\"alignnone size-custom-full-size wp-image-524454\" src=\"https:\/\/diarioelpopular.com\/wp-content\/uploads\/2024\/11\/Screen-Shot-2024-11-04-at-4.20.24-PM-636x377.png\" alt=\"\" width=\"636\" height=\"377\" srcset=\"https:\/\/diarioelpopular.com\/wp-content\/uploads\/2024\/11\/Screen-Shot-2024-11-04-at-4.20.24-PM-636x377.png 636w, https:\/\/diarioelpopular.com\/wp-content\/uploads\/2024\/11\/Screen-Shot-2024-11-04-at-4.20.24-PM-300x178.png 300w, https:\/\/diarioelpopular.com\/wp-content\/uploads\/2024\/11\/Screen-Shot-2024-11-04-at-4.20.24-PM-768x455.png 768w, https:\/\/diarioelpopular.com\/wp-content\/uploads\/2024\/11\/Screen-Shot-2024-11-04-at-4.20.24-PM-1200x712.png 1200w, https:\/\/diarioelpopular.com\/wp-content\/uploads\/2024\/11\/Screen-Shot-2024-11-04-at-4.20.24-PM-123x73.png 123w, https:\/\/diarioelpopular.com\/wp-content\/uploads\/2024\/11\/Screen-Shot-2024-11-04-at-4.20.24-PM.png 1024w\" sizes=\"auto, (max-width: 636px) 100vw, 636px\" \/><\/p>\n<p>&nbsp;<\/p>\n<p>&nbsp;<\/p>\n<ul>\n<li><em><strong>General Motors (GM) ha anunciado otra retirada masiva que afecta a algunos de sus modelos m\u00e1s populares debido a un problema en el tren motriz.<\/strong><\/em><\/li>\n<\/ul>\n<p>&nbsp;<\/p>\n<p>En una retirada actualizada el 1 de noviembre, Transport Canada afirm\u00f3 que GM est\u00e1 retirando 52.220 camionetas, furgonetas y todoterrenos en todo el pa\u00eds. La agencia explic\u00f3 que la pieza defectuosa es la v\u00e1lvula de control de la transmisi\u00f3n, que, con el tiempo, &#8220;podr\u00eda desgastarse y perder presi\u00f3n&#8221;.<\/p>\n<p>&#8220;Si esto sucede, la transmisi\u00f3n podr\u00eda cambiar bruscamente y podr\u00eda provocar que las ruedas traseras se bloqueen&#8221;, se lee en el comunicado. &#8220;Las ruedas traseras que se bloquean de repente podr\u00edan provocar una p\u00e9rdida de control y aumentar el riesgo de una colisi\u00f3n&#8221;.<\/p>\n<p><em><strong>C\u00f3mo comprobar si su veh\u00edculo est\u00e1 afectado<\/strong><\/em><br \/>\nSeg\u00fan el fabricante de autom\u00f3viles, los propietarios de veh\u00edculos ser\u00e1n notificados por correo sobre la retirada.<\/p>\n<p>Sin embargo, se insta a quienes posean un veh\u00edculo incluido en la retirada a llevarlo a un concesionario &#8220;para actualizar el software del m\u00f3dulo de control de la transmisi\u00f3n para detectar el desgaste excesivo antes de que se bloqueen las ruedas&#8221;.<\/p>\n<p>&#8220;Si se detecta, se encender\u00e1 una luz de servicio del motor, se mostrar\u00e1 un mensaje en el panel de instrumentos y el veh\u00edculo quedar\u00e1 limitado a la quinta marcha&#8221;, afirma el comunicado.<br \/>\nEl retiro solo se aplica a los veh\u00edculos GM con motor di\u00e9sel.<\/p>\n<p>Los modelos afectados incluyen los siguientes:<\/p>\n<p>Cadillac Escalade, 2021<br \/>\nCadillac Escalade ESV, 2021<br \/>\nChevrolet Silverado, 2020, 2021 y 2022<br \/>\nChevrolet Silverado HD, 2020, 2021 y 2022<br \/>\nChevrolet, Suburban, 2021<br \/>\nChevrolet, Tahoe, 2021<br \/>\nChevrolet, Sierra, 2020, 2021 y 2022<br \/>\nChevrolet, Sierra HD, 2020, 2021 y 2022<br \/>\nGMC, Yukon, 2021<br \/>\nGMC, Yukon XL, 2021<\/p>\n<p>Para verificar si su veh\u00edculo es parte del retiro, ingrese su N\u00famero de identificaci\u00f3n del veh\u00edculo (VIN) en el sitio de retiros y garant\u00edas de GM.<\/p>\n<p>El VIN de 17 caracteres se puede encontrar en el registro o seguro del veh\u00edculo. Tambi\u00e9n se encuentra en el tablero del lado del conductor, en la parte inferior del parabrisas o en el marco de la puerta del lado del conductor.<\/p>\n<p>En septiembre, GM retir\u00f3 del mercado m\u00e1s de 38.000 veh\u00edculos en Canad\u00e1 debido a un problema de software.<\/p>\n","protected":false},"excerpt":{"rendered":"<p>&nbsp; &nbsp; General Motors (GM) ha anunciado otra retirada masiva que afecta a algunos de sus modelos m\u00e1s populares debido a un problema en el&hellip;<\/p>\n","protected":false},"author":99,"featured_media":524454,"comment_status":"open","ping_status":"open","sticky":false,"template":"","format":"standard","meta":{"footnotes":""},"categories":[21],"tags":[],"class_list":["post-524449","post","type-post","status-publish","format-standard","has-post-thumbnail","hentry","category-canada"],"_links":{"self":[{"href":"https:\/\/diarioelpopular.com\/index.php\/wp-json\/wp\/v2\/posts\/524449","targetHints":{"allow":["GET"]}}],"collection":[{"href":"https:\/\/diarioelpopular.com\/index.php\/wp-json\/wp\/v2\/posts"}],"about":[{"href":"https:\/\/diarioelpopular.com\/index.php\/wp-json\/wp\/v2\/types\/post"}],"author":[{"embeddable":true,"href":"https:\/\/diarioelpopular.com\/index.php\/wp-json\/wp\/v2\/users\/99"}],"replies":[{"embeddable":true,"href":"https:\/\/diarioelpopular.com\/index.php\/wp-json\/wp\/v2\/comments?post=524449"}],"version-history":[{"count":1,"href":"https:\/\/diarioelpopular.com\/index.php\/wp-json\/wp\/v2\/posts\/524449\/revisions"}],"predecessor-version":[{"id":524455,"href":"https:\/\/diarioelpopular.com\/index.php\/wp-json\/wp\/v2\/posts\/524449\/revisions\/524455"}],"wp:featuredmedia":[{"embeddable":true,"href":"https:\/\/diarioelpopular.com\/index.php\/wp-json\/wp\/v2\/media\/524454"}],"wp:attachment":[{"href":"https:\/\/diarioelpopular.com\/index.php\/wp-json\/wp\/v2\/media?parent=524449"}],"wp:term":[{"taxonomy":"category","embeddable":true,"href":"https:\/\/diarioelpopular.com\/index.php\/wp-json\/wp\/v2\/categories?post=524449"},{"taxonomy":"post_tag","embeddable":true,"href":"https:\/\/diarioelpopular.com\/index.php\/wp-json\/wp\/v2\/tags?post=524449"}],"curies":[{"name":"wp","href":"https:\/\/api.w.org\/{rel}","templated":true}]}}