{"id":524473,"date":"2024-11-05T10:00:04","date_gmt":"2024-11-05T14:00:04","guid":{"rendered":"https:\/\/diarioelpopular.com\/?p=524473"},"modified":"2024-11-05T10:00:04","modified_gmt":"2024-11-05T14:00:04","slug":"agente-inmobiliaria-se-pronuncia-tras-la-agresion-durante-una-visita-a-casa-para-vender","status":"publish","type":"post","link":"https:\/\/diarioelpopular.com\/index.php\/2024\/11\/05\/agente-inmobiliaria-se-pronuncia-tras-la-agresion-durante-una-visita-a-casa-para-vender\/","title":{"rendered":"Agente inmobiliaria se pronuncia tras la agresi\u00f3n durante una visita a casa para vender"},"content":{"rendered":"<p><img loading=\"lazy\" decoding=\"async\" class=\"alignnone size-custom-full-size wp-image-524475\" src=\"https:\/\/diarioelpopular.com\/wp-content\/uploads\/2024\/11\/Screen-Shot-2024-11-05-at-8.59.30-AM-636x327.png\" alt=\"\" width=\"636\" height=\"327\" srcset=\"https:\/\/diarioelpopular.com\/wp-content\/uploads\/2024\/11\/Screen-Shot-2024-11-05-at-8.59.30-AM-636x327.png 636w, https:\/\/diarioelpopular.com\/wp-content\/uploads\/2024\/11\/Screen-Shot-2024-11-05-at-8.59.30-AM-300x154.png 300w, https:\/\/diarioelpopular.com\/wp-content\/uploads\/2024\/11\/Screen-Shot-2024-11-05-at-8.59.30-AM-768x395.png 768w, https:\/\/diarioelpopular.com\/wp-content\/uploads\/2024\/11\/Screen-Shot-2024-11-05-at-8.59.30-AM-142x73.png 142w, https:\/\/diarioelpopular.com\/wp-content\/uploads\/2024\/11\/Screen-Shot-2024-11-05-at-8.59.30-AM.png 914w\" sizes=\"auto, (max-width: 636px) 100vw, 636px\" \/><\/p>\n<p>&nbsp;<\/p>\n<p>&nbsp;<\/p>\n<ul>\n<li><em><strong>Cuando agredi\u00f3 a la primera mujer y fue acusado de lo mismo a una segunda representante, la comunidad no lo sab\u00eda.<\/strong><\/em><\/li>\n<\/ul>\n<p>&nbsp;<\/p>\n<p>Pero una v\u00edctima reciente de un anciano local condenado por agresi\u00f3n en diciembre pasado quiere que la gente sepa tanto su nombre como el nombre de su atacante: Sardul S. Multani.<\/p>\n<p>\u201cLa comunidad merece saberlo, para protegerse\u201d, dijo la agente inmobiliaria de Brantford Tiffany Nelson, se\u00f1alando que no es la primera v\u00edctima de Multani.<\/p>\n<p>Nelson regres\u00f3 a la corte despu\u00e9s de que su caso terminara para dejar en claro un punto. Seg\u00fan la nueva legislaci\u00f3n que entr\u00f3 en vigencia justo cuando Multani fue condenado, las v\u00edctimas, los testigos y los participantes del sistema judicial pueden discutir directamente con los fiscales y los jueces si desean una prohibici\u00f3n de publicaci\u00f3n, en lugar de que se imponga autom\u00e1ticamente.<\/p>\n<p>Nelson tuvo que superar algunos obst\u00e1culos, pero, con la ayuda de un trabajador de apoyo a las v\u00edctimas, un \u00fatil fiscal adjunto de la Corona y un juez comprensivo, ahora tiene permitido legalmente decir su propio nombre, y el de su atacante, en la historia.<\/p>\n<p>\u201cCon el cambio de ley, sab\u00eda que ten\u00eda que hacer un esfuerzo para crear un nuevo camino para que las futuras v\u00edctimas pudieran hacer o\u00edr su voz\u201d, dijo. \u201cTen\u00eda miedo por el p\u00fablico y sigo firme en que la comunidad merece saber\u201d.<\/p>\n<p>El 11 de agosto de 2022, Nelson y Multani se conocieron en una casa que Nelson estaba mostrando. Se ofreci\u00f3 a mostrarle a ella y a un cliente una unidad similar.<\/p>\n<p>Multani agarr\u00f3 el brazo de Nelson varias veces, dijo en una entrevista. La hizo sentir inc\u00f3moda, pero el agente inmobiliario tambi\u00e9n es voluntario en un programa de transporte para personas mayores, por lo que se inclin\u00f3 a no darle importancia.<\/p>\n<p>Nelson dice que Multani la agarr\u00f3 despu\u00e9s de que el cliente se fue, la atrajo hacia s\u00ed para abrazarla varias veces y luego trat\u00f3 de llevarla de regreso a su casa.<\/p>\n<p>\u201cPens\u00e9 en golpearlo en la cara, pero tiene 78 a\u00f1os\u201d, dijo.<\/p>\n<p>Ella dice que pudo soltarse y dijo que fue como estar nuevamente en un combate de lucha libre de la escuela secundaria.<\/p>\n<p>Unos d\u00edas despu\u00e9s, Multani fue acusado de agresi\u00f3n sexual, pero el cargo finalmente se redujo a agresi\u00f3n.<\/p>\n<p>Nelson dijo al tribunal en una declaraci\u00f3n de impacto de la v\u00edctima que nunca imagin\u00f3 que una persona mayor la agredir\u00eda.<\/p>\n<p>\u201cNunca pens\u00e9 que tendr\u00eda que luchar para liberarme de un hombre de casi 80 a\u00f1os que me agarraba el cuerpo\u201d, dijo.<\/p>\n<p>El abogado de Multani caracteriz\u00f3 el comportamiento de su cliente como \u201cagarrar la mu\u00f1eca\u201d de la v\u00edctima al final de un \u201cabrazo mutuo\u201d entre ellos. \u201c\u00c9l la agarr\u00f3 del brazo y tir\u00f3 de \u00e9l hacia atr\u00e1s para volver a la casa con m\u00e1s fuerza de la que deb\u00eda. Fue un incidente breve sin lesiones, aunque fue inapropiado\u201d.<\/p>\n<p>El abogado defensor pidi\u00f3 una sentencia comunitaria de seis meses con tres meses de arresto domiciliario y un a\u00f1o de libertad condicional, diciendo que una libertad condicional m\u00e1s larga impedir\u00eda que la persona mayor pudiera visitar a su familia en la India.<\/p>\n<p>Abog\u00f3 por un arresto domiciliario de tres meses porque la agresi\u00f3n anterior de Multani fue m\u00e1s grave, incluyendo &#8220;tocamientos&#8221;, por lo que deber\u00eda recibir una sentencia m\u00e1s corta por &#8220;un comportamiento mucho menos agravante&#8221;.<\/p>\n<p>Multani hab\u00eda sido acusado de agresi\u00f3n sexual en 2021 por dos incidentes separados que ocurrieron con d\u00edas de diferencia en julio de 2021.<\/p>\n<p>En abril de 2022, se desestim\u00f3 un cargo y se le permiti\u00f3 declararse culpable del cargo menor de agresi\u00f3n con respecto al otro. Fue sentenciado a una pena de arresto domiciliario y puesto en libertad condicional de un a\u00f1o.<\/p>\n<p>El juez Gethin Edward se\u00f1al\u00f3 que Multani no hab\u00eda admitido su culpabilidad esta vez -una se\u00f1al judicial de remordimiento- y un informe previo a la sentencia sobre Multani se\u00f1al\u00f3 que no ve los l\u00edmites adecuados ni tiene ninguna comprensi\u00f3n de su mal comportamiento.<\/p>\n<p>El juez se pregunt\u00f3 si una libertad condicional m\u00e1s larga le dar\u00eda m\u00e1s tiempo en terapia para comprender esas cosas.<\/p>\n<p>El fiscal adjunto de la Corona Jeff Mazin dijo que el caso hab\u00eda sido dif\u00edcil de analizar para \u00e9l.<\/p>\n<p>&#8220;Estaba considerando pedir una sentencia de c\u00e1rcel corta y severa&#8221;, dijo Mazin, se\u00f1alando que Multani todav\u00eda estaba en libertad condicional por la agresi\u00f3n anterior cuando agredi\u00f3 a Nelson.<\/p>\n","protected":false},"excerpt":{"rendered":"<p>&nbsp; &nbsp; Cuando agredi\u00f3 a la primera mujer y fue acusado de lo mismo a una segunda representante, la comunidad no lo sab\u00eda. &nbsp; Pero&hellip;<\/p>\n","protected":false},"author":99,"featured_media":524475,"comment_status":"open","ping_status":"open","sticky":false,"template":"","format":"standard","meta":{"footnotes":""},"categories":[21],"tags":[],"class_list":["post-524473","post","type-post","status-publish","format-standard","has-post-thumbnail","hentry","category-canada"],"_links":{"self":[{"href":"https:\/\/diarioelpopular.com\/index.php\/wp-json\/wp\/v2\/posts\/524473","targetHints":{"allow":["GET"]}}],"collection":[{"href":"https:\/\/diarioelpopular.com\/index.php\/wp-json\/wp\/v2\/posts"}],"about":[{"href":"https:\/\/diarioelpopular.com\/index.php\/wp-json\/wp\/v2\/types\/post"}],"author":[{"embeddable":true,"href":"https:\/\/diarioelpopular.com\/index.php\/wp-json\/wp\/v2\/users\/99"}],"replies":[{"embeddable":true,"href":"https:\/\/diarioelpopular.com\/index.php\/wp-json\/wp\/v2\/comments?post=524473"}],"version-history":[{"count":1,"href":"https:\/\/diarioelpopular.com\/index.php\/wp-json\/wp\/v2\/posts\/524473\/revisions"}],"predecessor-version":[{"id":524476,"href":"https:\/\/diarioelpopular.com\/index.php\/wp-json\/wp\/v2\/posts\/524473\/revisions\/524476"}],"wp:featuredmedia":[{"embeddable":true,"href":"https:\/\/diarioelpopular.com\/index.php\/wp-json\/wp\/v2\/media\/524475"}],"wp:attachment":[{"href":"https:\/\/diarioelpopular.com\/index.php\/wp-json\/wp\/v2\/media?parent=524473"}],"wp:term":[{"taxonomy":"category","embeddable":true,"href":"https:\/\/diarioelpopular.com\/index.php\/wp-json\/wp\/v2\/categories?post=524473"},{"taxonomy":"post_tag","embeddable":true,"href":"https:\/\/diarioelpopular.com\/index.php\/wp-json\/wp\/v2\/tags?post=524473"}],"curies":[{"name":"wp","href":"https:\/\/api.w.org\/{rel}","templated":true}]}}