{"id":524485,"date":"2024-11-05T10:15:26","date_gmt":"2024-11-05T14:15:26","guid":{"rendered":"https:\/\/diarioelpopular.com\/?p=524485"},"modified":"2024-11-05T10:15:26","modified_gmt":"2024-11-05T14:15:26","slug":"argentina-fiscal-pide-indagar-a-alberto-fernandez-por-golpes-recurrentes-y-violencia-psicologica-contra-su-expareja","status":"publish","type":"post","link":"https:\/\/diarioelpopular.com\/index.php\/2024\/11\/05\/argentina-fiscal-pide-indagar-a-alberto-fernandez-por-golpes-recurrentes-y-violencia-psicologica-contra-su-expareja\/","title":{"rendered":"Argentina: Fiscal pide indagar a Alberto Fern\u00e1ndez por \u201cgolpes recurrentes\u201d y \u201cviolencia psicol\u00f3gica\u201d contra su expareja"},"content":{"rendered":"<div id=\"attachment_524486\" style=\"width: 1210px\" class=\"wp-caption alignnone\"><img loading=\"lazy\" decoding=\"async\" aria-describedby=\"caption-attachment-524486\" class=\"wp-image-524486 size-custom-big-size\" src=\"https:\/\/diarioelpopular.com\/wp-content\/uploads\/2024\/11\/Screen-Shot-2024-11-05-at-9.14.42-AM-1200x817.png\" alt=\"\" width=\"1200\" height=\"817\" srcset=\"https:\/\/diarioelpopular.com\/wp-content\/uploads\/2024\/11\/Screen-Shot-2024-11-05-at-9.14.42-AM-1200x817.png 1200w, https:\/\/diarioelpopular.com\/wp-content\/uploads\/2024\/11\/Screen-Shot-2024-11-05-at-9.14.42-AM-300x204.png 300w, https:\/\/diarioelpopular.com\/wp-content\/uploads\/2024\/11\/Screen-Shot-2024-11-05-at-9.14.42-AM-768x523.png 768w, https:\/\/diarioelpopular.com\/wp-content\/uploads\/2024\/11\/Screen-Shot-2024-11-05-at-9.14.42-AM-636x433.png 636w, https:\/\/diarioelpopular.com\/wp-content\/uploads\/2024\/11\/Screen-Shot-2024-11-05-at-9.14.42-AM-80x55.png 80w, https:\/\/diarioelpopular.com\/wp-content\/uploads\/2024\/11\/Screen-Shot-2024-11-05-at-9.14.42-AM-107x73.png 107w, https:\/\/diarioelpopular.com\/wp-content\/uploads\/2024\/11\/Screen-Shot-2024-11-05-at-9.14.42-AM.png 1024w\" sizes=\"auto, (max-width: 1200px) 100vw, 1200px\" \/><p id=\"caption-attachment-524486\" class=\"wp-caption-text\">Alberto Fern\u00e1ndez en la Asamblea General de las Naciones Unidas, en 2023. Adam Gray (Getty Images)<\/p><\/div>\n<p>&nbsp;<\/p>\n<p>&nbsp;<\/p>\n<h4 class=\"a_st\"><em>&#8211; Si el juez accede a interrogarlo, el expresidente argentino deber\u00e1 refutar las pruebas reunidas durante dos meses de investigaci\u00f3n<\/em><\/h4>\n<p>&nbsp;<\/p>\n<p class=\"\">El expresidente argentino Alberto Fern\u00e1ndez ejerci\u00f3\u00a0<a href=\"https:\/\/elpais.com\/argentina\/2024-08-16\/claves-de-la-causa-por-violencia-de-genero-contra-alberto-fernandez-golpes-amenazas-y-un-aborto-bajo-presion.html\" data-link-track-dtm=\"\" data-mrf-link=\"https:\/\/elpais.com\/argentina\/2024-08-16\/claves-de-la-causa-por-violencia-de-genero-contra-alberto-fernandez-golpes-amenazas-y-un-aborto-bajo-presion.html\">\u201cviolencia f\u00edsica, psicol\u00f3gica y econ\u00f3mica\u201d\u00a0<\/a>contra la exprimera dama Fabiola Y\u00e1\u00f1ez. Al menos eso asegura el fiscal Ramiro Gonz\u00e1lez, que este lunes pidi\u00f3 al juez su indagatoria tras la presentaci\u00f3n del resultado de dos meses de investigaci\u00f3n. En un escrito de 160 p\u00e1ginas que\u00a0<a href=\"https:\/\/elpais.com\/argentina\/2024-08-19\/quien-es-quien-en-la-causa-por-violencia-de-genero-contra-alberto-fernandez.html\" data-link-track-dtm=\"\" data-mrf-link=\"https:\/\/elpais.com\/argentina\/2024-08-19\/quien-es-quien-en-la-causa-por-violencia-de-genero-contra-alberto-fernandez.html\">recoge el testimonio de testigos, fotos, conversaciones telef\u00f3nicas y mensajes de whatsapp,\u00a0<\/a>el fiscal reconstruye lo que consider\u00f3 un cuadro \u201cde distintos tipo de violencia\u201d de Fern\u00e1nez contra Y\u00e1\u00f1ez \u201cpr\u00e1cticamente desde el inicio de su relaci\u00f3n\u201d. La violencia \u201cluego se convirit\u00f3 en habitual\u201d, fundamentalmente \u201cen la modalidad del golpe a mano abierta\u201d, durante la convivencia de la pareja en la residencia presidencial de Olivos, entre 2019 y 2023. El juez a cargo, Juli\u00e1n Ercolini, deber\u00e1 ahora decidir si la prueba recogida por el fiscal es suficiente para indagar a Fern\u00e1ndez y avanzar hacia un procesamiento.<\/p>\n<p class=\"\">El fiscal imput\u00f3 a Fern\u00e1ndez dos lesiones agravadas, una lesi\u00f3n que produjo el debilitamiento permanente en la salud de la exprimera dama y coacciones para evitar que Y\u00e1\u00f1ez lo denunciase. Si se lo encuentra culpable de todos los cargos, el expresidente podr\u00eda ser condenado a hasta 18 a\u00f1os de prisi\u00f3n.<\/p>\n<p class=\"\">\u201cAlberto Fern\u00e1ndez golpe\u00f3 a Fabiola Y\u00e1ez en el rostro y le provoc\u00f3 una lesi\u00f3n en su ojo derecho que inici\u00f3 con dolor y enrojecimiento para, luego, ir cambiando su tonalidad hasta ponerse negro en los d\u00edas posteriores\u201d, escribi\u00f3 el fiscal Gonz\u00e1lez. En un segundo episodio, dice el fiscal, el expresidente provoc\u00f3 a su pareja un moret\u00f3n en el brazo.<a href=\"https:\/\/elpais.com\/argentina\/2024-08-06\/el-expresidente-argentino-alberto-fernandez-denunciado-por-violencia-de-genero.html\" data-link-track-dtm=\"\" data-mrf-link=\"https:\/\/elpais.com\/argentina\/2024-08-06\/el-expresidente-argentino-alberto-fernandez-denunciado-por-violencia-de-genero.html\">\u00a0Las fotos de ambas lesiones llegaron al juez por casualidad,<\/a>\u00a0cuando analizaba el contenido del tel\u00e9fono de la secretaria del presidente, Mar\u00eda Cantero, investigada en una causa por enriquecimiento il\u00edcito en el manejo de comisiones de seguros otorgados al Estado.\u00a0<a href=\"https:\/\/elpais.com\/argentina\/2024-02-29\/el-expresidente-argentino-alberto-fernandez-investigado-por-corrupcion.html\" data-link-track-dtm=\"\" data-mrf-link=\"https:\/\/elpais.com\/argentina\/2024-02-29\/el-expresidente-argentino-alberto-fernandez-investigado-por-corrupcion.html\">El mismo juez Ecolini cit\u00f3 para el 20 de noviembre a Fern\u00e1ndez\u00a0<\/a>y a otras 38 personas, entra las que est\u00e1 el marido de Cantero, a declarar en esta causa.<\/p>\n<p class=\"\">Adem\u00e1s de la violencia f\u00edsica, \u201cAlberto Fern\u00e1ndez ejerci\u00f3 de un modo sistem\u00e1tico violencia psicol\u00f3gica contra Fabiola Y\u00e1\u00f1ez bajo las formas de acosos, hostigamientos, controles, indiferencia, insultos, culpabilizaci\u00f3n, destrato, retiro de la palabra, ninguneos y hostilidad\u201d, escribi\u00f3 el fiscal. Una perito psiquiatra aportada por la querella estableci\u00f3 que la exprimera dama padec\u00eda \u201cm\u00faltiples secuelas de da\u00f1o ps\u00edquico reactivo a situaciones de violencia sistem\u00e1tica y cr\u00f3nica sufridas por Ya\u00f1ez desde hace ocho a\u00f1os en el marco de su relaci\u00f3n de pareja\u201d.<\/p>\n<p class=\"\">Hacia el final del mandato de Fern\u00e1ndez, en diciembre de 2019, Y\u00e1\u00f1ez se estableci\u00f3 en Madrid junto al hijo peque\u00f1o de ambos. En ese momento se inici\u00f3, dijo el fiscal, un condicionamiento \u201cecon\u00f3mico\u201d y pedidos expresos de ocultar las agresiones. Y\u00e1\u00f1ez, estableci\u00f3 el fiscal, \u201cfue coaccionada para que no denunciara el hecho frente al juez de la causa y, de ese modo, se afect\u00f3 el tr\u00e1mite de un expediente federal producto de las amenazas del expresidente\u201d.<\/p>\n<p class=\"\">Fern\u00e1ndez ha negado desde el principio las acusaciones de su expareja. Su defensa cuestiona que Y\u00e1\u00f1ez se negase a entregar su tel\u00e9fono celular y aport\u00f3 pruebas con capturas de pantalla.<\/p>\n","protected":false},"excerpt":{"rendered":"<p>&nbsp; &nbsp; &#8211; Si el juez accede a interrogarlo, el expresidente argentino deber\u00e1 refutar las pruebas reunidas durante dos meses de investigaci\u00f3n &nbsp; El expresidente&hellip;<\/p>\n","protected":false},"author":99,"featured_media":524486,"comment_status":"open","ping_status":"open","sticky":false,"template":"","format":"standard","meta":{"footnotes":""},"categories":[23],"tags":[],"class_list":["post-524485","post","type-post","status-publish","format-standard","has-post-thumbnail","hentry","category-latinoamerica"],"_links":{"self":[{"href":"https:\/\/diarioelpopular.com\/index.php\/wp-json\/wp\/v2\/posts\/524485","targetHints":{"allow":["GET"]}}],"collection":[{"href":"https:\/\/diarioelpopular.com\/index.php\/wp-json\/wp\/v2\/posts"}],"about":[{"href":"https:\/\/diarioelpopular.com\/index.php\/wp-json\/wp\/v2\/types\/post"}],"author":[{"embeddable":true,"href":"https:\/\/diarioelpopular.com\/index.php\/wp-json\/wp\/v2\/users\/99"}],"replies":[{"embeddable":true,"href":"https:\/\/diarioelpopular.com\/index.php\/wp-json\/wp\/v2\/comments?post=524485"}],"version-history":[{"count":1,"href":"https:\/\/diarioelpopular.com\/index.php\/wp-json\/wp\/v2\/posts\/524485\/revisions"}],"predecessor-version":[{"id":524487,"href":"https:\/\/diarioelpopular.com\/index.php\/wp-json\/wp\/v2\/posts\/524485\/revisions\/524487"}],"wp:featuredmedia":[{"embeddable":true,"href":"https:\/\/diarioelpopular.com\/index.php\/wp-json\/wp\/v2\/media\/524486"}],"wp:attachment":[{"href":"https:\/\/diarioelpopular.com\/index.php\/wp-json\/wp\/v2\/media?parent=524485"}],"wp:term":[{"taxonomy":"category","embeddable":true,"href":"https:\/\/diarioelpopular.com\/index.php\/wp-json\/wp\/v2\/categories?post=524485"},{"taxonomy":"post_tag","embeddable":true,"href":"https:\/\/diarioelpopular.com\/index.php\/wp-json\/wp\/v2\/tags?post=524485"}],"curies":[{"name":"wp","href":"https:\/\/api.w.org\/{rel}","templated":true}]}}