{"id":524522,"date":"2024-11-05T18:50:34","date_gmt":"2024-11-05T22:50:34","guid":{"rendered":"https:\/\/diarioelpopular.com\/?p=524522"},"modified":"2024-11-05T18:50:34","modified_gmt":"2024-11-05T22:50:34","slug":"medicos-afirman-que-estan-observando-un-aumento-de-los-casos-de-neumonia-atipica-en-algunas-partes-de-canada","status":"publish","type":"post","link":"https:\/\/diarioelpopular.com\/index.php\/2024\/11\/05\/medicos-afirman-que-estan-observando-un-aumento-de-los-casos-de-neumonia-atipica-en-algunas-partes-de-canada\/","title":{"rendered":"M\u00e9dicos afirman que est\u00e1n observando un aumento de los casos de neumon\u00eda at\u00edpica en algunas partes de Canad\u00e1"},"content":{"rendered":"<p><img loading=\"lazy\" decoding=\"async\" class=\"alignnone size-custom-full-size wp-image-524523\" src=\"https:\/\/diarioelpopular.com\/wp-content\/uploads\/2024\/11\/Screen-Shot-2024-11-05-at-5.49.58-PM-636x406.png\" alt=\"\" width=\"636\" height=\"406\" srcset=\"https:\/\/diarioelpopular.com\/wp-content\/uploads\/2024\/11\/Screen-Shot-2024-11-05-at-5.49.58-PM-636x406.png 636w, https:\/\/diarioelpopular.com\/wp-content\/uploads\/2024\/11\/Screen-Shot-2024-11-05-at-5.49.58-PM-300x191.png 300w, https:\/\/diarioelpopular.com\/wp-content\/uploads\/2024\/11\/Screen-Shot-2024-11-05-at-5.49.58-PM-768x490.png 768w, https:\/\/diarioelpopular.com\/wp-content\/uploads\/2024\/11\/Screen-Shot-2024-11-05-at-5.49.58-PM-85x55.png 85w, https:\/\/diarioelpopular.com\/wp-content\/uploads\/2024\/11\/Screen-Shot-2024-11-05-at-5.49.58-PM-114x73.png 114w, https:\/\/diarioelpopular.com\/wp-content\/uploads\/2024\/11\/Screen-Shot-2024-11-05-at-5.49.58-PM.png 840w\" sizes=\"auto, (max-width: 636px) 100vw, 636px\" \/><\/p>\n<p>&nbsp;<\/p>\n<p>&nbsp;<\/p>\n<ul>\n<li><em><strong>Los m\u00e9dicos afirman que est\u00e1n observando un aumento de los casos de neumon\u00eda at\u00edpica en algunas partes de Canad\u00e1, en particular en ni\u00f1os, en un momento en el que los virus respiratorios suelen circular.<\/strong><\/em><\/li>\n<\/ul>\n<p>&nbsp;<\/p>\n<p>&nbsp;<\/p>\n<p>La neumon\u00eda at\u00edpica es una forma leve de neumon\u00eda que suele presentarse como fiebre, tos o fatiga, pero un peque\u00f1o subconjunto de casos graves puede dejar a los pacientes sin aliento o con fiebre alta.<\/p>\n<p>El Dr. Earl Rubin, director de la Divisi\u00f3n de Enfermedades Infecciosas del Hospital Infantil de Montreal, dice que ha notado m\u00e1s casos en ni\u00f1os peque\u00f1os, que son m\u00e1s j\u00f3venes que el grupo demogr\u00e1fico t\u00edpico de edad escolar y adultos j\u00f3venes al que suele afectar la infecci\u00f3n bacteriana.<\/p>\n<p>Aunque las agencias de salud p\u00fablica no hacen un seguimiento de la neumon\u00eda at\u00edpica, los proveedores de atenci\u00f3n m\u00e9dica en Ontario, Quebec y Columbia Brit\u00e1nica dicen que est\u00e1n viendo m\u00e1s casos.<\/p>\n<p>La Dra. Camille Lemieux, jefa de medicina familiar en la Red de Salud Universitaria de Toronto, dice que los m\u00e9dicos deben estar al tanto de este aumento (el primero que observa en sus 30 a\u00f1os de pr\u00e1ctica) porque requiere un antibi\u00f3tico diferente al de la neumon\u00eda com\u00fan y los pacientes no mejoran sin \u00e9l.<\/p>\n<p>El Centro para el Control y la Prevenci\u00f3n de Enfermedades inform\u00f3 en octubre un aumento de la neumon\u00eda at\u00edpica en todo Estados Unidos, especialmente en ni\u00f1os peque\u00f1os, durante los \u00faltimos seis meses, alcanzando su punto m\u00e1ximo a fines de agosto.<\/p>\n","protected":false},"excerpt":{"rendered":"<p>&nbsp; &nbsp; Los m\u00e9dicos afirman que est\u00e1n observando un aumento de los casos de neumon\u00eda at\u00edpica en algunas partes de Canad\u00e1, en particular en ni\u00f1os,&hellip;<\/p>\n","protected":false},"author":99,"featured_media":524523,"comment_status":"open","ping_status":"open","sticky":false,"template":"","format":"standard","meta":{"footnotes":""},"categories":[21],"tags":[],"class_list":["post-524522","post","type-post","status-publish","format-standard","has-post-thumbnail","hentry","category-canada"],"_links":{"self":[{"href":"https:\/\/diarioelpopular.com\/index.php\/wp-json\/wp\/v2\/posts\/524522","targetHints":{"allow":["GET"]}}],"collection":[{"href":"https:\/\/diarioelpopular.com\/index.php\/wp-json\/wp\/v2\/posts"}],"about":[{"href":"https:\/\/diarioelpopular.com\/index.php\/wp-json\/wp\/v2\/types\/post"}],"author":[{"embeddable":true,"href":"https:\/\/diarioelpopular.com\/index.php\/wp-json\/wp\/v2\/users\/99"}],"replies":[{"embeddable":true,"href":"https:\/\/diarioelpopular.com\/index.php\/wp-json\/wp\/v2\/comments?post=524522"}],"version-history":[{"count":1,"href":"https:\/\/diarioelpopular.com\/index.php\/wp-json\/wp\/v2\/posts\/524522\/revisions"}],"predecessor-version":[{"id":524524,"href":"https:\/\/diarioelpopular.com\/index.php\/wp-json\/wp\/v2\/posts\/524522\/revisions\/524524"}],"wp:featuredmedia":[{"embeddable":true,"href":"https:\/\/diarioelpopular.com\/index.php\/wp-json\/wp\/v2\/media\/524523"}],"wp:attachment":[{"href":"https:\/\/diarioelpopular.com\/index.php\/wp-json\/wp\/v2\/media?parent=524522"}],"wp:term":[{"taxonomy":"category","embeddable":true,"href":"https:\/\/diarioelpopular.com\/index.php\/wp-json\/wp\/v2\/categories?post=524522"},{"taxonomy":"post_tag","embeddable":true,"href":"https:\/\/diarioelpopular.com\/index.php\/wp-json\/wp\/v2\/tags?post=524522"}],"curies":[{"name":"wp","href":"https:\/\/api.w.org\/{rel}","templated":true}]}}