{"id":524539,"date":"2024-11-06T09:30:27","date_gmt":"2024-11-06T13:30:27","guid":{"rendered":"https:\/\/diarioelpopular.com\/?p=524539"},"modified":"2024-11-06T09:30:27","modified_gmt":"2024-11-06T13:30:27","slug":"trudeau-felicita-a-donald-trump-por-su-victoria-presidencial-en-estados-unidos","status":"publish","type":"post","link":"https:\/\/diarioelpopular.com\/index.php\/2024\/11\/06\/trudeau-felicita-a-donald-trump-por-su-victoria-presidencial-en-estados-unidos\/","title":{"rendered":"Trudeau felicita a Donald Trump por su victoria presidencial en Estados Unidos"},"content":{"rendered":"<p><img loading=\"lazy\" decoding=\"async\" class=\"alignnone size-custom-full-size wp-image-524540\" src=\"https:\/\/diarioelpopular.com\/wp-content\/uploads\/2024\/11\/Screen-Shot-2024-11-06-at-8.30.02-AM-636x458.png\" alt=\"\" width=\"636\" height=\"458\" srcset=\"https:\/\/diarioelpopular.com\/wp-content\/uploads\/2024\/11\/Screen-Shot-2024-11-06-at-8.30.02-AM-636x458.png 636w, https:\/\/diarioelpopular.com\/wp-content\/uploads\/2024\/11\/Screen-Shot-2024-11-06-at-8.30.02-AM-300x216.png 300w, https:\/\/diarioelpopular.com\/wp-content\/uploads\/2024\/11\/Screen-Shot-2024-11-06-at-8.30.02-AM-768x553.png 768w, https:\/\/diarioelpopular.com\/wp-content\/uploads\/2024\/11\/Screen-Shot-2024-11-06-at-8.30.02-AM-101x73.png 101w, https:\/\/diarioelpopular.com\/wp-content\/uploads\/2024\/11\/Screen-Shot-2024-11-06-at-8.30.02-AM.png 800w\" sizes=\"auto, (max-width: 636px) 100vw, 636px\" \/><\/p>\n<p>&nbsp;<\/p>\n<ul>\n<li><em><strong>El primer ministro Justin Trudeau felicit\u00f3 a Donald Trump por su reelecci\u00f3n como presidente de los Estados Unidos.<\/strong><\/em><\/li>\n<\/ul>\n<p>&nbsp;<\/p>\n<p>&nbsp;<\/p>\n<p>Trump protagoniz\u00f3 una importante remontada pol\u00edtica, al conseguir los 270 votos electorales necesarios para ganar la presidencia en las primeras horas de la ma\u00f1ana del mi\u00e9rcoles.<\/p>\n<p>Esto pone fin a una campa\u00f1a turbulenta para Trump, que incluy\u00f3 ser condenado por 34 delitos graves en un caso de soborno y dos intentos de asesinato.<\/p>\n<p>\u201cEn nombre del gobierno de Canad\u00e1, felicito a Donald Trump por ser elegido presidente de los Estados Unidos de Am\u00e9rica para un segundo mandato, y al senador JD Vance por su elecci\u00f3n como vicepresidente de los Estados Unidos\u201d, dice Trudeau en un comunicado.<\/p>\n<p>\u201cCanad\u00e1 y los Estados Unidos tienen la asociaci\u00f3n m\u00e1s exitosa del mundo. Somos vecinos y amigos, unidos por una historia compartida, valores comunes y lazos firmes entre nuestros pueblos. \u201cTambi\u00e9n somos los principales socios comerciales de cada uno y nuestras econom\u00edas est\u00e1n profundamente entrelazadas\u201d.<\/p>\n<p>Trudeau agreg\u00f3 que en el primer mandato de Trump, las dos naciones junto con M\u00e9xico negociaron con \u00e9xito el acuerdo de libre comercio entre Canad\u00e1, Estados Unidos y M\u00e9xico. Trudeau destac\u00f3 el valor multimillonario del comercio transfronterizo.<\/p>\n<p>Ese acuerdo comercial ser\u00e1 revisado en 2026, ya que Trump ha prometido introducir un arancel universal del 10 por ciento a todas las importaciones estadounidenses.<\/p>\n","protected":false},"excerpt":{"rendered":"<p>&nbsp; El primer ministro Justin Trudeau felicit\u00f3 a Donald Trump por su reelecci\u00f3n como presidente de los Estados Unidos. &nbsp; &nbsp; Trump protagoniz\u00f3 una importante&hellip;<\/p>\n","protected":false},"author":99,"featured_media":524540,"comment_status":"open","ping_status":"open","sticky":false,"template":"","format":"standard","meta":{"footnotes":""},"categories":[21],"tags":[],"class_list":["post-524539","post","type-post","status-publish","format-standard","has-post-thumbnail","hentry","category-canada"],"_links":{"self":[{"href":"https:\/\/diarioelpopular.com\/index.php\/wp-json\/wp\/v2\/posts\/524539","targetHints":{"allow":["GET"]}}],"collection":[{"href":"https:\/\/diarioelpopular.com\/index.php\/wp-json\/wp\/v2\/posts"}],"about":[{"href":"https:\/\/diarioelpopular.com\/index.php\/wp-json\/wp\/v2\/types\/post"}],"author":[{"embeddable":true,"href":"https:\/\/diarioelpopular.com\/index.php\/wp-json\/wp\/v2\/users\/99"}],"replies":[{"embeddable":true,"href":"https:\/\/diarioelpopular.com\/index.php\/wp-json\/wp\/v2\/comments?post=524539"}],"version-history":[{"count":1,"href":"https:\/\/diarioelpopular.com\/index.php\/wp-json\/wp\/v2\/posts\/524539\/revisions"}],"predecessor-version":[{"id":524541,"href":"https:\/\/diarioelpopular.com\/index.php\/wp-json\/wp\/v2\/posts\/524539\/revisions\/524541"}],"wp:featuredmedia":[{"embeddable":true,"href":"https:\/\/diarioelpopular.com\/index.php\/wp-json\/wp\/v2\/media\/524540"}],"wp:attachment":[{"href":"https:\/\/diarioelpopular.com\/index.php\/wp-json\/wp\/v2\/media?parent=524539"}],"wp:term":[{"taxonomy":"category","embeddable":true,"href":"https:\/\/diarioelpopular.com\/index.php\/wp-json\/wp\/v2\/categories?post=524539"},{"taxonomy":"post_tag","embeddable":true,"href":"https:\/\/diarioelpopular.com\/index.php\/wp-json\/wp\/v2\/tags?post=524539"}],"curies":[{"name":"wp","href":"https:\/\/api.w.org\/{rel}","templated":true}]}}