{"id":524555,"date":"2024-11-06T10:28:00","date_gmt":"2024-11-06T14:28:00","guid":{"rendered":"https:\/\/diarioelpopular.com\/?p=524555"},"modified":"2024-11-06T10:28:00","modified_gmt":"2024-11-06T14:28:00","slug":"esto-es-lo-que-significa-para-canada-una-nueva-presidencia-de-donald-trump","status":"publish","type":"post","link":"https:\/\/diarioelpopular.com\/index.php\/2024\/11\/06\/esto-es-lo-que-significa-para-canada-una-nueva-presidencia-de-donald-trump\/","title":{"rendered":"Esto es lo que significa para Canad\u00e1 una nueva presidencia de Donald Trump"},"content":{"rendered":"<div id=\"attachment_524556\" style=\"width: 646px\" class=\"wp-caption alignnone\"><img loading=\"lazy\" decoding=\"async\" aria-describedby=\"caption-attachment-524556\" class=\"wp-image-524556 size-custom-full-size\" src=\"https:\/\/diarioelpopular.com\/wp-content\/uploads\/2024\/11\/Screen-Shot-2024-11-06-at-9.27.18-AM-636x476.png\" alt=\"\" width=\"636\" height=\"476\" srcset=\"https:\/\/diarioelpopular.com\/wp-content\/uploads\/2024\/11\/Screen-Shot-2024-11-06-at-9.27.18-AM-636x476.png 636w, https:\/\/diarioelpopular.com\/wp-content\/uploads\/2024\/11\/Screen-Shot-2024-11-06-at-9.27.18-AM-300x224.png 300w, https:\/\/diarioelpopular.com\/wp-content\/uploads\/2024\/11\/Screen-Shot-2024-11-06-at-9.27.18-AM-768x574.png 768w, https:\/\/diarioelpopular.com\/wp-content\/uploads\/2024\/11\/Screen-Shot-2024-11-06-at-9.27.18-AM-98x73.png 98w, https:\/\/diarioelpopular.com\/wp-content\/uploads\/2024\/11\/Screen-Shot-2024-11-06-at-9.27.18-AM.png 848w\" sizes=\"auto, (max-width: 636px) 100vw, 636px\" \/><p id=\"caption-attachment-524556\" class=\"wp-caption-text\">Foto Sean Kilpatrick\/THE CANADIAN PRESS<\/p><\/div>\n<p>&nbsp;<\/p>\n<p>&nbsp;<\/p>\n<ul>\n<li><em><strong>Canad\u00e1 tendr\u00e1 que recordar constantemente a su principal socio comercial que sus econom\u00edas est\u00e1n entrelazadas<\/strong><\/em><\/li>\n<\/ul>\n<p>&nbsp;<\/p>\n<p>Los canadienses est\u00e1n siguiendo de cerca el regreso pol\u00edtico de Donald Trump en Estados Unidos.<\/p>\n<p>Los observadores dicen que una victoria de Trump podr\u00eda significar inestabilidad econ\u00f3mica con fuertes aranceles y decisiones atrevidas que podr\u00edan desestabilizar el escenario mundial, incluido su vecino amistoso del norte. Los republicanos est\u00e1n recuperando el control del Senado de Estados Unidos, mientras que a\u00fan queda por ver qu\u00e9 partido controlar\u00e1 la C\u00e1mara de Representantes.<\/p>\n<p>El diario National Post habl\u00f3 con el senador Peter Boehm, ex embajador y sherpa canadiense para el G7 en Charlevoix, Louise Blais, ex embajadora ante las Naciones Unidas y ahora asesora principal del Consejo Empresarial de Canad\u00e1, as\u00ed como con Garry Keller, ex jefe de gabinete del ministro de Asuntos Exteriores de Canad\u00e1 y vicepresidente de StrategyCorp, para conocer sus puntos de vista sobre los desaf\u00edos que se avecinan para los canadienses.<\/p>\n<p><em><strong>ARANCELES<\/strong><\/em><br \/>\nCualquiera que sea el resultado de las elecciones estadounidenses, una cosa qued\u00f3 clara: Canad\u00e1 tendr\u00e1 que recordar constantemente a su principal socio comercial que sus econom\u00edas est\u00e1n entrelazadas.<\/p>\n<p>\u201cEl trabajo que tenemos que hacer es recordar siempre a los estadounidenses que tengan en cuenta el hecho de que sus cadenas de suministro est\u00e1n extremadamente integradas con Canad\u00e1, que fabricamos cosas juntos y que Canad\u00e1 es su cliente n\u00famero uno\u201d, dijo Blais.<\/p>\n<p>Como lo describe Keller: \u201cHay que decirlo una y otra y otra y otra y otra vez. Esa es la realidad\u201d.<\/p>\n<p>Trump ha prometido imponer un arancel universal del 10 por ciento a todas las importaciones que ingresen a los Estados Unidos y ha sugerido en ocasiones que podr\u00eda ser del 20 por ciento. Hasta ahora, no hay indicios de que Canad\u00e1 est\u00e9 exento, lo que costar\u00eda a la econom\u00eda decenas de miles de millones.<\/p>\n<p>\u201cDefinitivamente tendremos que trabajar para lograrlo. No creo que vayamos a tener un pase libre solo porque somos Canad\u00e1\u201d, dijo Blais.<\/p>\n<p>Canad\u00e1 ya tiene cierta experiencia en responder a tales amenazas. En 2018, la administraci\u00f3n de Trump anunci\u00f3 que impondr\u00eda aranceles a las importaciones de acero y aluminio, y Canad\u00e1 impuso contramedidas comerciales similares a productos estadounidenses cuidadosamente seleccionados.<\/p>\n<p>Keller dijo que los aranceles canadienses ten\u00edan como objetivo perjudicar a pol\u00edticos selectos a nivel local.<\/p>\n<p>Uno de esos productos era el bourbon de Kentucky, que estaba destinado a atacar al l\u00edder de los republicanos en el Senado, Mitch McConnell, de Kentucky, con la esperanza de que aumentara la presi\u00f3n sobre Trump para que se alejara de los aranceles. Canad\u00e1 y Estados Unidos llegaron a un acuerdo para poner fin a esos aranceles casi un a\u00f1o despu\u00e9s.<\/p>\n<p>Una administraci\u00f3n Trump querr\u00e1 volver a analizar el T-MEC cuando est\u00e9 programado para una revisi\u00f3n en 2026, y todas las apuestas est\u00e1n en juego en cuanto a qu\u00e9 irritantes comerciales podr\u00edan estar sobre la mesa. Blais dijo que no est\u00e1 fuera de cuesti\u00f3n que los estadounidenses usen la amenaza de los aranceles como una palanca en las discusiones y conversaciones en torno al acuerdo.<\/p>\n<p>\u201cSabemos que no est\u00e1n de acuerdo con la interpretaci\u00f3n del acuerdo tal como est\u00e1 hecho en lo que respecta a las normas de origen para los autom\u00f3viles y sabemos que siguen descontentos con nuestra gesti\u00f3n de la oferta de productos l\u00e1cteos, y ahora est\u00e1n realmente descontentos con el DST (impuesto a los servicios digitales)\u201d, dijo Blais.<\/p>\n<p>El Senado canadiense est\u00e1 en las etapas finales del estudio de un proyecto de ley del Bloc Qu\u00e9b\u00e9cois que proteger\u00eda a los sectores agr\u00edcolas bajo la gesti\u00f3n de la oferta de futuras negociaciones comerciales.<\/p>\n<p>Boehm, que preside el comit\u00e9 del Senado sobre asuntos exteriores y comercio internacional, no quiso hacer comentarios sobre ese asunto espec\u00edfico. Pero anteriormente dijo en el comit\u00e9 que se opone al proyecto de ley porque dividir\u00eda a la comunidad agr\u00edcola y tendr\u00eda implicaciones para futuras negociaciones comerciales, en particular la pr\u00f3xima revisi\u00f3n del T-MEC.<\/p>\n<p>Sin embargo, el ex diplom\u00e1tico dijo que las conversaciones duras durante las negociaciones comerciales van en ambos sentidos, entre estadounidenses y canadienses.<\/p>\n<p>\u201cSiempre son duros cuando negocian acuerdos comerciales, y son particularmente duros con nosotros, porque saben que nosotros tambi\u00e9n somos duros\u201d, dijo Boehm.<\/p>\n<p><em><strong>GASTO EN DEFENSA<\/strong><\/em><br \/>\nLa ex embajadora estadounidense en Canad\u00e1, Kelly Craft, que sirvi\u00f3 bajo el gobierno de Trump, advirti\u00f3 recientemente que Canad\u00e1 necesita gastar m\u00e1s en defensa, m\u00e1s r\u00e1pido, si Trump se convierte en presidente.<\/p>\n<p>Despu\u00e9s de a\u00f1os de presi\u00f3n de los aliados, Canad\u00e1 se comprometi\u00f3 a alcanzar el objetivo de gasto de la OTAN del dos por ciento del PIB en defensa para 2032. La fecha l\u00edmite original, que todos los miembros de la alianza, incluido Canad\u00e1, acordaron en 2014, era alcanzar esa meta para este a\u00f1o.<\/p>\n<p>Blais dijo que si bien Trump ha sido m\u00e1s franco al respecto cuando estaba en la Casa Blanca, los aliados europeos desde entonces han dado un paso adelante y han aumentado su gasto en defensa.<\/p>\n<p>&#8220;Creo que tenemos que entender que el mundo no es un lugar amigable&#8221;, dijo Blais. &#8220;Necesitamos proteger nuestras fronteras, y hay formas de hacerlo de una manera que realmente podamos impulsar nuestra econom\u00eda. As\u00ed que solo tenemos que reunir a las mejores mentes&#8221;.<\/p>\n<p>Pero a\u00f1adir miles de millones de d\u00f3lares al presupuesto de defensa de Canad\u00e1 es m\u00e1s f\u00e1cil de decir que de hacer. Keller dijo que, independientemente de si se trata de un gobierno liberal o conservador, alcanzar ese umbral requerir\u00eda una cantidad enorme de gasto. Tambi\u00e9n dijo que hay muchos problemas estructurales que dificultar\u00edan su consecuci\u00f3n, incluida la falta de reclutamiento de las Fuerzas Armadas canadienses.<\/p>\n<p>\u201cSi seguimos adelante y cumplimos con el total de adquisiciones del 2 por ciento en un corto per\u00edodo de tiempo, \u00bfqui\u00e9n va a operar todo ese equipo?\u201d<\/p>\n<p><em><strong>POL\u00cdTICA DE INMIGRACI\u00d3N<\/strong><\/em><br \/>\nTrump ha prometido una revisi\u00f3n radical de la pol\u00edtica de inmigraci\u00f3n estadounidense si gana, incluidas deportaciones masivas de millones de personas y m\u00e1s recursos en la frontera entre Estados Unidos y M\u00e9xico.<\/p>\n<p>Boehm dijo que las deportaciones masivas le parecen \u201ctotalmente inviables\u201d y puso el ejemplo fallido del Reino Unido, que intent\u00f3 enviar inmigrantes ilegales y solicitantes de asilo a Ruanda. En \u00faltima instancia, los conservadores fueron derrotados durante las elecciones de este a\u00f1o y el Partido Laborista anunci\u00f3 que el plan de Ruanda ser\u00eda cancelado.<\/p>\n<p>\u201c\u00bfC\u00f3mo van a convencer a otro pa\u00eds de que simplemente acepte a las personas que est\u00e1n deportando?\u201d, pregunt\u00f3 Boehm.<\/p>\n<p>Sin embargo, parece poco probable que el Primer Ministro Justin Trudeau env\u00ede otro tuit dando la bienvenida a quienes huyen de la guerra y la persecuci\u00f3n, como lo hizo en 2017 despu\u00e9s de que Trump emitiera una prohibici\u00f3n de viajes a los pa\u00edses de mayor\u00eda musulmana. Eso llev\u00f3 a que miles de personas cruzaran Roxham Road en la frontera canadiense con la esperanza de solicitar asilo. Desde entonces, Roxham Road ha estado cerrada.<\/p>\n<p>Keller dijo que el gobierno canadiense probablemente se est\u00e9 preparando para otra afluencia en la frontera.<\/p>\n<p>\u201cC\u00f3mo est\u00e1 preparado el gobierno para lidiar con eso es la gran pregunta. No hemos escuchado nada todav\u00eda y no culpo al gobierno por mantener a los que lo mantienen en silencio antes del per\u00edodo previo a las elecciones, pero creo que es un tema de actualidad\u201d, dijo.<\/p>\n<p><em><strong>ASUNTOS EXTERIORES<\/strong><\/em><br \/>\nNo est\u00e1 claro c\u00f3mo Trump pondr\u00eda fin a la guerra de Rusia contra Ucrania en \u201cun d\u00eda\u201d, como ha afirmado repetidamente que har\u00eda.<\/p>\n<p>Boehm dijo que eso significar\u00eda que Ucrania entregar\u00eda parte del territorio a Rusia. \u201cEn t\u00e9rminos de mi experiencia en pol\u00edtica exterior, la \u00fanica manera de terminar con eso\u2026 es a trav\u00e9s de una paz forzada que le permita a Rusia conservar el territorio que tiene, lo cual es un anatema para lo que Ucrania quiere, lo que quiere la OTAN y, ciertamente, lo que quiere la Uni\u00f3n Europea\u201d, dijo.<\/p>\n<p>Si eso sucede, Keller dijo que Canad\u00e1 podr\u00eda ser llamado por sus aliados europeos para jugar un papel m\u00e1s importante financieramente para defender a Ucrania o hacer una campa\u00f1a de susurros para tratar de convencer a Trump de lo contrario.<\/p>\n<p>\u201cNo olvidemos que (el ex presidente estadounidense Barack) Obama b\u00e1sicamente hizo eso con Crimea\u201d, dijo Blais. \u201cHay un precedente, y la guerra tendr\u00e1 que terminar en alg\u00fan momento. Y c\u00f3mo termina a\u00fan est\u00e1 por verse\u201d.<\/p>\n<p>Obama ha defendido previamente su respuesta a la anexi\u00f3n de Crimea por parte de Rusia en 2014, diciendo que las circunstancias eran diferentes a la actual invasi\u00f3n rusa de Ucrania.<\/p>\n<p>En cuanto a la guerra entre Israel y Ham\u00e1s, Trump seguir\u00eda siendo \u201cmuy partidario\u201d del primer ministro israel\u00ed Benjamin Netanyahu, habi\u00e9ndolo recibido en su finca de Mar-A-Lago en Florida a principios de este a\u00f1o.<\/p>\n","protected":false},"excerpt":{"rendered":"<p>&nbsp; &nbsp; Canad\u00e1 tendr\u00e1 que recordar constantemente a su principal socio comercial que sus econom\u00edas est\u00e1n entrelazadas &nbsp; Los canadienses est\u00e1n siguiendo de cerca el&hellip;<\/p>\n","protected":false},"author":99,"featured_media":524556,"comment_status":"open","ping_status":"open","sticky":false,"template":"","format":"standard","meta":{"footnotes":""},"categories":[21],"tags":[],"class_list":["post-524555","post","type-post","status-publish","format-standard","has-post-thumbnail","hentry","category-canada"],"_links":{"self":[{"href":"https:\/\/diarioelpopular.com\/index.php\/wp-json\/wp\/v2\/posts\/524555","targetHints":{"allow":["GET"]}}],"collection":[{"href":"https:\/\/diarioelpopular.com\/index.php\/wp-json\/wp\/v2\/posts"}],"about":[{"href":"https:\/\/diarioelpopular.com\/index.php\/wp-json\/wp\/v2\/types\/post"}],"author":[{"embeddable":true,"href":"https:\/\/diarioelpopular.com\/index.php\/wp-json\/wp\/v2\/users\/99"}],"replies":[{"embeddable":true,"href":"https:\/\/diarioelpopular.com\/index.php\/wp-json\/wp\/v2\/comments?post=524555"}],"version-history":[{"count":1,"href":"https:\/\/diarioelpopular.com\/index.php\/wp-json\/wp\/v2\/posts\/524555\/revisions"}],"predecessor-version":[{"id":524557,"href":"https:\/\/diarioelpopular.com\/index.php\/wp-json\/wp\/v2\/posts\/524555\/revisions\/524557"}],"wp:featuredmedia":[{"embeddable":true,"href":"https:\/\/diarioelpopular.com\/index.php\/wp-json\/wp\/v2\/media\/524556"}],"wp:attachment":[{"href":"https:\/\/diarioelpopular.com\/index.php\/wp-json\/wp\/v2\/media?parent=524555"}],"wp:term":[{"taxonomy":"category","embeddable":true,"href":"https:\/\/diarioelpopular.com\/index.php\/wp-json\/wp\/v2\/categories?post=524555"},{"taxonomy":"post_tag","embeddable":true,"href":"https:\/\/diarioelpopular.com\/index.php\/wp-json\/wp\/v2\/tags?post=524555"}],"curies":[{"name":"wp","href":"https:\/\/api.w.org\/{rel}","templated":true}]}}