{"id":524568,"date":"2024-11-07T09:56:42","date_gmt":"2024-11-07T13:56:42","guid":{"rendered":"https:\/\/diarioelpopular.com\/?p=524568"},"modified":"2024-11-07T09:56:42","modified_gmt":"2024-11-07T13:56:42","slug":"dos-acusados-de-vender-vehiculos-robados-en-un-concesionario-de-automoviles-de-ontario","status":"publish","type":"post","link":"https:\/\/diarioelpopular.com\/index.php\/2024\/11\/07\/dos-acusados-de-vender-vehiculos-robados-en-un-concesionario-de-automoviles-de-ontario\/","title":{"rendered":"Dos acusados \u200b\u200bde vender veh\u00edculos robados en un concesionario de autom\u00f3viles de Ontario"},"content":{"rendered":"<div id=\"attachment_524569\" style=\"width: 646px\" class=\"wp-caption alignnone\"><img loading=\"lazy\" decoding=\"async\" aria-describedby=\"caption-attachment-524569\" class=\"wp-image-524569 size-custom-full-size\" src=\"https:\/\/diarioelpopular.com\/wp-content\/uploads\/2024\/11\/Screen-Shot-2024-11-07-at-8.55.29-AM-636x357.png\" alt=\"\" width=\"636\" height=\"357\" srcset=\"https:\/\/diarioelpopular.com\/wp-content\/uploads\/2024\/11\/Screen-Shot-2024-11-07-at-8.55.29-AM-636x357.png 636w, https:\/\/diarioelpopular.com\/wp-content\/uploads\/2024\/11\/Screen-Shot-2024-11-07-at-8.55.29-AM-300x169.png 300w, https:\/\/diarioelpopular.com\/wp-content\/uploads\/2024\/11\/Screen-Shot-2024-11-07-at-8.55.29-AM-768x432.png 768w, https:\/\/diarioelpopular.com\/wp-content\/uploads\/2024\/11\/Screen-Shot-2024-11-07-at-8.55.29-AM-130x73.png 130w, https:\/\/diarioelpopular.com\/wp-content\/uploads\/2024\/11\/Screen-Shot-2024-11-07-at-8.55.29-AM.png 950w\" sizes=\"auto, (max-width: 636px) 100vw, 636px\" \/><p id=\"caption-attachment-524569\" class=\"wp-caption-text\">Global News<\/p><\/div>\n<p>&nbsp;<\/p>\n<p>&nbsp;<\/p>\n<ul>\n<li><em><strong>La polic\u00eda de Ontario ha acusado a dos personas, que eran vendedores en un concesionario de autom\u00f3viles &#8220;de marca&#8221;, en relaci\u00f3n con ventas fraudulentas de veh\u00edculos robados a compradores desprevenidos.<\/strong><\/em><\/li>\n<\/ul>\n<p>&nbsp;<\/p>\n<p>&nbsp;<\/p>\n<p>El detective Dan Kraehling dijo a los periodistas que lanzaron el Proyecto Warden en agosto para identificar a las personas involucradas en el tr\u00e1fico de veh\u00edculos robados.<\/p>\n<p>Kraehling aleg\u00f3 que dos sospechosos, que trabajaban como vendedores en un concesionario de Toronto, usaban su trabajo para vender autom\u00f3viles robados.<\/p>\n<p>&#8220;Estaban usando su posici\u00f3n para adquirir y vender veh\u00edculos robados a compradores desprevenidos, haci\u00e9ndolos pasar como leg\u00edtimos&#8221;, dijo.<\/p>\n<p>Kraehling alega que uno de los vendedores acusados \u200b\u200bobten\u00eda veh\u00edculos usados \u200b\u200brobados de empresas con n\u00fameros falsos y usaba los fondos propios del concesionario para comprarlos, y luego los veh\u00edculos eran &#8220;presentados fraudulentamente como leg\u00edtimos a compradores desprevenidos&#8221;.<\/p>\n<p>\u201cPara continuar con el enga\u00f1o, los acusados \u200b\u200bgeneraban documentos de venta ficticios utilizando n\u00fameros de bastidor robados y falsos\u201d, dijo. \u201cTambi\u00e9n modificaban y alteraban los informes de Carfax para poder presentar el veh\u00edculo como una compra leg\u00edtima a un comprador desprevenido.<\/p>\n<p>\u201cLos veh\u00edculos robados luego se entregaban al comprador, sin que este supiera que la documentaci\u00f3n que acababa de completar no coincid\u00eda con el veh\u00edculo del que se hab\u00eda apoderado\u201d.<\/p>\n<p>Kraehling dijo que en algunos casos los veh\u00edculos estaban registrados falsamente a nombre de personas que no figuraban en los documentos de venta, incluida una persona que hab\u00eda fallecido en el momento de la venta.<\/p>\n<p>Despu\u00e9s de varias \u00f3rdenes de registro, los agentes recuperaron dos veh\u00edculos de haber sido revendidos, as\u00ed como varios documentos y dispositivos electr\u00f3nicos utilizados en el plan, dijo Kraehling.<\/p>\n<p>Hasta la fecha, Kraehling dijo que los investigadores han vinculado 22 ventas de autom\u00f3viles falsas que se llevaron a cabo mientras los acusados \u200b\u200bactuaban en su calidad de vendedores de autom\u00f3viles leg\u00edtimos.<\/p>\n<p>La p\u00e9rdida financiera es de alrededor de 2,18 millones de d\u00f3lares, que afect\u00f3 tanto al concesionario como a los compradores, dijo.<\/p>\n<p>Kraehling tambi\u00e9n dijo que la estafa dur\u00f3 aproximadamente un a\u00f1o y que el concesionario se dio cuenta varios meses despu\u00e9s de que los dos acusados \u200b\u200bcomenzaran a trabajar all\u00ed y lo denunciaron a la polic\u00eda. La polic\u00eda no mencion\u00f3 el nombre del concesionario ni de qu\u00e9 marca de autom\u00f3vil se trataba, donde se produjeron las transacciones.<\/p>\n<p>Cuando los periodistas le preguntaron si hay alg\u00fan v\u00ednculo con ServiceOntario en relaci\u00f3n con el plan fraudulento, Kraehling dijo que esa parte a\u00fan se est\u00e1 investigando.<\/p>\n<p>En casos anteriores, los empleados de ServiceOntario han sido arrestados y acusados \u200b\u200bpor participar en la reinstalaci\u00f3n de veh\u00edculos. El gobierno de Ford anunci\u00f3 recientemente que planea aumentar dr\u00e1sticamente los castigos por fraude de VIN para incluir fuertes multas, suspensiones de licencia y la posibilidad de pasar tiempo en prisi\u00f3n.<\/p>\n<p>Dos personas, un hombre de 35 y 32 a\u00f1os, se enfrentan a 176 cargos. Los cargos incluyen falsificaci\u00f3n, alteraci\u00f3n o eliminaci\u00f3n de un VIN (n\u00famero de identificaci\u00f3n del veh\u00edculo) y emisi\u00f3n de un documento falsificado.<\/p>\n<p>Los investigadores est\u00e1n pidiendo a cualquier persona que pueda haber comprado un veh\u00edculo a los sospechosos que se presente ante la polic\u00eda.<\/p>\n<p>\u201cComo siempre, al comprar un veh\u00edculo usado recomendamos que las personas hagan la debida diligencia comprando informes de historial de veh\u00edculos independientes y compar\u00e1ndolos con el veh\u00edculo que est\u00e1n comprando\u201d, dijo.<\/p>\n<p>Kraehling tambi\u00e9n advirti\u00f3 que incluso si un autom\u00f3vil proviene de un \u201cconcesionario de marca\u201d, verifique dos veces el veh\u00edculo. Se\u00f1al\u00f3 que en el caso de los autom\u00f3viles usados, es m\u00e1s f\u00e1cil detectar discrepancias entre los informes.<\/p>\n","protected":false},"excerpt":{"rendered":"<p>&nbsp; &nbsp; La polic\u00eda de Ontario ha acusado a dos personas, que eran vendedores en un concesionario de autom\u00f3viles &#8220;de marca&#8221;, en relaci\u00f3n con ventas&hellip;<\/p>\n","protected":false},"author":99,"featured_media":524569,"comment_status":"open","ping_status":"open","sticky":false,"template":"","format":"standard","meta":{"footnotes":""},"categories":[11364],"tags":[],"class_list":["post-524568","post","type-post","status-publish","format-standard","has-post-thumbnail","hentry","category-toronto-gta"],"_links":{"self":[{"href":"https:\/\/diarioelpopular.com\/index.php\/wp-json\/wp\/v2\/posts\/524568","targetHints":{"allow":["GET"]}}],"collection":[{"href":"https:\/\/diarioelpopular.com\/index.php\/wp-json\/wp\/v2\/posts"}],"about":[{"href":"https:\/\/diarioelpopular.com\/index.php\/wp-json\/wp\/v2\/types\/post"}],"author":[{"embeddable":true,"href":"https:\/\/diarioelpopular.com\/index.php\/wp-json\/wp\/v2\/users\/99"}],"replies":[{"embeddable":true,"href":"https:\/\/diarioelpopular.com\/index.php\/wp-json\/wp\/v2\/comments?post=524568"}],"version-history":[{"count":1,"href":"https:\/\/diarioelpopular.com\/index.php\/wp-json\/wp\/v2\/posts\/524568\/revisions"}],"predecessor-version":[{"id":524570,"href":"https:\/\/diarioelpopular.com\/index.php\/wp-json\/wp\/v2\/posts\/524568\/revisions\/524570"}],"wp:featuredmedia":[{"embeddable":true,"href":"https:\/\/diarioelpopular.com\/index.php\/wp-json\/wp\/v2\/media\/524569"}],"wp:attachment":[{"href":"https:\/\/diarioelpopular.com\/index.php\/wp-json\/wp\/v2\/media?parent=524568"}],"wp:term":[{"taxonomy":"category","embeddable":true,"href":"https:\/\/diarioelpopular.com\/index.php\/wp-json\/wp\/v2\/categories?post=524568"},{"taxonomy":"post_tag","embeddable":true,"href":"https:\/\/diarioelpopular.com\/index.php\/wp-json\/wp\/v2\/tags?post=524568"}],"curies":[{"name":"wp","href":"https:\/\/api.w.org\/{rel}","templated":true}]}}