{"id":524587,"date":"2024-11-07T10:39:10","date_gmt":"2024-11-07T14:39:10","guid":{"rendered":"https:\/\/diarioelpopular.com\/?p=524587"},"modified":"2024-11-07T10:39:10","modified_gmt":"2024-11-07T14:39:10","slug":"lo-que-viene-con-trump-para-los-hispanos-deportaciones-masivas-no-mas-parole-ni-daca-y-otras-amenazas","status":"publish","type":"post","link":"https:\/\/diarioelpopular.com\/index.php\/2024\/11\/07\/lo-que-viene-con-trump-para-los-hispanos-deportaciones-masivas-no-mas-parole-ni-daca-y-otras-amenazas\/","title":{"rendered":"Lo que viene con Trump para los hispanos: deportaciones masivas, no m\u00e1s parole ni DACA y otras amenazas"},"content":{"rendered":"<div id=\"attachment_524588\" style=\"width: 646px\" class=\"wp-caption alignnone\"><img loading=\"lazy\" decoding=\"async\" aria-describedby=\"caption-attachment-524588\" class=\"wp-image-524588 size-custom-full-size\" src=\"https:\/\/diarioelpopular.com\/wp-content\/uploads\/2024\/11\/Screen-Shot-2024-11-07-at-9.38.28-AM-636x366.png\" alt=\"\" width=\"636\" height=\"366\" srcset=\"https:\/\/diarioelpopular.com\/wp-content\/uploads\/2024\/11\/Screen-Shot-2024-11-07-at-9.38.28-AM-636x366.png 636w, https:\/\/diarioelpopular.com\/wp-content\/uploads\/2024\/11\/Screen-Shot-2024-11-07-at-9.38.28-AM-300x173.png 300w, https:\/\/diarioelpopular.com\/wp-content\/uploads\/2024\/11\/Screen-Shot-2024-11-07-at-9.38.28-AM-768x442.png 768w, https:\/\/diarioelpopular.com\/wp-content\/uploads\/2024\/11\/Screen-Shot-2024-11-07-at-9.38.28-AM-1200x690.png 1200w, https:\/\/diarioelpopular.com\/wp-content\/uploads\/2024\/11\/Screen-Shot-2024-11-07-at-9.38.28-AM-127x73.png 127w, https:\/\/diarioelpopular.com\/wp-content\/uploads\/2024\/11\/Screen-Shot-2024-11-07-at-9.38.28-AM.png 1024w\" sizes=\"auto, (max-width: 636px) 100vw, 636px\" \/><p id=\"caption-attachment-524588\" class=\"wp-caption-text\">Donald Trump durante una visita a la frontera sur de Estados Unidos, en Pharr, Texas, en 2021.\u00a0 \u00a0 Foto: Eric Gay (AP) | V\u00eddeo: EPV<\/p><\/div>\n<p>&nbsp;<\/p>\n<p>&nbsp;<\/p>\n<h4 class=\"a_st\"><em>&#8211; Las declaraciones durante la campa\u00f1a del presidente electo pronostican un oscuro panorama para gran parte de este grupo, aunque no le haya pasado factura en votos<\/em><\/h4>\n<p>&nbsp;<\/p>\n<p class=\"\">El apabullante<a href=\"https:\/\/elpais.com\/internacional\/elecciones-usa\/2024-11-06\/trump-presidente-por-segunda-vez.html\" data-link-track-dtm=\"\" data-mrf-link=\"https:\/\/elpais.com\/internacional\/elecciones-usa\/2024-11-06\/trump-presidente-por-segunda-vez.html\">\u00a0triunfo de Donald Trump en las elecciones presidenciales<\/a>\u00a0no habr\u00eda sido posible sin el apoyo de los latinos. El giro que ha dado el electorado hispano, tradicionalmente dem\u00f3crata, ha alzado con la victoria a quien ha izado como bandera la lucha contra la inmigraci\u00f3n. El discurso xen\u00f3fobo que ha difundido el republicano durante toda la campa\u00f1a ha tachado a los migrantes de criminales, que<a href=\"https:\/\/elpais.com\/us\/2024-10-17\/el-34-de-la-poblacion-comparte-la-opinion-de-trump-de-que-los-migrantes-han-contaminado-la-sangre-de-estados-unidos-segun-una-encuesta.html\" data-link-track-dtm=\"\" data-mrf-link=\"https:\/\/elpais.com\/us\/2024-10-17\/el-34-de-la-poblacion-comparte-la-opinion-de-trump-de-que-los-migrantes-han-contaminado-la-sangre-de-estados-unidos-segun-una-encuesta.html\">\u00a0\u201cenvenenan la sangre del pa\u00eds\u201d<\/a>\u00a0e incluso ha llegado a afirmar, con declaraciones m\u00e1s propias de ideolog\u00eda nazi, que tienen \u201cgenes malos\u201d. A pesar de que Trump se ha desvinculado de \u00e9l, se prev\u00e9 que el Proyecto 2025, realizado por un grupo de radicales seguidores que priorizan acabar con la inmigraci\u00f3n, ser\u00e1 una gu\u00eda de su pol\u00edtica.<\/p>\n<p class=\"\">Los latinos que son ciudadanos estadounidenses y\u00a0<a href=\"https:\/\/elpais.com\/internacional\/elecciones-usa\/2024-11-07\/resultados-y-reacciones-de-las-elecciones-en-estados-unidos-en-vivo.html\" data-link-track-dtm=\"\" data-mrf-link=\"https:\/\/elpais.com\/internacional\/elecciones-usa\/2024-11-07\/resultados-y-reacciones-de-las-elecciones-en-estados-unidos-en-vivo.html\">han votado por Trump<\/a>\u00a0no se dan por aludidos por las amenazas del expresidente, pero lo cierto es que si llega a cumplir todas sus promesas contra la inmigraci\u00f3n, hay estimaciones de que unos 19 millones de latinos pueden verse afectados. No son s\u00f3lo los migrantes que ser\u00edan objeto de la mayor deportaci\u00f3n de la historia (indocumentados o no), sino sus c\u00f3nyuges, hijos y otros familiares relacionados con ellos. Estas son algunas de las amenazas que el que ser\u00e1 el 47 presidente de Estados Unidos ha hecho.<\/p>\n<h3 class=\"\">La mayor deportaci\u00f3n de la historia<\/h3>\n<p class=\"\">La estrella de su discurso durante la campa\u00f1a ha sido prometer que, si llega a la Casa Blanca, llevar\u00e1 a cabo\u00a0<a href=\"https:\/\/elpais.com\/us\/migracion\/2024-09-19\/el-54-de-los-votantes-respalda-la-mayor-deportacion-de-la-historia-que-promete-trump.html\" data-link-track-dtm=\"\" data-mrf-link=\"https:\/\/elpais.com\/us\/migracion\/2024-09-19\/el-54-de-los-votantes-respalda-la-mayor-deportacion-de-la-historia-que-promete-trump.html\">la mayor deportaci\u00f3n de la historia\u00a0<\/a>de migrantes indocumentados. Afectar\u00eda a unos 11 millones de personas.<\/p>\n<p class=\"\">Trump respaldar\u00eda la bautizada como \u201cOperaci\u00f3n Aurora\u201d con una ley utilizada en tiempos de guerra, que contempla la expulsi\u00f3n de los enemigos que invaden Estados Unidos. Desde que fue promulgada, a finales del siglo XVIII, esta norma solo se ha aplicado en tres ocasiones: la guerra de 1812, la Primera Guerra Mundial y la Segunda Guerra Mundial.\u00a0<a href=\"https:\/\/elpais.com\/us\/2024-10-18\/las-organizaciones-hispanas-en-alerta-ante-la-operacion-aurora-trump-ha-declarado-la-guerra-a-la-comunidad-latina.html\" data-link-track-dtm=\"\" data-mrf-link=\"https:\/\/elpais.com\/us\/2024-10-18\/las-organizaciones-hispanas-en-alerta-ante-la-operacion-aurora-trump-ha-declarado-la-guerra-a-la-comunidad-latina.html\">Las organizaciones latinas de derechos civiles\u00a0<\/a>han alertado de que la operaci\u00f3n no se limitar\u00eda a los migrantes que no tienen documentos estadounidenses.<\/p>\n<p>&nbsp;<\/p>\n<figure class=\"a_m a_m-h \">\n<p><div style=\"width: 424px\" class=\"wp-caption alignnone\"><img loading=\"lazy\" decoding=\"async\" class=\"_re lazyload a_m-h\" src=\"https:\/\/imagenes.elpais.com\/resizer\/v2\/2OPNKI4XANBO5KHZGFVUGA5DJA.jpg?auth=525eaf8e29d6754c4536042057f41e34353bb0c2dd26d86b33b94586c26ae269&amp;width=414\" sizes=\"auto, (min-width:1199px) 1155px,(min-width:1001px) calc(100vw - 44px),(min-width:768px) 767px, 100vw\" srcset=\"https:\/\/imagenes.elpais.com\/resizer\/v2\/2OPNKI4XANBO5KHZGFVUGA5DJA.jpg?auth=525eaf8e29d6754c4536042057f41e34353bb0c2dd26d86b33b94586c26ae269&amp;width=414 414w,https:\/\/imagenes.elpais.com\/resizer\/v2\/2OPNKI4XANBO5KHZGFVUGA5DJA.jpg?auth=525eaf8e29d6754c4536042057f41e34353bb0c2dd26d86b33b94586c26ae269&amp;width=828 640w,https:\/\/imagenes.elpais.com\/resizer\/v2\/2OPNKI4XANBO5KHZGFVUGA5DJA.jpg?auth=525eaf8e29d6754c4536042057f41e34353bb0c2dd26d86b33b94586c26ae269&amp;width=980 1000w,https:\/\/imagenes.elpais.com\/resizer\/v2\/2OPNKI4XANBO5KHZGFVUGA5DJA.jpg?auth=525eaf8e29d6754c4536042057f41e34353bb0c2dd26d86b33b94586c26ae269&amp;width=1960 1960w\" alt=\"Tijuana, Mexico\" width=\"414\" height=\"276\" \/><p class=\"wp-caption-text\">Miembros de la Patrulla Fronteriza detienen a migrantes hondure\u00f1os tras cruzar a territorio estadounidense desde Tijuana, M\u00e9xico.Felix Marquez (AP)<\/p><\/div><figcaption class=\"a_m_p\"><\/figcaption><\/figure>\n<p>&nbsp;<\/p>\n<p class=\"\">En numerosas ocasiones, Trump ha equiparado a los migrantes sin papeles con\u00a0<a href=\"https:\/\/elpais.com\/us\/migracion\/2024-06-28\/trump-despotrica-contra-la-inmigracion-durante-hora-y-media-los-migrantes-estan-asesinando-y-violando-a-nuestras-mujeres.html\" data-link-track-dtm=\"\" data-mrf-link=\"https:\/\/elpais.com\/us\/migracion\/2024-06-28\/trump-despotrica-contra-la-inmigracion-durante-hora-y-media-los-migrantes-estan-asesinando-y-violando-a-nuestras-mujeres.html\">delincuentes que roban, matan y violan<\/a>, por lo que los considera los enemigos del pa\u00eds. Los acusa adem\u00e1s de reemplazar a trabajadores estadounidenses y causar el desempleo, a pesar de que los estudios apuntan a que la deportaci\u00f3n ser\u00eda muy negativa para la econom\u00eda del pa\u00eds. Los migrantes indocumentados suelen ocupar los empleos que los americanos no quieren desempe\u00f1ar, como los del campo. Pagan impuestos y ayudan a mantener la seguridad social, a pesar de no beneficiarse de ello.<\/p>\n<h3 class=\"\">Fin del programa DACA<\/h3>\n<p class=\"\">Ya en 2017, durante su anterior presidencia, Trump quiso eliminar el programa DACA, pero el Tribunal Supremo se lo impidi\u00f3, a pesar de que admiti\u00f3 que el presidente tiene autoridad para anularlo. El programa, aprobado en 2012 durante la presidencia de Barack Obama, conced\u00eda el permiso de residencia y trabajo a los migrantes que llegaron al pa\u00eds de forma ilegal cuando eran ni\u00f1os. A petici\u00f3n de varios Estados gobernados por republicanos,\u00a0<a href=\"https:\/\/elpais.com\/us\/migracion\/2024-10-09\/un-tribunal-de-apelaciones-decide-la-legalidad-del-programa-daca.html\" data-link-track-dtm=\"\" data-mrf-link=\"https:\/\/elpais.com\/us\/migracion\/2024-10-09\/un-tribunal-de-apelaciones-decide-la-legalidad-del-programa-daca.html\">un juez de Texas paraliz\u00f3 el programa,\u00a0<\/a>que ya no acepta nuevos solicitantes. Los que entraron, unos 580.000 beneficiarios, pueden seguir renov\u00e1ndolo cada dos a\u00f1os. Los llamados \u201cdreamers\u201d llevan m\u00e1s de dos d\u00e9cadas en el pa\u00eds, son profesionales, han creado familias, echado ra\u00edces y la deportaci\u00f3n les expulsar\u00eda del que consideran su pa\u00eds.<\/p>\n<h3 class=\"\">Fin del programa Manteniendo a las Familias Unidas<\/h3>\n<p class=\"\"><a href=\"https:\/\/elpais.com\/us\/migracion\/2024-08-27\/biden-promete-luchar-para-revertir-la-orden-que-suspende-su-programa-de-regularizacion-a-500000-migrantes.html\" data-link-track-dtm=\"\" data-mrf-link=\"https:\/\/elpais.com\/us\/migracion\/2024-08-27\/biden-promete-luchar-para-revertir-la-orden-que-suspende-su-programa-de-regularizacion-a-500000-migrantes.html\">Aprobado por Joe Biden\u00a0<\/a>en junio de este a\u00f1o, el Programa Manteniendo a las Familias Unidas se convirti\u00f3 en la mayor reforma migratoria de su Administraci\u00f3n al conceder la residencia a los c\u00f3nyuges de ciudadanos estadounidenses, pero fue<a href=\"https:\/\/elpais.com\/us\/migracion\/2024-08-27\/biden-promete-luchar-para-revertir-la-orden-que-suspende-su-programa-de-regularizacion-a-500000-migrantes.html\" data-link-track-dtm=\"\" data-mrf-link=\"https:\/\/elpais.com\/us\/migracion\/2024-08-27\/biden-promete-luchar-para-revertir-la-orden-que-suspende-su-programa-de-regularizacion-a-500000-migrantes.html\">\u00a0interrumpido unos d\u00edas despu\u00e9s por un juez federal de Texas,<\/a>\u00a0a petici\u00f3n del fiscal republicano Ken Paxton, que lider\u00f3 a 15 Estados republicanos. Trump se opuso al programa y acus\u00f3 a Biden de conceder una \u201camnist\u00eda masiva\u201d a los \u201cdelincuentes\u201d que entraron de forma ilegal al pa\u00eds. Medio mill\u00f3n de personas m\u00e1s sus hijos pod\u00edan beneficiarse del programa, conocido en ingl\u00e9s como\u00a0<i>Parole in Place.<\/i><\/p>\n<p class=\"\">Los solicitantes deben haber vivido en Estados Unidos un m\u00ednimo de 10 a\u00f1os y haberse casado con un ciudadano estadounidense antes del 18 de junio. Adem\u00e1s, no pueden suponer una amenaza nacional ni tener antecedentes penales. De media, los beneficiados han vivido m\u00e1s de dos d\u00e9cadas en Estados Unidos.<\/p>\n<h3 class=\"\">Adi\u00f3s al TPS<\/h3>\n<p class=\"\">\u201cSpringfield es un lugar tan hermoso. \u00bfHas visto lo que le pas\u00f3? Ha sido invadido. No puedes hacerle eso a la gente. Revocar\u00eda (el estatus de protecci\u00f3n temporal o TPS, por sus siglas en ingl\u00e9s) y traer\u00eda (a los inmigrantes) de regreso a su pa\u00eds\u201d, dijo Trump en\u00a0<a href=\"https:\/\/www.newsnationnow.com\/politics\/2024-election\/trump-springfield-haitian-migrants-removed\/\" target=\"_blank\" rel=\"noopener\" data-link-track-dtm=\"\" data-mrf-link=\"https:\/\/www.newsnationnow.com\/politics\/2024-election\/trump-springfield-haitian-migrants-removed\/\">una entrevista a NewsNation\u00a0<\/a>el mes pasado.<\/p>\n<p class=\"\"><a href=\"https:\/\/elpais.com\/us\/migracion\/2024-10-05\/el-fin-del-parole-humanitario-tps-y-daca-dejara-a-tres-millones-de-inmigrantes-a-las-puertas-de-la-deportacion-en-los-proximos-dos-anos.html\" data-link-track-dtm=\"\" data-mrf-link=\"https:\/\/elpais.com\/us\/migracion\/2024-10-05\/el-fin-del-parole-humanitario-tps-y-daca-dejara-a-tres-millones-de-inmigrantes-a-las-puertas-de-la-deportacion-en-los-proximos-dos-anos.html\">El TPS protege a unas 330.000 personas\u00a0<\/a>que, de regresar a su pa\u00eds, sufrir\u00edan violencia, hambruna, las consecuencias de desastres naturales u otras condiciones potencialmente mortales. El grupo m\u00e1s grande de beneficiarios del TPS es el de El Salvador (195.000 personas), seguido de Honduras (57.000 personas) y Hait\u00ed (50.000 personas).<\/p>\n<p>&nbsp;<\/p>\n<figure class=\"a_m a_m-h \">\n<p><div style=\"width: 424px\" class=\"wp-caption alignnone\"><img loading=\"lazy\" decoding=\"async\" class=\"_re lazyload a_m-h\" src=\"https:\/\/imagenes.elpais.com\/resizer\/v2\/XE3G3JPYMRDVHF5JTGOYESFGJA.jpg?auth=070d691761a6f805a5a66abf30d6ee00d891af92d1e25e8c36694f4133263268&amp;width=414\" sizes=\"auto, (min-width:1199px) 1155px,(min-width:1001px) calc(100vw - 44px),(min-width:768px) 767px, 100vw\" srcset=\"https:\/\/imagenes.elpais.com\/resizer\/v2\/XE3G3JPYMRDVHF5JTGOYESFGJA.jpg?auth=070d691761a6f805a5a66abf30d6ee00d891af92d1e25e8c36694f4133263268&amp;width=414 414w,https:\/\/imagenes.elpais.com\/resizer\/v2\/XE3G3JPYMRDVHF5JTGOYESFGJA.jpg?auth=070d691761a6f805a5a66abf30d6ee00d891af92d1e25e8c36694f4133263268&amp;width=828 640w,https:\/\/imagenes.elpais.com\/resizer\/v2\/XE3G3JPYMRDVHF5JTGOYESFGJA.jpg?auth=070d691761a6f805a5a66abf30d6ee00d891af92d1e25e8c36694f4133263268&amp;width=980 1000w,https:\/\/imagenes.elpais.com\/resizer\/v2\/XE3G3JPYMRDVHF5JTGOYESFGJA.jpg?auth=070d691761a6f805a5a66abf30d6ee00d891af92d1e25e8c36694f4133263268&amp;width=1960 1960w\" alt=\"Springfield, Ohio\" width=\"414\" height=\"276\" \/><p class=\"wp-caption-text\">Haitianos trabajan en un restaurante en Springfield, Ohio, el 25 de octubre de 2024.Richard PIERRIN<\/p><\/div><figcaption class=\"a_m_p\"><\/figcaption><\/figure>\n<p>&nbsp;<\/p>\n<p class=\"\">En el \u00fanico debate presidencial con Kamala Harris, Trump difundi\u00f3 el infame bulo de que los haitianos que viven en la ciudad de Springfield, en Ohio, se comen a las mascotas, provocando el caos y escenas de violencia en la ciudad.<\/p>\n<h3 class=\"\">No m\u00e1s \u2018parole\u2019 humanitario<\/h3>\n<p class=\"\">Unas 530.000 personas han llegado al pa\u00eds bajo la protecci\u00f3n del programa\u00a0<i>parole\u00a0<\/i>humanitario<i>,<\/i>\u00a0que permiti\u00f3 la entrada de migrantes de Venezuela, Cuba, Nicaragua y Hait\u00ed. Aprobado en 2022 conced\u00eda asilo a\u00a0<a href=\"https:\/\/elpais.com\/us\/2024-11-04\/el-voto-venezolano-entre-el-amor-ciego-por-trump-y-el-repudio-a-sus-bulos-racistas.html\" data-link-track-dtm=\"\" data-mrf-link=\"https:\/\/elpais.com\/us\/2024-11-04\/el-voto-venezolano-entre-el-amor-ciego-por-trump-y-el-repudio-a-sus-bulos-racistas.html\">los venezolanos\u00a0<\/a>que hu\u00edan del r\u00e9gimen de Nicol\u00e1s Maduro, si ten\u00edan un patrocinador financiero, pasaban una investigaci\u00f3n de antecedentes y compraban un boleto de avi\u00f3n para volar a un aeropuerto estadounidense. Trump los considera \u201cmigrantes ilegales\u201d y ha criticado que se les conceda un permiso de trabajo.<\/p>\n<h3 class=\"\">Fin de la ciudadan\u00eda por nacimiento<\/h3>\n<p class=\"\">El presidente electo ha prometido que eliminar\u00e1 la ciudadan\u00eda autom\u00e1tica para los ni\u00f1os nacidos en Estados Unidos de inmigrantes que se encuentran en el pa\u00eds ilegalmente, un plan que contradice c\u00f3mo se ha interpretado durante mucho tiempo una enmienda del siglo XIX de la Constituci\u00f3n. En un v\u00eddeo publicado en X, Trump afirm\u00f3 que esa pol\u00edtica supone un im\u00e1n para los migrantes que vienen de c\u00e1rceles e instituciones de enfermos mentales. \u201cDesde el primer d\u00eda firmar\u00e9 una orden ejecutiva por la que los hijos de extranjeros ilegales no reciban la ciudadan\u00eda autom\u00e1tica\u201d, prometi\u00f3.<\/p>\n","protected":false},"excerpt":{"rendered":"<p>&nbsp; &nbsp; &#8211; Las declaraciones durante la campa\u00f1a del presidente electo pronostican un oscuro panorama para gran parte de este grupo, aunque no le haya&hellip;<\/p>\n","protected":false},"author":99,"featured_media":524588,"comment_status":"open","ping_status":"open","sticky":false,"template":"","format":"standard","meta":{"footnotes":""},"categories":[24],"tags":[],"class_list":["post-524587","post","type-post","status-publish","format-standard","has-post-thumbnail","hentry","category-mundo"],"_links":{"self":[{"href":"https:\/\/diarioelpopular.com\/index.php\/wp-json\/wp\/v2\/posts\/524587","targetHints":{"allow":["GET"]}}],"collection":[{"href":"https:\/\/diarioelpopular.com\/index.php\/wp-json\/wp\/v2\/posts"}],"about":[{"href":"https:\/\/diarioelpopular.com\/index.php\/wp-json\/wp\/v2\/types\/post"}],"author":[{"embeddable":true,"href":"https:\/\/diarioelpopular.com\/index.php\/wp-json\/wp\/v2\/users\/99"}],"replies":[{"embeddable":true,"href":"https:\/\/diarioelpopular.com\/index.php\/wp-json\/wp\/v2\/comments?post=524587"}],"version-history":[{"count":1,"href":"https:\/\/diarioelpopular.com\/index.php\/wp-json\/wp\/v2\/posts\/524587\/revisions"}],"predecessor-version":[{"id":524589,"href":"https:\/\/diarioelpopular.com\/index.php\/wp-json\/wp\/v2\/posts\/524587\/revisions\/524589"}],"wp:featuredmedia":[{"embeddable":true,"href":"https:\/\/diarioelpopular.com\/index.php\/wp-json\/wp\/v2\/media\/524588"}],"wp:attachment":[{"href":"https:\/\/diarioelpopular.com\/index.php\/wp-json\/wp\/v2\/media?parent=524587"}],"wp:term":[{"taxonomy":"category","embeddable":true,"href":"https:\/\/diarioelpopular.com\/index.php\/wp-json\/wp\/v2\/categories?post=524587"},{"taxonomy":"post_tag","embeddable":true,"href":"https:\/\/diarioelpopular.com\/index.php\/wp-json\/wp\/v2\/tags?post=524587"}],"curies":[{"name":"wp","href":"https:\/\/api.w.org\/{rel}","templated":true}]}}