{"id":524594,"date":"2024-11-07T10:53:56","date_gmt":"2024-11-07T14:53:56","guid":{"rendered":"https:\/\/diarioelpopular.com\/?p=524594"},"modified":"2024-11-07T10:53:56","modified_gmt":"2024-11-07T14:53:56","slug":"realmente-podria-trump-deportar-a-un-millon-de-migrantes-indocumentados-tal-y-como-propone","status":"publish","type":"post","link":"https:\/\/diarioelpopular.com\/index.php\/2024\/11\/07\/realmente-podria-trump-deportar-a-un-millon-de-migrantes-indocumentados-tal-y-como-propone\/","title":{"rendered":"\u00bfRealmente podr\u00eda Trump deportar a un mill\u00f3n de migrantes indocumentados tal y como propone?"},"content":{"rendered":"<div id=\"attachment_524595\" style=\"width: 646px\" class=\"wp-caption alignnone\"><img loading=\"lazy\" decoding=\"async\" aria-describedby=\"caption-attachment-524595\" class=\"wp-image-524595 size-custom-full-size\" src=\"https:\/\/diarioelpopular.com\/wp-content\/uploads\/2024\/11\/Screen-Shot-2024-11-07-at-9.53.19-AM-636x360.png\" alt=\"\" width=\"636\" height=\"360\" srcset=\"https:\/\/diarioelpopular.com\/wp-content\/uploads\/2024\/11\/Screen-Shot-2024-11-07-at-9.53.19-AM-636x360.png 636w, https:\/\/diarioelpopular.com\/wp-content\/uploads\/2024\/11\/Screen-Shot-2024-11-07-at-9.53.19-AM-300x170.png 300w, https:\/\/diarioelpopular.com\/wp-content\/uploads\/2024\/11\/Screen-Shot-2024-11-07-at-9.53.19-AM-768x434.png 768w, https:\/\/diarioelpopular.com\/wp-content\/uploads\/2024\/11\/Screen-Shot-2024-11-07-at-9.53.19-AM-129x73.png 129w, https:\/\/diarioelpopular.com\/wp-content\/uploads\/2024\/11\/Screen-Shot-2024-11-07-at-9.53.19-AM.png 1022w\" sizes=\"auto, (max-width: 636px) 100vw, 636px\" \/><p id=\"caption-attachment-524595\" class=\"wp-caption-text\">En el \u00faltimo a\u00f1o se deportaron cerca de 140.000 personas.<\/p><\/div>\n<p>&nbsp;<\/p>\n<p>&nbsp;<\/p>\n<div class=\"bbc-19j92fr ebmt73l0\" dir=\"ltr\">\n<p class=\"bbc-hhl7in e17g058b0\" dir=\"ltr\"><em><b>&#8211; Donald Trump gan\u00f3 las elecciones y se convertir\u00e1 en el 47 presidente de los Estados Unidos.<\/b><\/em><\/p>\n<\/div>\n<div class=\"bbc-19j92fr ebmt73l0\" dir=\"ltr\">\n<p dir=\"ltr\">\n<p class=\"bbc-hhl7in e17g058b0\" dir=\"ltr\">Ahora est\u00e1 por verse si el candidato republicano, que venci\u00f3 a la dem\u00f3crata Kamala Harris, cumplir\u00e1 todas las promesas que hizo en su campa\u00f1a, como la deportaci\u00f3n masiva de aquellos que no tienen permiso para permanecer en EE.UU.<\/p>\n<\/div>\n<div class=\"bbc-19j92fr ebmt73l0\" dir=\"ltr\">\n<p class=\"bbc-hhl7in e17g058b0\" dir=\"ltr\">Por el momento, Trump, quien regresa a la Casa Blanca luego del pasado cuatrienio haber sido sustituido por Joe Biden, tendr\u00e1 a su favor el Senado federal, en el que su partido es mayor\u00eda con 52 esca\u00f1os.<\/p>\n<\/div>\n<div class=\"bbc-19j92fr ebmt73l0\" dir=\"ltr\">\n<p class=\"bbc-hhl7in e17g058b0\" dir=\"ltr\">La C\u00e1mara de Representantes a\u00fan est\u00e1 por definirse, aunque los republicanos llevan la delantera con 193 sillas de las 218 que necesitan para dominar dicho cuerpo legislativo.<\/p>\n<\/div>\n<section class=\"bbc-geybui\" role=\"region\" aria-label=\"Publicidad 2\" aria-hidden=\"true\" data-e2e=\"advertisement\"><\/section>\n<div class=\"bbc-19j92fr ebmt73l0\" dir=\"ltr\">\n<p class=\"bbc-hhl7in e17g058b0\" dir=\"ltr\">Durante la campa\u00f1a, su equipo respondi\u00f3 de distintas formas a la pregunta de cu\u00e1ntos migrantes podr\u00edan terminar siendo expulsados.<\/p>\n<\/div>\n<div class=\"bbc-19j92fr ebmt73l0\" dir=\"ltr\">\n<p class=\"bbc-hhl7in e17g058b0\" dir=\"ltr\">Pero su compa\u00f1ero de f\u00f3rmula, el aspirante republicano a vicepresidente JD Vance, dio una cifra concreta durante una entrevista con la cadena de televisi\u00f3n ABC.<\/p>\n<\/div>\n<div class=\"bbc-19j92fr ebmt73l0\" dir=\"ltr\">\n<p class=\"bbc-hhl7in e17g058b0\" dir=\"ltr\">\u201cEmpecemos con un mill\u00f3n de personas. Ah\u00ed fue donde Kamala Harris fall\u00f3 y a partir de ello podemos nosotros comenzar a trabajar\u201d, se\u00f1al\u00f3 el senador por el estado de Ohio y pr\u00f3ximo vicepresidente de EE.UU.<\/p>\n<\/div>\n<div class=\"bbc-19j92fr ebmt73l0\" dir=\"ltr\">\n<p class=\"bbc-hhl7in e17g058b0\" dir=\"ltr\">Esta idea est\u00e1 contemplada en la plataforma electoral de Trump bajo el lema \u201c\u00a1Deportaciones masivas, ahora!\u201d. Los expertos advierten que expulsar del pa\u00eds a tantas personas implicar\u00eda una serie de desaf\u00edos legales e incluso pr\u00e1cticos.<\/p>\n<\/div>\n<div class=\"bbc-19j92fr ebmt73l0\" dir=\"ltr\">\n<p class=\"bbc-hhl7in e17g058b0\" dir=\"ltr\">Y los defensores de los migrantes tambi\u00e9n han advertido sobre el significativo costo humano de las deportaciones, con familias separadas y operativos en comunidades y lugares de trabajo a lo largo y ancho de EE.UU.<\/p>\n<p dir=\"ltr\">\n<\/div>\n<figure class=\"bbc-1qn0xuy\">\n<div class=\"bbc-18ywsw9\">\n<div style=\"width: 1034px\" class=\"wp-caption alignnone\"><img loading=\"lazy\" decoding=\"async\" class=\"bbc-139onq\" src=\"https:\/\/ichef.bbci.co.uk\/ace\/ws\/640\/cpsprodpb\/30a9\/live\/45359040-863d-11ef-89fb-4f2ebdd35e47.jpg.webp\" alt=\"Donald Trump se\u00f1ala con su mano derecha\" width=\"1024\" height=\"576\" \/><p class=\"wp-caption-text\">Fuente de la imagen,Getty Images.\u00a0Donald Trump asegur\u00f3 que si era reelegido presidente de EE.UU. deportar\u00e1 a un mill\u00f3n de migrantes indocumentados.<\/p><\/div>\n<\/div>\n<\/figure>\n<div class=\"bbc-19j92fr ebmt73l0\" dir=\"ltr\">\n<h2 tabindex=\"-1\"><\/h2>\n<h2 id=\"Cu\u00e1les-son-los-desaf\u00edos-legales\" class=\"bbc-1f03ibc eglt09e0\" tabindex=\"-1\">\u00bfCu\u00e1les son los desaf\u00edos legales?<\/h2>\n<\/div>\n<div class=\"bbc-19j92fr ebmt73l0\" dir=\"ltr\">\n<p class=\"bbc-hhl7in e17g058b0\" dir=\"ltr\">De acuerdo con las \u00faltimas cifras del Departamento de Seguridad Nacional y del instituto de investigaci\u00f3n Pew Research, hoy viven en el pa\u00eds unos\u00a011\u00a0millones de\u00a0migrantes\u00a0indocumentados, un n\u00famero que ha permanecido relativamente estable desde 2005.<\/p>\n<\/div>\n<div class=\"bbc-19j92fr ebmt73l0\" dir=\"ltr\">\n<p class=\"bbc-hhl7in e17g058b0\" dir=\"ltr\">La mayor\u00eda de ellos son residentes de larga duraci\u00f3n: cerca de cuatro de cada cinco de los migrantes indocumentados llevan en el pa\u00eds al menos una d\u00e9cada.<\/p>\n<\/div>\n<div class=\"bbc-19j92fr ebmt73l0\" dir=\"ltr\">\n<p class=\"bbc-hhl7in e17g058b0\" dir=\"ltr\">Los inmigrantes que est\u00e1n en el pa\u00eds sin un estatus legal tienen\u00a0derecho\u00a0al\u00a0debido\u00a0proceso, incluida una audiencia judicial antes de ser expulsados.<\/p>\n<\/div>\n<div class=\"bbc-19j92fr ebmt73l0\" dir=\"ltr\">\n<p class=\"bbc-hhl7in e17g058b0\" dir=\"ltr\">As\u00ed que un aumento dr\u00e1stico en las deportaciones pasar\u00eda probablemente por\u00a0expandir\u00a0antes\u00a0el\u00a0sistema\u00a0de\u00a0tribunales\u00a0de\u00a0inmigraci\u00f3n, hoy saturado y con retrasos a la hora de resolver los casos.<\/p>\n<\/div>\n<div class=\"bbc-19j92fr ebmt73l0\" dir=\"ltr\">\n<p class=\"bbc-hhl7in e17g058b0\" dir=\"ltr\">La mayor\u00eda de los inmigrantes que se encuentran en el pa\u00eds no ingresaron en el sistema de deportaciones despu\u00e9s de haber sido detenidos por agentes del Servicio de Inmigraci\u00f3n y Control de Aduanas (ICE, por sus siglas en ingl\u00e9s), sino por la polic\u00eda local.<\/p>\n<\/div>\n<div class=\"bbc-19j92fr ebmt73l0\" dir=\"ltr\">\n<p class=\"bbc-hhl7in e17g058b0\" dir=\"ltr\">Sin embargo, en muchas de las principales ciudades del pa\u00eds se han aprobado leyes que restringen la\u00a0cooperaci\u00f3n\u00a0entre\u00a0la\u00a0polic\u00eda\u00a0y\u00a0el\u00a0ICE.<\/p>\n<\/div>\n<div class=\"bbc-19j92fr ebmt73l0\" dir=\"ltr\">\n<p class=\"bbc-hhl7in e17g058b0\" dir=\"ltr\">La campa\u00f1a de Trump se ha comprometido a emprender acciones contra esas urbes, llamadas \u201cciudades santuario\u201d, pero el entramado de leyes locales, estatales y federales en EE.UU. complican la situaci\u00f3n.<\/p>\n<\/div>\n<div class=\"bbc-19j92fr ebmt73l0\" dir=\"ltr\">\n<p class=\"bbc-hhl7in e17g058b0\" dir=\"ltr\">Kathleen Bush-Joseph, una analista del Instituto de Pol\u00edticas de Migraci\u00f3n con sede en Washington, se\u00f1ala que la cooperaci\u00f3n entre agentes del ICE y las autoridades locales ser\u00eda fundamental para poder llevar a cabo un programa de deportaci\u00f3n masiva.<\/p>\n<\/div>\n<div class=\"bbc-19j92fr ebmt73l0\" dir=\"ltr\">\n<p class=\"bbc-hhl7in e17g058b0\" dir=\"ltr\">\u201cEs mucho m\u00e1s f\u00e1cil para el ICE ir a recoger a alguien a la c\u00e1rcel si las autoridades locales colaboran, en vez de tener que ir a buscarlo a las calles\u201d, se\u00f1ala Bush-Joseph.<\/p>\n<\/div>\n<div class=\"bbc-19j92fr ebmt73l0\" dir=\"ltr\">\n<p class=\"bbc-hhl7in e17g058b0\" dir=\"ltr\">Como ejemplo de cu\u00e1n crucial es este aspecto, Bush-Joseph recuerda las declaraciones de principios de agosto de funcionarios de la Oficina del Alguacil de los condados de Broward y Palm Beach en Florida, cuando aseguraron que no enviar\u00edan a ninguno de sus agentes a ayudar en planes de deportaciones en masa.<\/p>\n<\/div>\n<div class=\"bbc-19j92fr ebmt73l0\" dir=\"ltr\">\n<p class=\"bbc-hhl7in e17g058b0\" dir=\"ltr\">\u201cHay muchos otros condados que no van a cooperar con el plan de deportaci\u00f3n masiva de Trump. Y eso lo vuelve mucho m\u00e1s dif\u00edcil\u201d, explica.<\/p>\n<\/div>\n<div class=\"bbc-19j92fr ebmt73l0\" dir=\"ltr\">\n<p class=\"bbc-hhl7in e17g058b0\" dir=\"ltr\">Cualquier programa de deportaci\u00f3n masiva tambi\u00e9n tendr\u00e1 muchas implicaciones legales, especialmente por las\u00a0demandas legales\u00a0que se prev\u00e9 generar\u00e1 entre las organizaciones defensoras de los derechos humanos.<\/p>\n<p dir=\"ltr\">\n<\/div>\n<figure class=\"bbc-1qn0xuy\">\n<div class=\"bbc-18ywsw9\">\n<div style=\"width: 986px\" class=\"wp-caption alignnone\"><img loading=\"lazy\" decoding=\"async\" class=\"bbc-139onq\" src=\"https:\/\/ichef.bbci.co.uk\/ace\/ws\/640\/cpsprodpb\/0b82\/live\/09e5e390-863e-11ef-822c-a50726bfda2e.jpg.webp\" alt=\"Carteles con la frase Deportaci\u00f3n Masiva Ahora\" width=\"976\" height=\"549\" \/><p class=\"wp-caption-text\">Fuente de la imagen,Getty Images.\u00a0\u00a0No hay muchas pistas de c\u00f3mo Trump pretende implementar la deportaci\u00f3n masiva de personas indocumentadas.<\/p><\/div>\n<\/div>\n<\/figure>\n<div class=\"bbc-19j92fr ebmt73l0\" dir=\"ltr\">\n<p dir=\"ltr\">\n<p dir=\"ltr\">\n<p class=\"bbc-hhl7in e17g058b0\" dir=\"ltr\">Sin embargo, un fallo de la Corte Suprema de 2022 estableci\u00f3 que los tribunales no pueden emitir mandatos judiciales sobre las pol\u00edticas de aplicaci\u00f3n de la ley de inmigraci\u00f3n, lo que significa que estas continuar\u00edan en vigor incluso mientras las impugnaciones se abren paso en el sistema legal.<\/p>\n<\/div>\n<div class=\"bbc-19j92fr ebmt73l0\" dir=\"ltr\">\n<h2 id=\"Es-factible-desde-el-punto-de-vista-log\u00edstico\" class=\"bbc-1f03ibc eglt09e0\" tabindex=\"-1\">\u00bfEs factible desde el punto de vista log\u00edstico?<\/h2>\n<\/div>\n<div class=\"bbc-19j92fr ebmt73l0\" dir=\"ltr\">\n<p class=\"bbc-hhl7in e17g058b0\" dir=\"ltr\">Ahora, si el gobierno de EE.UU. lograra avanzar con los pasos legales que posibiliten su plan de deportaci\u00f3n masiva, las autoridades todav\u00eda tendr\u00edan que lidiar con los\u00a0enormes desaf\u00edos log\u00edsticos.<\/p>\n<\/div>\n<div class=\"bbc-19j92fr ebmt73l0\" dir=\"ltr\">\n<p class=\"bbc-hhl7in e17g058b0\" dir=\"ltr\">Durante el mandato de Joe Biden, los esfuerzos de deportaci\u00f3n se han enfocado en los migrantes detenidos en la frontera.<\/p>\n<\/div>\n<div class=\"bbc-19j92fr ebmt73l0\" dir=\"ltr\">\n<p class=\"bbc-hhl7in e17g058b0\" dir=\"ltr\">Los que ya estaban en el pa\u00eds y terminan siendo deportados suelen contar con antecedentes penales o son considerados una &#8220;amenaza para la seguridad nacional&#8221;.<\/p>\n<\/div>\n<div class=\"bbc-19j92fr ebmt73l0\" dir=\"ltr\">\n<p class=\"bbc-hhl7in e17g058b0\" dir=\"ltr\">En 2021 quedaron suspendidas las controvertidas redadas que se llevaron a cabo durante el gobierno de Donald Trump en lugares de trabajo.<\/p>\n<\/div>\n<div class=\"bbc-19j92fr ebmt73l0\" dir=\"ltr\">\n<p class=\"bbc-hhl7in e17g058b0\" dir=\"ltr\">Y a diferencia de los detenidos en la frontera, la cifra de deportaciones de personas que fueron arrestadas dentro de EE.UU. ha ido cayendo en la \u00faltima d\u00e9cada hasta situarse por debajo de los 100.000 anuales, despu\u00e9s de haber alcanzado su m\u00e1ximo \u2014230.000\u2014 durante los primeros a\u00f1os del gobierno de Barack Obama.<\/p>\n<\/div>\n<div class=\"bbc-19j92fr ebmt73l0\" dir=\"ltr\">\n<p class=\"bbc-hhl7in e17g058b0\" dir=\"ltr\">\u201cPara multiplicar ese n\u00famero y que en un solo a\u00f1o se alcance el mill\u00f3n (de deportados) va a necesitar una\u00a0inversi\u00f3n enorme de recursos que hoy por hoy no parecen existir&#8221;, le dice a la BBC Aaron Reichlin-Melnick, director de pol\u00edticas en el Concejo de Inmigraci\u00f3n de EE.UU.<\/p>\n<\/div>\n<div class=\"bbc-19j92fr ebmt73l0\" dir=\"ltr\">\n<p class=\"bbc-hhl7in e17g058b0\" dir=\"ltr\">Por una parte, los expertos dudan de que los 20.000 agentes del ICE y el personal de apoyo vayan a ser suficientes para buscar y encontrar incluso una fracci\u00f3n de esa cantidad a la que apunta la campa\u00f1a de Trump.<\/p>\n<\/div>\n<div class=\"bbc-19j92fr ebmt73l0\" dir=\"ltr\">\n<p class=\"bbc-hhl7in e17g058b0\" dir=\"ltr\">Adem\u00e1s, Reichlin-Melnick se\u00f1ala que\u00a0el proceso de deportaci\u00f3n es largo y complicado\u00a0y que la identificaci\u00f3n y el arresto de un migrante indocumentado no es m\u00e1s que el inicio.<\/p>\n<\/div>\n<div class=\"bbc-19j92fr ebmt73l0\" dir=\"ltr\">\n<p class=\"bbc-hhl7in e17g058b0\" dir=\"ltr\">Despu\u00e9s, los detenidos van a tener que estar en un centro de detenci\u00f3n o en un programa alternativo, a la espera de comparecer ante un juez de inmigraci\u00f3n, y\u00a0el sistema lleva a\u00f1os acumulando casos sin poder cerrarlos.<\/p>\n<\/div>\n<div class=\"bbc-19j92fr ebmt73l0\" dir=\"ltr\">\n<p class=\"bbc-hhl7in e17g058b0\" dir=\"ltr\">Una vez superado ese paso es que se procede a la deportaci\u00f3n, lo que tambi\u00e9n requiere de la cooperaci\u00f3n diplom\u00e1tica del pa\u00eds recipiente.<\/p>\n<p dir=\"ltr\">\n<\/div>\n<figure class=\"bbc-1qn0xuy\">\n<div class=\"bbc-18ywsw9\">\n<div style=\"width: 1034px\" class=\"wp-caption alignnone\"><img loading=\"lazy\" decoding=\"async\" class=\"bbc-139onq\" src=\"https:\/\/ichef.bbci.co.uk\/ace\/ws\/640\/cpsprodpb\/1f15\/live\/41483400-863e-11ef-822c-a50726bfda2e.jpg.webp\" alt=\"Personas descienden de un avi\u00f3n. \" width=\"1024\" height=\"683\" \/><p class=\"wp-caption-text\">Fuente de la imagen,Getty Images.\u00a0\u00a0La deportaci\u00f3n masiva implicar\u00eda el aumento de vuelos a pa\u00edses que reciben a las personas deportadas.<\/p><\/div>\n<\/div>\n<\/figure>\n<div class=\"bbc-19j92fr ebmt73l0\" dir=\"ltr\">\n<p dir=\"ltr\">\n<p dir=\"ltr\">\n<p class=\"bbc-hhl7in e17g058b0\" dir=\"ltr\">\u201cEn cada uno de esos pasos, el ICE simplemente no tiene la capacidad de procesar a millones de personas\u201d, se\u00f1ala Reichlin-Melnick.<\/p>\n<\/div>\n<div class=\"bbc-19j92fr ebmt73l0\" dir=\"ltr\">\n<p class=\"bbc-hhl7in e17g058b0\" dir=\"ltr\">Trump ha dicho que va a involucrar a la Guardia Nacional y otros cuerpos militares para que asistan en las deportaciones.<\/p>\n<\/div>\n<div class=\"bbc-19j92fr ebmt73l0\" dir=\"ltr\">\n<p class=\"bbc-hhl7in e17g058b0\" dir=\"ltr\">Hist\u00f3ricamente, las fuerzas militares estadounidenses han tenido un papel limitado, m\u00e1s de apoyo, en la frontera entre M\u00e9xico y EE.UU.<\/p>\n<\/div>\n<div class=\"bbc-19j92fr ebmt73l0\" dir=\"ltr\">\n<p class=\"bbc-hhl7in e17g058b0\" dir=\"ltr\">Ahora, m\u00e1s all\u00e1 de\u00a0apoyarse en los militares y de contar con la ayuda de &#8220;cuerpos policiales locales&#8221;, Trump ha dado pocas pistas sobre c\u00f3mo llevar\u00eda a cabo su plan de deportaci\u00f3n masiva.<\/p>\n<\/div>\n<div class=\"bbc-19j92fr ebmt73l0\" dir=\"ltr\">\n<p class=\"bbc-hhl7in e17g058b0\" dir=\"ltr\">En una entrevista con la revista\u00a0<i class=\"bbc-h1y5j7 eih42320\">Time<\/i>, a principios de este a\u00f1o, solo dijo que no descarta construir nuevas instalaciones de detenci\u00f3n de migrantes y que tomar\u00eda medidas para brindar inmunidad procesal a la polic\u00eda, para blindarla ante posibles demandas de grupos progresistas.<\/p>\n<\/div>\n<div class=\"bbc-19j92fr ebmt73l0\" dir=\"ltr\">\n<p class=\"bbc-hhl7in e17g058b0\" dir=\"ltr\">Y a\u00f1adi\u00f3 que podr\u00eda haber\u00a0incentivos para los cuerpos policiales locales y estatales que participen en el plan, y que aquellos que no lo quieran hacer &#8220;no van a participar de los beneficios&#8221;.<\/p>\n<\/div>\n<div class=\"bbc-19j92fr ebmt73l0\" dir=\"ltr\">\n<p class=\"bbc-hhl7in e17g058b0\" dir=\"ltr\">\u201cTenemos que hacerlo. No es sostenible para nuestro pa\u00eds\u201d.<\/p>\n<\/div>\n<div class=\"bbc-19j92fr ebmt73l0\" dir=\"ltr\">\n<p class=\"bbc-hhl7in e17g058b0\" dir=\"ltr\">La BBC intent\u00f3 contactar al equipo de Trump antes de que ganara la presidencia para obtener m\u00e1s detalles.<\/p>\n<\/div>\n<div class=\"bbc-19j92fr ebmt73l0\" dir=\"ltr\">\n<p class=\"bbc-hhl7in e17g058b0\" dir=\"ltr\">Eric Ruark, el director de investigaciones de NumbersUSA \u2014una organizaci\u00f3n que aboga por controles m\u00e1s estrictos a la inmigraci\u00f3n\u2014 dijo que cualquier programa de deportaci\u00f3n desde el interior del pa\u00eds\u00a0solo ser\u00e1 efectivo si va de la mano de un aumento del personal que controla la frontera.<\/p>\n<\/div>\n<div class=\"bbc-19j92fr ebmt73l0\" dir=\"ltr\">\n<p class=\"bbc-hhl7in e17g058b0\" dir=\"ltr\">\u201cEsa tiene que ser la prioridad. Si no lo es, no va a haber un gran progreso en el tema. Es lo que hace que la gente siga llegando hasta la frontera&#8221;, apunta.<\/p>\n<\/div>\n<div class=\"bbc-19j92fr ebmt73l0\" dir=\"ltr\">\n<p class=\"bbc-hhl7in e17g058b0\" dir=\"ltr\">Y agrega que tambi\u00e9n es necesaria una ofensiva contra las empresas que contratan inmigrantes indocumentados.<\/p>\n<\/div>\n<div class=\"bbc-19j92fr ebmt73l0\" dir=\"ltr\">\n<p class=\"bbc-hhl7in e17g058b0\" dir=\"ltr\">&#8220;(Los inmigrantes) est\u00e1n viniendo por el trabajo&#8221;, subraya. &#8220;Y lo est\u00e1n consiguiendo, b\u00e1sicamente porque la capacidad de vigilar y hacer cumplir la ley ha sido desmantelada&#8221;.<\/p>\n<p dir=\"ltr\">\n<\/div>\n<figure class=\"bbc-1qn0xuy\">\n<div class=\"bbc-18ywsw9\">\n<div style=\"width: 1034px\" class=\"wp-caption alignnone\"><img loading=\"lazy\" decoding=\"async\" class=\"bbc-139onq\" src=\"https:\/\/ichef.bbci.co.uk\/ace\/ws\/640\/cpsprodpb\/3ceb\/live\/61fab790-863e-11ef-9329-f30486eb2a33.jpg.webp\" alt=\"Migrante en el r\u00edo con su hijo en brazos. \" width=\"1024\" height=\"681\" \/><p class=\"wp-caption-text\">Fuente de la imagen,Getty Images.\u00a0\u00a0Se estima que en EE.UU. hay cerca de 11 millones de migrantes indocumentados. Una cifra que permanece estable desde 2005.<\/p><\/div>\n<\/div>\n<\/figure>\n<div class=\"bbc-19j92fr ebmt73l0\" dir=\"ltr\">\n<h2 tabindex=\"-1\"><\/h2>\n<h2 id=\"El-costo-pol\u00edtico-y-financiero\" class=\"bbc-1f03ibc eglt09e0\" tabindex=\"-1\">El costo pol\u00edtico y financiero<\/h2>\n<\/div>\n<div class=\"bbc-19j92fr ebmt73l0\" dir=\"ltr\">\n<p class=\"bbc-hhl7in e17g058b0\" dir=\"ltr\">Los expertos calculan el costo de mantener un plan como el que propone Trump en unos\u00a0US$100.000 millones.<\/p>\n<\/div>\n<div class=\"bbc-19j92fr ebmt73l0\" dir=\"ltr\">\n<p class=\"bbc-hhl7in e17g058b0\" dir=\"ltr\">El presupuesto de 2023 del ICE para el traslado y deportaci\u00f3n fue de US$327 millones, y expuls\u00f3 del pa\u00eds a cerca de 140.000 personas.<\/p>\n<\/div>\n<div class=\"bbc-19j92fr ebmt73l0\" dir=\"ltr\">\n<p class=\"bbc-hhl7in e17g058b0\" dir=\"ltr\">De acuerdo con el plan de Trump, miles de personas que est\u00e1n a la espera de sus audiencias de inmigraci\u00f3n podr\u00edan ser detenidas. La campa\u00f1a del ahora presidente electo preve\u00eda construir grandes campamentos para albergarlas.<\/p>\n<\/div>\n<div class=\"bbc-19j92fr ebmt73l0\" dir=\"ltr\">\n<p class=\"bbc-hhl7in e17g058b0\" dir=\"ltr\">Tambi\u00e9n se tendr\u00edan que\u00a0multiplicar los vuelos\u00a0para llevar a cabo las deportaciones, y eso pasar\u00eda probablemente por contar con el apoyo de la Fuerza A\u00e9rea.<\/p>\n<\/div>\n<div class=\"bbc-19j92fr ebmt73l0\" dir=\"ltr\">\n<p class=\"bbc-hhl7in e17g058b0\" dir=\"ltr\">Lo que est\u00e1 claro es que cualquier aumento en la operatividad de los departamentos correspondientes implica que los costos se disparen.<\/p>\n<\/div>\n<div class=\"bbc-19j92fr ebmt73l0\" dir=\"ltr\">\n<p class=\"bbc-hhl7in e17g058b0\" dir=\"ltr\">\u201cIncluso un cambio menor supone decenas de millones de d\u00f3lares\u201d, explica Reichlin-Melnick.<\/p>\n<\/div>\n<div class=\"bbc-19j92fr ebmt73l0\" dir=\"ltr\">\n<p class=\"bbc-hhl7in e17g058b0\" dir=\"ltr\">Adem\u00e1s, tendr\u00edan que sumarse a los gastos de otros esfuerzos de control fronterizo que Trump ha prometido: seguir construyendo el muro en la frontera con M\u00e9xico, los que implica un bloque naval para evitar que el fentanilo ingrese al pa\u00eds y los generados por el traslado de miles de soldados a la frontera.<\/p>\n<\/div>\n<div class=\"bbc-19j92fr ebmt73l0\" dir=\"ltr\">\n<p class=\"bbc-hhl7in e17g058b0\" dir=\"ltr\">Adam Isacson, experto en migraci\u00f3n y fronteras de la Oficina en Washington para Asuntos Latinoamericanos (WOLA), dijo que\u00a0&#8220;im\u00e1genes espantosas de deportaciones masivas&#8221; tambi\u00e9n podr\u00edan tener un costo pol\u00edtico para Trump, a nivel de relaciones p\u00fablicas.<\/p>\n<\/div>\n<div class=\"bbc-19j92fr ebmt73l0\" dir=\"ltr\">\n<p class=\"bbc-hhl7in e17g058b0\" dir=\"ltr\">&#8220;Cada comunidad de Estados Unidos ver\u00eda a personas que conoce y ama siendo subidas a esos autobuses&#8221;, explica.<\/p>\n<\/div>\n<div class=\"bbc-19j92fr ebmt73l0\" dir=\"ltr\">\n<p class=\"bbc-hhl7in e17g058b0\" dir=\"ltr\">&#8220;Habr\u00eda im\u00e1genes muy dolorosas de ni\u00f1os llorando, de familias, en la televisi\u00f3n. Todo eso es muy mala prensa. Es lo que ya vimos con la pol\u00edtica de separaci\u00f3n familiar, pero amplificado&#8221;, remata.<\/p>\n<p dir=\"ltr\">\n<\/div>\n<figure class=\"bbc-1qn0xuy\">\n<div class=\"bbc-18ywsw9\">\n<div style=\"width: 1034px\" class=\"wp-caption alignnone\"><img loading=\"lazy\" decoding=\"async\" class=\"bbc-139onq\" src=\"https:\/\/ichef.bbci.co.uk\/ace\/ws\/640\/cpsprodpb\/c772\/live\/a358cef0-8640-11ef-822c-a50726bfda2e.jpg.webp\" alt=\"Mujer es requisada por agentes de la frontera. \" width=\"1024\" height=\"679\" \/><p class=\"wp-caption-text\">Fuente de la imagen,Getty Image.\u00a0\u00a0Actualmente los esfuerzos de control de la migraci\u00f3n ocurren principalmente en la frontera sur de EE.UU.<\/p><\/div>\n<\/div>\n<\/figure>\n<div class=\"bbc-19j92fr ebmt73l0\" dir=\"ltr\">\n<h2 tabindex=\"-1\"><\/h2>\n<h2 id=\"Ha-habido-deportaciones-masivas-antes\" class=\"bbc-1f03ibc eglt09e0\" tabindex=\"-1\">\u00bfHa habido deportaciones masivas antes?<\/h2>\n<\/div>\n<div class=\"bbc-19j92fr ebmt73l0\" dir=\"ltr\">\n<p class=\"bbc-hhl7in e17g058b0\" dir=\"ltr\">En los cuatro a\u00f1os en los que Trump ocup\u00f3 la Casa Blanca, se deportaron alrededor de 1,5 millones de personas, tanto desde la frontera como del interior del pa\u00eds.<\/p>\n<\/div>\n<div class=\"bbc-19j92fr ebmt73l0\" dir=\"ltr\">\n<p class=\"bbc-hhl7in e17g058b0\" dir=\"ltr\">La administraci\u00f3n Biden, que hab\u00eda deportado a alrededor de 1,1 mill\u00f3n de personas hasta febrero de 2024, est\u00e1 en camino de igualar esa cifra, seg\u00fan muestran las estad\u00edsticas.<\/p>\n<\/div>\n<div class=\"bbc-19j92fr ebmt73l0\" dir=\"ltr\">\n<p class=\"bbc-hhl7in e17g058b0\" dir=\"ltr\">Durante los dos mandatos de Obama, cuando Biden era vicepresidente, m\u00e1s de tres millones de personas fueron deportadas, lo que llev\u00f3 a algunos defensores de la reforma migratoria a apodar &#8220;el deportador en jefe&#8221; al entonces presidente.<\/p>\n<\/div>\n<div class=\"bbc-19j92fr ebmt73l0\" dir=\"ltr\">\n<p class=\"bbc-hhl7in e17g058b0\" dir=\"ltr\">Pero el \u00fanico programa comparable con el que propone Trump ser\u00eda quiza el que se llev\u00f3 a cabo en 1954 en el marco de la llamada\u00a0&#8220;Operaci\u00f3n espaldas mojadas&#8221;\u00a0(<i class=\"bbc-h1y5j7 eih42320\">Operation Wetback<\/i>), bautizada as\u00ed por un insulto com\u00fan que se usaba en aquel entonces contra los mexicanos, y que supuso la deportaci\u00f3n de 1,3 millones de personas.<\/p>\n<\/div>\n<div class=\"bbc-19j92fr ebmt73l0\" dir=\"ltr\">\n<p class=\"bbc-hhl7in e17g058b0\" dir=\"ltr\">Aunque hay historiadores que ponen en duda la cifra.<\/p>\n<\/div>\n<div class=\"bbc-19j92fr ebmt73l0\" dir=\"ltr\">\n<p class=\"bbc-hhl7in e17g058b0\" dir=\"ltr\">El plan, aprobado bajo la presidencia de Dwight Eisenhower, se top\u00f3 con una considerable oposici\u00f3n p\u00fablica \u2014en parte porque tambi\u00e9n se deportaba a algunos ciudadanos estadounidenses\u2014, as\u00ed como con la falta de financiaci\u00f3n.<\/p>\n<\/div>\n<div class=\"bbc-19j92fr ebmt73l0\" dir=\"ltr\">\n<p class=\"bbc-hhl7in e17g058b0\" dir=\"ltr\">En 1955 se suspendi\u00f3.<\/p>\n<\/div>\n<div class=\"bbc-19j92fr ebmt73l0\" dir=\"ltr\">\n<p class=\"bbc-hhl7in e17g058b0\" dir=\"ltr\">Los expertos en inmigraci\u00f3n dicen que, el hecho de que se centr\u00f3 en personas originarias de M\u00e9xico y la falta del debido proceso hacen que aquella operaci\u00f3n no se pueda comparar con un programa de deportaci\u00f3n masiva actual.<\/p>\n<\/div>\n<div class=\"bbc-19j92fr ebmt73l0\" dir=\"ltr\">\n<p class=\"bbc-hhl7in e17g058b0\" dir=\"ltr\">&#8220;Los deportados eran hombres solteros, mexicanos&#8221;, se\u00f1ala Bush-Joseph.<\/p>\n<\/div>\n<div class=\"bbc-19j92fr ebmt73l0\" dir=\"ltr\">\n<p class=\"bbc-hhl7in e17g058b0\" dir=\"ltr\">&#8220;Ahora, la gran mayor\u00eda de los que cruzan la frontera por zonas entre puertos de entrada no son originarias de M\u00e9xico, ni siquiera de la parte norte de Centroam\u00e9rica. Y eso hace que sea mucho m\u00e1s dif\u00edcil deportarlos&#8221;, a\u00f1ade.<\/p>\n<\/div>\n<div class=\"bbc-19j92fr ebmt73l0\" dir=\"ltr\">\n<p class=\"bbc-hhl7in e17g058b0\" dir=\"ltr\">&#8220;Son situaciones incomparables&#8221;.<\/p>\n<\/div>\n","protected":false},"excerpt":{"rendered":"<p>&nbsp; &nbsp; &#8211; Donald Trump gan\u00f3 las elecciones y se convertir\u00e1 en el 47 presidente de los Estados Unidos. Ahora est\u00e1 por verse si el&hellip;<\/p>\n","protected":false},"author":99,"featured_media":524595,"comment_status":"open","ping_status":"open","sticky":false,"template":"","format":"standard","meta":{"footnotes":""},"categories":[24],"tags":[],"class_list":["post-524594","post","type-post","status-publish","format-standard","has-post-thumbnail","hentry","category-mundo"],"_links":{"self":[{"href":"https:\/\/diarioelpopular.com\/index.php\/wp-json\/wp\/v2\/posts\/524594","targetHints":{"allow":["GET"]}}],"collection":[{"href":"https:\/\/diarioelpopular.com\/index.php\/wp-json\/wp\/v2\/posts"}],"about":[{"href":"https:\/\/diarioelpopular.com\/index.php\/wp-json\/wp\/v2\/types\/post"}],"author":[{"embeddable":true,"href":"https:\/\/diarioelpopular.com\/index.php\/wp-json\/wp\/v2\/users\/99"}],"replies":[{"embeddable":true,"href":"https:\/\/diarioelpopular.com\/index.php\/wp-json\/wp\/v2\/comments?post=524594"}],"version-history":[{"count":1,"href":"https:\/\/diarioelpopular.com\/index.php\/wp-json\/wp\/v2\/posts\/524594\/revisions"}],"predecessor-version":[{"id":524596,"href":"https:\/\/diarioelpopular.com\/index.php\/wp-json\/wp\/v2\/posts\/524594\/revisions\/524596"}],"wp:featuredmedia":[{"embeddable":true,"href":"https:\/\/diarioelpopular.com\/index.php\/wp-json\/wp\/v2\/media\/524595"}],"wp:attachment":[{"href":"https:\/\/diarioelpopular.com\/index.php\/wp-json\/wp\/v2\/media?parent=524594"}],"wp:term":[{"taxonomy":"category","embeddable":true,"href":"https:\/\/diarioelpopular.com\/index.php\/wp-json\/wp\/v2\/categories?post=524594"},{"taxonomy":"post_tag","embeddable":true,"href":"https:\/\/diarioelpopular.com\/index.php\/wp-json\/wp\/v2\/tags?post=524594"}],"curies":[{"name":"wp","href":"https:\/\/api.w.org\/{rel}","templated":true}]}}