{"id":524601,"date":"2024-11-08T09:52:07","date_gmt":"2024-11-08T13:52:07","guid":{"rendered":"https:\/\/diarioelpopular.com\/?p=524601"},"modified":"2024-11-08T09:52:07","modified_gmt":"2024-11-08T13:52:07","slug":"cientos-casos-penales-en-el-pais-se-suspendieron-por-limites-de-tiempo","status":"publish","type":"post","link":"https:\/\/diarioelpopular.com\/index.php\/2024\/11\/08\/cientos-casos-penales-en-el-pais-se-suspendieron-por-limites-de-tiempo\/","title":{"rendered":"Cientos casos penales en el pa\u00eds se suspendieron por l\u00edmites de tiempo"},"content":{"rendered":"<div id=\"attachment_524602\" style=\"width: 646px\" class=\"wp-caption alignnone\"><img loading=\"lazy\" decoding=\"async\" aria-describedby=\"caption-attachment-524602\" class=\"wp-image-524602 size-custom-full-size\" src=\"https:\/\/diarioelpopular.com\/wp-content\/uploads\/2024\/11\/Screen-Shot-2024-11-08-at-8.28.31-AM-636x357.png\" alt=\"\" width=\"636\" height=\"357\" srcset=\"https:\/\/diarioelpopular.com\/wp-content\/uploads\/2024\/11\/Screen-Shot-2024-11-08-at-8.28.31-AM-636x357.png 636w, https:\/\/diarioelpopular.com\/wp-content\/uploads\/2024\/11\/Screen-Shot-2024-11-08-at-8.28.31-AM-300x169.png 300w, https:\/\/diarioelpopular.com\/wp-content\/uploads\/2024\/11\/Screen-Shot-2024-11-08-at-8.28.31-AM-768x431.png 768w, https:\/\/diarioelpopular.com\/wp-content\/uploads\/2024\/11\/Screen-Shot-2024-11-08-at-8.28.31-AM-130x73.png 130w, https:\/\/diarioelpopular.com\/wp-content\/uploads\/2024\/11\/Screen-Shot-2024-11-08-at-8.28.31-AM.png 858w\" sizes=\"auto, (max-width: 636px) 100vw, 636px\" \/><p id=\"caption-attachment-524602\" class=\"wp-caption-text\">El edificio de los Tribunales de Justicia, sede de la Corte Suprema de British Columbia y del Tribunal de Apelaciones, se ve en Vancouver el jueves 23 de noviembre de 2023. Una revisi\u00f3n de la informaci\u00f3n proporcionada por las provincias y los territorios muestra que m\u00e1s de 400 casos penales se han detenido en todo Canad\u00e1 desde principios del a\u00f1o pasado porque hab\u00edan excedido los l\u00edmites de tiempo sobre cu\u00e1nto tiempo pueden durar los juicios penales antes de violar los derechos de la Carta de un acusado. THE CANADIAN PRESS\/Darryl Dyck<\/p><\/div>\n<p>&nbsp;<\/p>\n<p>&nbsp;<\/p>\n<ul>\n<li><em><strong>Una revisi\u00f3n de la informaci\u00f3n proporcionada por las provincias y territorios muestra que m\u00e1s de 400 casos penales se suspendieron en todo Canad\u00e1 desde principios del a\u00f1o pasado porque hab\u00edan excedido los l\u00edmites de tiempo que pueden durar los juicios antes de violar los derechos de un acusado establecidos en la Carta.<\/strong><\/em><\/li>\n<\/ul>\n<p>&nbsp;<\/p>\n<p>A continuaci\u00f3n, se muestra el desglose de la cantidad de casos recientes que se cancelaron debido a los llamados l\u00edmites de tiempo &#8220;Jordanos&#8221; que se introdujeron en 2016:<\/p>\n<p>Ontario: 178 casos se suspendieron el a\u00f1o pasado.<\/p>\n<p>Quebec: 99 casos se mantuvieron en 2023 y 68 m\u00e1s en 2024 al 31 de agosto.<\/p>\n<p>British Columbia: 26 casos se mantuvieron en 2023 y la primera mitad de 2024.<\/p>\n<p>Alberta: 10 casos se mantuvieron entre el 1 de abril de 2023 y el 31 de marzo de 2024.<\/p>\n<p>Saskatchewan: 23 casos se mantuvieron en 2023 y 2024.<\/p>\n<p>Manitoba: Se otorgaron cinco suspensiones en 2023 y 2024.<\/p>\n<p>Prince Edward Island: No se mantuvieron casos debido a los l\u00edmites de Jordania.<\/p>\n<p>Northwest Territories, Nunavut, Nove Scotia, New Brunswick, Newfoundland y Labrador y Yuk\u00f3n no pudieron proporcionar estad\u00edsticas antes de la fecha l\u00edmite, los datos no estaban disponibles o no respondieron a la solicitud de informaci\u00f3n.<\/p>\n<p>Este informe de The Canadian Press.<\/p>\n<p>&nbsp;<\/p>\n<p>&nbsp;<\/p>\n<p>El edificio de los Tribunales de Justicia, sede de la Corte Suprema de British Columbia y del Tribunal de Apelaciones, se ve en Vancouver el jueves 23 de noviembre de 2023. Una revisi\u00f3n de la informaci\u00f3n proporcionada por las provincias y los territorios muestra que m\u00e1s de 400 casos penales se han detenido en todo Canad\u00e1 desde principios del a\u00f1o pasado porque hab\u00edan excedido los l\u00edmites de tiempo sobre cu\u00e1nto tiempo pueden durar los juicios penales antes de violar los derechos de la Carta de un acusado. THE CANADIAN PRESS\/Darryl Dyck<\/p>\n","protected":false},"excerpt":{"rendered":"<p>&nbsp; &nbsp; Una revisi\u00f3n de la informaci\u00f3n proporcionada por las provincias y territorios muestra que m\u00e1s de 400 casos penales se suspendieron en todo Canad\u00e1&hellip;<\/p>\n","protected":false},"author":99,"featured_media":524602,"comment_status":"open","ping_status":"open","sticky":false,"template":"","format":"standard","meta":{"footnotes":""},"categories":[21],"tags":[],"class_list":["post-524601","post","type-post","status-publish","format-standard","has-post-thumbnail","hentry","category-canada"],"_links":{"self":[{"href":"https:\/\/diarioelpopular.com\/index.php\/wp-json\/wp\/v2\/posts\/524601","targetHints":{"allow":["GET"]}}],"collection":[{"href":"https:\/\/diarioelpopular.com\/index.php\/wp-json\/wp\/v2\/posts"}],"about":[{"href":"https:\/\/diarioelpopular.com\/index.php\/wp-json\/wp\/v2\/types\/post"}],"author":[{"embeddable":true,"href":"https:\/\/diarioelpopular.com\/index.php\/wp-json\/wp\/v2\/users\/99"}],"replies":[{"embeddable":true,"href":"https:\/\/diarioelpopular.com\/index.php\/wp-json\/wp\/v2\/comments?post=524601"}],"version-history":[{"count":1,"href":"https:\/\/diarioelpopular.com\/index.php\/wp-json\/wp\/v2\/posts\/524601\/revisions"}],"predecessor-version":[{"id":524603,"href":"https:\/\/diarioelpopular.com\/index.php\/wp-json\/wp\/v2\/posts\/524601\/revisions\/524603"}],"wp:featuredmedia":[{"embeddable":true,"href":"https:\/\/diarioelpopular.com\/index.php\/wp-json\/wp\/v2\/media\/524602"}],"wp:attachment":[{"href":"https:\/\/diarioelpopular.com\/index.php\/wp-json\/wp\/v2\/media?parent=524601"}],"wp:term":[{"taxonomy":"category","embeddable":true,"href":"https:\/\/diarioelpopular.com\/index.php\/wp-json\/wp\/v2\/categories?post=524601"},{"taxonomy":"post_tag","embeddable":true,"href":"https:\/\/diarioelpopular.com\/index.php\/wp-json\/wp\/v2\/tags?post=524601"}],"curies":[{"name":"wp","href":"https:\/\/api.w.org\/{rel}","templated":true}]}}