{"id":524635,"date":"2024-11-08T11:04:02","date_gmt":"2024-11-08T15:04:02","guid":{"rendered":"https:\/\/diarioelpopular.com\/?p=524635"},"modified":"2024-11-08T11:04:02","modified_gmt":"2024-11-08T15:04:02","slug":"la-despenalizacion-total-del-aborto-en-ciudad-de-mexico-divide-opiniones-dentro-del-feminismo","status":"publish","type":"post","link":"https:\/\/diarioelpopular.com\/index.php\/2024\/11\/08\/la-despenalizacion-total-del-aborto-en-ciudad-de-mexico-divide-opiniones-dentro-del-feminismo\/","title":{"rendered":"La despenalizaci\u00f3n total del aborto en Ciudad de M\u00e9xico divide opiniones dentro del feminismo"},"content":{"rendered":"<div id=\"attachment_524636\" style=\"width: 1210px\" class=\"wp-caption alignnone\"><img loading=\"lazy\" decoding=\"async\" aria-describedby=\"caption-attachment-524636\" class=\"wp-image-524636 size-custom-big-size\" src=\"https:\/\/diarioelpopular.com\/wp-content\/uploads\/2024\/11\/Screen-Shot-2024-11-08-at-10.03.16-AM-1200x799.png\" alt=\"\" width=\"1200\" height=\"799\" srcset=\"https:\/\/diarioelpopular.com\/wp-content\/uploads\/2024\/11\/Screen-Shot-2024-11-08-at-10.03.16-AM-1200x799.png 1200w, https:\/\/diarioelpopular.com\/wp-content\/uploads\/2024\/11\/Screen-Shot-2024-11-08-at-10.03.16-AM-300x200.png 300w, https:\/\/diarioelpopular.com\/wp-content\/uploads\/2024\/11\/Screen-Shot-2024-11-08-at-10.03.16-AM-768x511.png 768w, https:\/\/diarioelpopular.com\/wp-content\/uploads\/2024\/11\/Screen-Shot-2024-11-08-at-10.03.16-AM-636x424.png 636w, https:\/\/diarioelpopular.com\/wp-content\/uploads\/2024\/11\/Screen-Shot-2024-11-08-at-10.03.16-AM-110x73.png 110w, https:\/\/diarioelpopular.com\/wp-content\/uploads\/2024\/11\/Screen-Shot-2024-11-08-at-10.03.16-AM.png 1024w\" sizes=\"auto, (max-width: 1200px) 100vw, 1200px\" \/><p id=\"caption-attachment-524636\" class=\"wp-caption-text\">Mujeres se manifiestan para exigir la eliminaci\u00f3n del aborto del C\u00f3digo Penal, en Ciudad de M\u00e9xico, en noviembre de 2024.\u00a0 \u00a0 \u00a0Jos\u00e9 M\u00e9ndez (EFE)<\/p><\/div>\n<p>&nbsp;<\/p>\n<p>&nbsp;<\/p>\n<h4 class=\"a_st\"><em>&#8211; El Congreso local paraliza el dictamen, mientras sus impulsoras insisten en la importancia de que ninguna mujer sea encarcelada por abortar<\/em><\/h4>\n<p>&nbsp;<\/p>\n<p>&nbsp;<\/p>\n<p class=\"\">Una nueva propuesta en el Congreso de la Ciudad de M\u00e9xico plantea<a href=\"https:\/\/elpais.com\/mexico\/2024-11-05\/la-despenalizacion-del-aborto-en-ciudad-de-mexico-de-la-certeza-juridica-para-las-mujeres-y-el-sector-salud-a-los-bulos-en-redes-sociales.html\" data-link-track-dtm=\"\" data-mrf-link=\"https:\/\/elpais.com\/mexico\/2024-11-05\/la-despenalizacion-del-aborto-en-ciudad-de-mexico-de-la-certeza-juridica-para-las-mujeres-y-el-sector-salud-a-los-bulos-en-redes-sociales.html\">\u00a0eliminar el delito de aborto del C\u00f3digo Penal en la capital<\/a>. La medida, impulsada por Morena, busca que ninguna mujer sea sancionada por abortar sin importar en qu\u00e9 momento de la gestaci\u00f3n se encuentre. El dictamen fue aprobado la semana pasada en las comisiones del Congreso local y se esperaba que pasara al pleno este jueves, sin embargo, la medida fue enviada a la congeladora legislativa sin aviso previo. \u201cEstamos esperando a que se generen las condiciones pol\u00edticas y sociales para poder avanzar\u201d, se\u00f1ala la diputada de Morena Ceci Vadillo, una de las impulsoras de la medida.<\/p>\n<p class=\"\">Desde 2007 el aborto es legal en Ciudad de M\u00e9xico hasta la semana 12, despu\u00e9s de ese punto, el procedimiento solo es legal en caso de violaci\u00f3n, inseminaci\u00f3n artificial no consentida, riesgos para la salud de la mujer o malformaciones graves o cong\u00e9nitas en el feto. Las legisladoras y activistas que pugnan por la medida buscan que \u201cninguna mujer sea criminalizada por abortar\u201d, como afirma Vadillo. En los \u00faltimos nueve a\u00f1os, se han abierto alrededor de 1.250 carpetas de investigaci\u00f3n por el delito de aborto en la capital. La cifra muestra que, pese a los avances, un nutrido grupo de mujeres sigue qued\u00e1ndose en los m\u00e1rgenes, en su mayor\u00eda las m\u00e1s pobres.<\/p>\n<p class=\"\">En los \u00faltimos 20 a\u00f1os, m\u00e1s del 80% de las mujeres que han abortado en Ciudad de M\u00e9xico lo han hecho antes de las primeras 12 semanas, seg\u00fan datos oficiales. \u201cEl otro 20% suelen ser casos de adolescentes y ni\u00f1as que han sufrido violencia sexual y que, por lo tanto, tienen una detecci\u00f3n tard\u00eda del embarazo y se les dificulta acceder de manera pronta a los servicios de salud\u201d, explica Vadillo. \u201cTambi\u00e9n suceden casos m\u00e9dicos donde hay complicaciones severas con malformaciones que implican que los beb\u00e9s no puedan sobrevivir fuera del \u00fatero y las mujeres son obligadas a continuar\u201d, agrega la diputada.<\/p>\n<p class=\"\">El debate no se ha quedado entre las cuatro paredes del Congreso. La propuesta, como era de esperarse, ha levantado ampollas entre los sectores m\u00e1s conservadores del pa\u00eds y los grupos antiderechos, pero tambi\u00e9n ha dividido opiniones dentro del propio movimiento feminista. Muestra de que existe un debate abierto sobre las implicaciones de abortar en etapas avanzadas de la gestaci\u00f3n.<\/p>\n<p class=\"\">\u201cSacar el aborto del c\u00f3digo penal no quiere decir que no haya una regulaci\u00f3n en t\u00e9rminos de qui\u00e9n puede acceder a los servicios, pero en lugar de que est\u00e9 en el C\u00f3digo Penal, como un delito, nosotras proponemos que se haga desde la regulaci\u00f3n sanitaria\u201d, se\u00f1ala Rebeca Ramos, directora del Grupo de Informaci\u00f3n en Reproducci\u00f3n Elegida (GIRE). De hecho, la reforma propuesta por Morena se ci\u00f1e solo a eliminar el tipo penal y no toca la Ley de Salud, que mantiene solo como permitidas y reguladas las 12 primeras semanas para interrumpir el embarazo.<\/p>\n<p class=\"\">Las impulsoras de la medida explican que sacar el aborto del C\u00f3digo Penal elimina trabas tambi\u00e9n para los m\u00e9dicos y personal sanitario. \u201cEl problema es que los doctores sienten mucho miedo de practicar abortos y verse involucrados en un delito, as\u00ed que no lo practican en muchos casos\u201d, dice la diputada Vadillo. La amenaza del C\u00f3digo Penal genera un efecto inhibitorio no solo para las mujeres, tambi\u00e9n para el personal m\u00e9dico que da los servicios. \u201cSe trata de un cambio de paradigma\u201d, menciona la m\u00e9dica y doctora en bio\u00e9tica Ana Cristina Gonz\u00e1lez, impulsora del movimiento Causa Justa en Colombia. \u201cTenemos que abandonar la idea de que tiene que existir un<a href=\"https:\/\/elpais.com\/mexico\/2024-11-01\/videocolumna-para-que-lleguemos-todas-el-caso-de-esmeralda.html\" data-link-track-dtm=\"\" data-mrf-link=\"https:\/\/elpais.com\/mexico\/2024-11-01\/videocolumna-para-que-lleguemos-todas-el-caso-de-esmeralda.html\">\u00a0delito para regular el aborto<\/a>\u201d, se\u00f1ala. \u201cEst\u00e1 demostrado que las normas restrictivas est\u00e1n m\u00e1s asociadas a la mortalidad materna y no impiden regular los abortos ni reducir la muerte ni las complicaciones cuando una mujer decide interrumpir su embarazo\u201d, afirma.<\/p>\n<p class=\"\">Gonz\u00e1lez se\u00f1ala que la Organizaci\u00f3n Mundial de la Salud (OMS) recomienda la despenalizaci\u00f3n del aborto y la eliminaci\u00f3n de las leyes que lo proh\u00edben. Tambi\u00e9n considera que el acceso a un aborto seguro es fundamental para la salud de las mujeres y las ni\u00f1as. En ese sentido, recomienda \u201celiminar el aborto de las leyes penales, no promulgar leyes que proh\u00edban el aborto con base en l\u00edmites de edad gestacional, proteger el acceso a la atenci\u00f3n integral y limitar la objeci\u00f3n de conciencia de los profesionales de la salud.<\/p>\n<p>&nbsp;<\/p>\n<figure class=\"a_m a_m-h \">\n<p><div style=\"width: 424px\" class=\"wp-caption alignnone\"><img loading=\"lazy\" decoding=\"async\" class=\"_re lazyload a_m-h\" src=\"https:\/\/imagenes.elpais.com\/resizer\/v2\/7B7C3OCLKAI3K32CQWWY3JB6IQ.jpg?auth=fea19a73cff2bf80a5a45e22411473f9d24fc0ebc60d5ed83958454be479abd5&amp;width=414\" sizes=\"auto, (min-width:1199px) 1155px,(min-width:1001px) calc(100vw - 44px),(min-width:768px) 767px, 100vw\" srcset=\"https:\/\/imagenes.elpais.com\/resizer\/v2\/7B7C3OCLKAI3K32CQWWY3JB6IQ.jpg?auth=fea19a73cff2bf80a5a45e22411473f9d24fc0ebc60d5ed83958454be479abd5&amp;width=414 414w,https:\/\/imagenes.elpais.com\/resizer\/v2\/7B7C3OCLKAI3K32CQWWY3JB6IQ.jpg?auth=fea19a73cff2bf80a5a45e22411473f9d24fc0ebc60d5ed83958454be479abd5&amp;width=828 640w,https:\/\/imagenes.elpais.com\/resizer\/v2\/7B7C3OCLKAI3K32CQWWY3JB6IQ.jpg?auth=fea19a73cff2bf80a5a45e22411473f9d24fc0ebc60d5ed83958454be479abd5&amp;width=980 1000w,https:\/\/imagenes.elpais.com\/resizer\/v2\/7B7C3OCLKAI3K32CQWWY3JB6IQ.jpg?auth=fea19a73cff2bf80a5a45e22411473f9d24fc0ebc60d5ed83958454be479abd5&amp;width=1960 1960w\" alt=\"Integrantes de organizaciones a favor del aborto se manifiestan frente al Congreso de Ciudad de M\u00e9xico para exigir su eliminaci\u00f3n del C\u00f3digo Penal.\" width=\"414\" height=\"276\" \/><p class=\"wp-caption-text\">Integrantes de organizaciones a favor del aborto se manifiestan frente al Congreso de Ciudad de M\u00e9xico para exigir su eliminaci\u00f3n del C\u00f3digo Penal.Jos\u00e9 M\u00e9ndez (EFE)<\/p><\/div><figcaption class=\"a_m_p\"><\/figcaption><\/figure>\n<p>&nbsp;<\/p>\n<p class=\"\">Sin embargo, hay quienes consideran que el derecho de las mujeres a decidir en cualquier momento de la gestaci\u00f3n debe tener l\u00edmites. \u201cTengo muchas dudas jur\u00eddicas y cuestionamientos \u00e9ticos respecto a la iniciativa. El l\u00edmite de las 12 semanas sigue dos principios cient\u00edficos. Primero, que hasta despu\u00e9s de las 12 semanas no se forma el sistema nervioso central, por lo tanto, el feto no tiene capacidad de sentir y segundo, que su vida no es viable fuera del \u00fatero\u201d, apunta la abogada Paola Zavala.<\/p>\n<p class=\"\">Zavala apuesta por agregar m\u00e1s causales en las que se pueda abortar en la capital. \u201cCreo que las excepciones se pueden ampliar para proteger otros supuestos como violencia familiar o extrema pobreza, pero despenalizar en todos los casos no tiene sentido jur\u00eddico. Hay un ser que siente y su vida es viable despu\u00e9s de los seis meses fuera del \u00fatero\u201d, afirma la abogada. \u201cDesde mi punto de vista hay responsabilidades que no podemos eludir por el hecho de ser mujeres, m\u00e1s en una ciudad que garantiza el acceso al aborto seguro y gratuito antes de las 12 semanas\u201d, apunta.<\/p>\n<p class=\"\">Keith L\u00f3pez, internacionalista e investigadora del Colegio de Postgraduados del Estado de M\u00e9xico, considera que una despenalizaci\u00f3n total podr\u00eda acarrear otras consecuencias. Como por ejemplo, ventajas para la industria de los vientres de alquiler. \u201cMe parece preocupante, hay que ver esto con una perspectiva de m\u00e1s alcance. Primero porque la industria reproductiva, a pesar de que es legal en pocos Estados como Tabasco o Sinaloa, llega a lugares donde hay lagunas legales. Este es el caso de Ciudad de M\u00e9xico o el Estado de M\u00e9xico. La despenalizaci\u00f3n total es el paso que se necesita para que\u00a0<a href=\"https:\/\/elpais.com\/sociedad\/2023-04-02\/vientres-de-alquiler-el-deseo-de-ser-padres-convertido-en-industria.html\" target=\"_blank\" rel=\"noopener\" data-link-track-dtm=\"\" data-mrf-link=\"https:\/\/elpais.com\/sociedad\/2023-04-02\/vientres-de-alquiler-el-deseo-de-ser-padres-convertido-en-industria.html\">estos procedimientos puedan realizarse sin ninguna repercusi\u00f3n legal<\/a>\u201d, comenta la especialista.<\/p>\n<p class=\"\">En 2021 la Suprema Corte de Justicia de la Naci\u00f3n\u00a0<a href=\"https:\/\/elpais.com\/mexico\/2021-09-07\/la-suprema-corte-de-mexico-despenaliza-el-aborto.html\" data-link-track-dtm=\"\" data-mrf-link=\"https:\/\/elpais.com\/mexico\/2021-09-07\/la-suprema-corte-de-mexico-despenaliza-el-aborto.html\">determin\u00f3 que ninguna mujer en M\u00e9xico pod\u00eda ser criminalizada por abortar<\/a>\u00a0en periodos cercanos al inicio de la gestaci\u00f3n, aunque tambi\u00e9n se\u00f1ala en reiteradas ocasiones que el derecho penal no es la v\u00eda para regular esta pr\u00e1ctica. Las defensoras de la desaparici\u00f3n del delito de aborto insisten en que la punibilidad del aborto fomenta \u201clos sesgos de g\u00e9nero\u201d y un acceso desigual a la ley. Por ese motivo subrayan que el aborto debe abordarse desde \u201cuna conversaci\u00f3n de salud\u201d y no de materia penal. \u201cCon esta reforma se reconocer\u00eda la capacidad plena de decisi\u00f3n de las mujeres y de las personas gestantes, el reconocimiento de su ciudadan\u00eda y se dejar\u00eda de tratar como criminales a las mujeres que abortan\u201d, se\u00f1ala la directora de GIRE.<\/p>\n<p class=\"\">Zavala ve con preocupaci\u00f3n que la discusi\u00f3n de la despenalizaci\u00f3n total pueda poner en riesgo los derechos conquistados hasta el momento. \u201cPodemos estar poniendo en riesgo el avance del aborto en el pa\u00eds\u201d, sentencia. \u201cAmpliar a todos los casos creo que no tiene sentido ni jur\u00eddico, ni \u00e9tico, ni estrat\u00e9gico. Podemos toparnos en un futuro con un rev\u00e9s de la Suprema Corte: si la pr\u00f3xima Corte resulta ser m\u00e1s conservadora, le vuelves a llevar el tema del derecho al aborto y le quitas el consenso previo que hab\u00eda, corremos el riesgo de retroceder,\u00a0<a href=\"https:\/\/elpais.com\/sociedad\/2022-06-24\/el-tribunal-supremo-deroga-el-derecho-al-aborto-en-estados-unidos.html\" target=\"_blank\" rel=\"noopener\" data-link-track-dtm=\"\" data-mrf-link=\"https:\/\/elpais.com\/sociedad\/2022-06-24\/el-tribunal-supremo-deroga-el-derecho-al-aborto-en-estados-unidos.html\">como pas\u00f3 en Estados Unidos con Roe versus Wade<\/a>\u201d, puntualiza. Keith L\u00f3pez duda sobre este punto. \u201cVeo dif\u00edcil que se pueda retroceder en el trabajo que ya est\u00e1, pero s\u00ed me parece que es riesgoso por la desinformaci\u00f3n que ha provocado\u201d, agrega.<\/p>\n<p class=\"\">L\u00f3pez considera que una medida de este calado puede poner en riesgo la percepci\u00f3n social y de consenso que consigui\u00f3 el aborto en la capital los \u00faltimos 20 a\u00f1os. \u201cEsto fortalece a los grupos provida que restringen el derecho de las mujeres a decidir y que fortalece a la extrema derecha en estos tiempos donde los antiderechos se han vuelto m\u00e1s fuertes\u201d, opina.<\/p>\n<p>&nbsp;<\/p>\n<figure class=\"a_m a_m-h \">\n<p><div style=\"width: 424px\" class=\"wp-caption alignnone\"><img loading=\"lazy\" decoding=\"async\" class=\"_re lazyload a_m-h\" src=\"https:\/\/imagenes.elpais.com\/resizer\/v2\/J22AXHRVSRPCFF6I5ORGCGAAK4.jpg?auth=3e1502e0b462aac087d98d16145d9f493ea269f32cfe37f3c8aacbcc6f0bb361&amp;width=414\" sizes=\"auto, (min-width:1199px) 1155px,(min-width:1001px) calc(100vw - 44px),(min-width:768px) 767px, 100vw\" srcset=\"https:\/\/imagenes.elpais.com\/resizer\/v2\/J22AXHRVSRPCFF6I5ORGCGAAK4.jpg?auth=3e1502e0b462aac087d98d16145d9f493ea269f32cfe37f3c8aacbcc6f0bb361&amp;width=414 414w,https:\/\/imagenes.elpais.com\/resizer\/v2\/J22AXHRVSRPCFF6I5ORGCGAAK4.jpg?auth=3e1502e0b462aac087d98d16145d9f493ea269f32cfe37f3c8aacbcc6f0bb361&amp;width=828 640w,https:\/\/imagenes.elpais.com\/resizer\/v2\/J22AXHRVSRPCFF6I5ORGCGAAK4.jpg?auth=3e1502e0b462aac087d98d16145d9f493ea269f32cfe37f3c8aacbcc6f0bb361&amp;width=980 1000w,https:\/\/imagenes.elpais.com\/resizer\/v2\/J22AXHRVSRPCFF6I5ORGCGAAK4.jpg?auth=3e1502e0b462aac087d98d16145d9f493ea269f32cfe37f3c8aacbcc6f0bb361&amp;width=1960 1960w\" alt=\"Mujeres celebran la despenalizaci\u00f3n del aborto en Puebla, en julio de este a\u00f1o.\" width=\"414\" height=\"277\" \/><p class=\"wp-caption-text\">Mujeres celebran la despenalizaci\u00f3n del aborto en Puebla, en julio de este a\u00f1o.Hilda R\u00edos (EFE)<\/p><\/div><figcaption class=\"a_m_p\"><\/figcaption><\/figure>\n<p>&nbsp;<\/p>\n<p class=\"\">El debate sobre la eliminaci\u00f3n del delito de aborto de los c\u00f3digos penales es una conversaci\u00f3n con m\u00e1s o menos avance en todos los pa\u00edses. Desde la prohibici\u00f3n total en lugares como El Salvador o Rep\u00fablica Dominicana, pasando por legislaciones que han despenalizado el aborto hasta un n\u00famero determinado de semanas, como sucede en Colombia, donde es legal hasta la semana 24; Argentina, semana 14 o Canad\u00e1, donde no existe el delito de aborto desde 1988. \u201cAs\u00ed como luchamos para que haya maternidades deseadas, cuidadas y protegidas, tenemos que luchar para que no haya maternidades forzadas y ninguna mujer se vea obligada a llevar adelante un embarazo o una maternidad que no desea\u201d, explica Ana Cristina Gonz\u00e1lez. Todas las expertas consultadas coinciden en algo: es necesario que las autoridades inviertan m\u00e1s en educaci\u00f3n sexual en las escuelas para que ni\u00f1as y adolescentes en el futuro sean mujeres que conozcan sus derechos. Educaci\u00f3n sexual para decidir, anticonceptivos para no abortar, aborto legal para no morir.<\/p>\n<p class=\"\">En M\u00e9xico las mujeres siguen en\u00a0<a href=\"https:\/\/elpais.com\/mexico\/2024-10-11\/mapa-del-aborto-en-mexico-estados-que-han-despenalizado-la-interrupcion-voluntaria-del-embarazo.html\" data-link-track-dtm=\"\" data-mrf-link=\"https:\/\/elpais.com\/mexico\/2024-10-11\/mapa-del-aborto-en-mexico-estados-que-han-despenalizado-la-interrupcion-voluntaria-del-embarazo.html\">absoluta desigualdad dependiendo del Estado<\/a>\u00a0en el que vivan. Aunque la despenalizaci\u00f3n del aborto haya avanzado en la \u00faltima d\u00e9cada a casi la mitad del pa\u00eds, todav\u00eda existe una f\u00e9rrea oposici\u00f3n por parte de autoridades, poder pol\u00edtico y religioso que se niegan a que las mujeres tengan plenos derechos sobre sus cuerpos. \u201cEn t\u00e9rminos de evidencia, la criminalizaci\u00f3n no ha impedido los abortos ni ha impedido las complicaciones. Lo que ha hecho es poner barreras para que los servicios de salud puedan atender adecuadamente a quienes necesitan atenci\u00f3n m\u00e9dica reproductiva. Algo tiene que cambiar para que no volvamos a tener casos como el de\u00a0<a href=\"https:\/\/elpais.com\/mexico\/2024-11-02\/todos-le-fallaron-a-esmeralda-perseguida-en-mexico-por-abortar-a-los-14-anos.html\" data-link-track-dtm=\"\" data-mrf-link=\"https:\/\/elpais.com\/mexico\/2024-11-02\/todos-le-fallaron-a-esmeralda-perseguida-en-mexico-por-abortar-a-los-14-anos.html\">Esmeralda, en Quer\u00e9taro, criminalizada a los 14 a\u00f1os por tener un aborto espont\u00e1neo<\/a>\u201d, dice Rebeca Ramos.<\/p>\n","protected":false},"excerpt":{"rendered":"<p>&nbsp; &nbsp; &#8211; El Congreso local paraliza el dictamen, mientras sus impulsoras insisten en la importancia de que ninguna mujer sea encarcelada por abortar &nbsp;&hellip;<\/p>\n","protected":false},"author":99,"featured_media":524636,"comment_status":"open","ping_status":"open","sticky":false,"template":"","format":"standard","meta":{"footnotes":""},"categories":[23],"tags":[],"class_list":["post-524635","post","type-post","status-publish","format-standard","has-post-thumbnail","hentry","category-latinoamerica"],"_links":{"self":[{"href":"https:\/\/diarioelpopular.com\/index.php\/wp-json\/wp\/v2\/posts\/524635","targetHints":{"allow":["GET"]}}],"collection":[{"href":"https:\/\/diarioelpopular.com\/index.php\/wp-json\/wp\/v2\/posts"}],"about":[{"href":"https:\/\/diarioelpopular.com\/index.php\/wp-json\/wp\/v2\/types\/post"}],"author":[{"embeddable":true,"href":"https:\/\/diarioelpopular.com\/index.php\/wp-json\/wp\/v2\/users\/99"}],"replies":[{"embeddable":true,"href":"https:\/\/diarioelpopular.com\/index.php\/wp-json\/wp\/v2\/comments?post=524635"}],"version-history":[{"count":1,"href":"https:\/\/diarioelpopular.com\/index.php\/wp-json\/wp\/v2\/posts\/524635\/revisions"}],"predecessor-version":[{"id":524637,"href":"https:\/\/diarioelpopular.com\/index.php\/wp-json\/wp\/v2\/posts\/524635\/revisions\/524637"}],"wp:featuredmedia":[{"embeddable":true,"href":"https:\/\/diarioelpopular.com\/index.php\/wp-json\/wp\/v2\/media\/524636"}],"wp:attachment":[{"href":"https:\/\/diarioelpopular.com\/index.php\/wp-json\/wp\/v2\/media?parent=524635"}],"wp:term":[{"taxonomy":"category","embeddable":true,"href":"https:\/\/diarioelpopular.com\/index.php\/wp-json\/wp\/v2\/categories?post=524635"},{"taxonomy":"post_tag","embeddable":true,"href":"https:\/\/diarioelpopular.com\/index.php\/wp-json\/wp\/v2\/tags?post=524635"}],"curies":[{"name":"wp","href":"https:\/\/api.w.org\/{rel}","templated":true}]}}