{"id":524657,"date":"2024-11-09T11:45:20","date_gmt":"2024-11-09T15:45:20","guid":{"rendered":"https:\/\/diarioelpopular.com\/?p=524657"},"modified":"2024-11-09T11:45:20","modified_gmt":"2024-11-09T15:45:20","slug":"profundamente-ofensivo-que-se-utilice-la-amapola-del-dia-del-recuerdo-para-honrar-al-lider-de-hamas","status":"publish","type":"post","link":"https:\/\/diarioelpopular.com\/index.php\/2024\/11\/09\/profundamente-ofensivo-que-se-utilice-la-amapola-del-dia-del-recuerdo-para-honrar-al-lider-de-hamas\/","title":{"rendered":"&#8220;Profundamente ofensivo&#8221; \u2014 que se utilice la amapola del D\u00eda del Recuerdo para honrar al l\u00edder de Ham\u00e1s"},"content":{"rendered":"<div id=\"attachment_524658\" style=\"width: 646px\" class=\"wp-caption alignnone\"><img loading=\"lazy\" decoding=\"async\" aria-describedby=\"caption-attachment-524658\" class=\"wp-image-524658 size-custom-full-size\" src=\"https:\/\/diarioelpopular.com\/wp-content\/uploads\/2024\/11\/Screen-Shot-2024-11-09-at-10.44.02-AM-636x474.png\" alt=\"\" width=\"636\" height=\"474\" srcset=\"https:\/\/diarioelpopular.com\/wp-content\/uploads\/2024\/11\/Screen-Shot-2024-11-09-at-10.44.02-AM-636x474.png 636w, https:\/\/diarioelpopular.com\/wp-content\/uploads\/2024\/11\/Screen-Shot-2024-11-09-at-10.44.02-AM-300x224.png 300w, https:\/\/diarioelpopular.com\/wp-content\/uploads\/2024\/11\/Screen-Shot-2024-11-09-at-10.44.02-AM-768x573.png 768w, https:\/\/diarioelpopular.com\/wp-content\/uploads\/2024\/11\/Screen-Shot-2024-11-09-at-10.44.02-AM-98x73.png 98w, https:\/\/diarioelpopular.com\/wp-content\/uploads\/2024\/11\/Screen-Shot-2024-11-09-at-10.44.02-AM.png 1024w\" sizes=\"auto, (max-width: 636px) 100vw, 636px\" \/><p id=\"caption-attachment-524658\" class=\"wp-caption-text\">A man lays a poppy on the Tomb of the Unknown Soldier after this morning&#8217;s Remembrance Day ceremony, Nov. 11, 2014 in Ottawa, Canada. Photo by Mike Carroccetto \/GETTY IMAGES<\/p><\/div>\n<p>&nbsp;<\/p>\n<p>&nbsp;<\/p>\n<ul>\n<li><em><strong>La amapola es para recordar a los ca\u00eddos en la guerra de Canad\u00e1. No a los terroristas de Ham\u00e1s.<\/strong><\/em><\/li>\n<\/ul>\n<p>&nbsp;<\/p>\n<div class=\"published-by\"><span class=\"published-by__author\"><a href=\"https:\/\/torontosun.com\/author\/jwarmington\/\">Joe Warmington<\/a><\/span><\/div>\n<p>Hay pocas cosas m\u00e1s viles que secuestrar la amapola para honrar la muerte de un l\u00edder terrorista asesino. Pero ha sucedido. Parece que ya no hay verg\u00fcenza ni honor.<\/p>\n<p>Pero no todo el mundo se somete a la voluntad de los abusadores. Conocida por no poner fin a ninguna profanaci\u00f3n del s\u00edmbolo de sacrificio m\u00e1s preciado de Canad\u00e1, la Legi\u00f3n Real Canadiense dijo que un meme que utiliza amapolas para promover la vigilia de un m\u00e1rtir viola la marca registrada de la Legi\u00f3n y no deber\u00eda usarse.<\/p>\n<p>&#8220;Estamos al tanto de esta publicaci\u00f3n y hemos pedido que se elimine&#8221;, dijo la directora de comunicaciones de la Legi\u00f3n, Nujma Bond.<\/p>\n<p>&#8220;La Legi\u00f3n no se anda con rodeos cuando se trata de la amapola&#8221;, dijo Brian Patterson, director del Fondo del \u00daltimo Mensaje de Ontario. \u201cEst\u00e1n enviando una carta de cese y desistimiento all\u00ed de inmediato porque usar amapolas de esta manera es un insulto a cada miembro del servicio ca\u00eddo y tambi\u00e9n a cada veterano\u201d.<\/p>\n<p>De vez en cuando, personas bien intencionadas violan la marca registrada de la amapola accidentalmente, pero esta no es una de esas ocasiones. Esta vez, si bien las amapolas en la publicaci\u00f3n en las redes sociales se est\u00e1n utilizando sin permiso, esa es la parte menos ofensiva.<\/p>\n<p><em><strong>Todo el evento es sospechoso<\/strong><\/em><\/p>\n<p>Se trata de \u201cconmemorar los 40 d\u00edas despu\u00e9s del martirio de los l\u00edderes de la resistencia que lucha por la libertad palestina\u201d el \u201cmartes 26 de noviembre a las 6 p.m., en 300 City Centre Drive\u201d.<\/p>\n<p>Y adem\u00e1s de tres amapolas rojas con el lema \u201cPara que no olvidemos\u201d, muestra una imagen del l\u00edder de Ham\u00e1s Yahya Sinwar, quien fue asesinado en Gaza el mes pasado. Tambi\u00e9n dice \u201cVigilia por los l\u00edderes de la resistencia: traigan sus velas y fotos\u201d.<\/p>\n<p>\u00bfVelas y fotos para un asesino, algunos de los cuales tienen conexiones con el GTA? Es repugnante. Esta sugerencia en un pa\u00eds que ha convertido a Ham\u00e1s en una organizaci\u00f3n terrorista. Es dif\u00edcil de digerir que alguien asista a algo as\u00ed, y mucho menos que lo celebre. Pero la polic\u00eda y la Legi\u00f3n lo est\u00e1n abordando como si fuera real. Dos correos electr\u00f3nicos al organizador de este evento a\u00fan no hab\u00edan recibido respuesta hasta el viernes por la noche. Sin embargo, la Polic\u00eda Regional de Peel est\u00e1 al tanto de la invitaci\u00f3n y est\u00e1 monitoreando cualquier desarrollo.<\/p>\n<p>\u201cEs espantoso que los grupos antiisrael\u00edes exploten el D\u00eda del Recuerdo Canadiense y el s\u00edmbolo sagrado de la amapola para promover mensajes que socavan los mismos valores por los que lucharon nuestros veteranos\u201d, dijo Cory Hann, vicepresidente de comunicaciones y marketing del Centro para Israel y Asuntos Jud\u00edos (CIJA). \u201cLa amapola es un s\u00edmbolo sagrado de nuestro compromiso de nunca olvidar a los valientes veteranos que hicieron el m\u00e1ximo sacrificio defendiendo Canad\u00e1 y las libertades que apreciamos. Esta manipulaci\u00f3n va m\u00e1s all\u00e1 de la mera defensa; \u201cUsar la amapola para honrar a figuras como Yahya Sinwar, l\u00edder de los ataques terroristas del 7 de octubre, es una grotesca violaci\u00f3n de su significado sagrado\u201d.<\/p>\n<p>Desde el 7 de octubre de 2023, ha habido manifestaciones semanales, as\u00ed como tiroteos en escuelas jud\u00edas y vandalismo en negocios jud\u00edos.<\/p>\n<p>Ahora, los partidarios de Ham\u00e1s est\u00e1n cooptando la amapola. No hay excepciones a la regla, salvo la amapola especial aprobada y querida para conmemorar el D\u00eda del Recuerdo Ind\u00edgena el 8 de noviembre. Eso y la amapola tradicional con el broche son lo que permite la Legi\u00f3n. Nada m\u00e1s. La amapola es un s\u00edmbolo del Recuerdo. Bajo ninguna circunstancia es un broche de protesta.<\/p>\n<p>\u201cEs profundamente inquietante ver que la amapola, un s\u00edmbolo canadiense de sacrificio y recuerdo, se explote junto con las vigilias por figuras como el l\u00edder de Ham\u00e1s Yahya Sinwar\u201d, dijo Austin T. Parcels, gerente de investigaci\u00f3n y defensa de B\u2019nai Brith Canad\u00e1.<\/p>\n<p>\u201cHonrar a un terrorista responsable de innumerables muertes inocentes con un s\u00edmbolo que pretende recordar a quienes lucharon por la paz es vil y profundamente ofensivo\u201d.<\/p>\n<p>Lamentablemente, esta no es la \u00fanica violaci\u00f3n de la amapola por parte del movimiento pro-Palestina. En el Reino Unido, existe un movimiento Amapolas por Palestina, que basa la tradicional amapola roja y negra en verde.<\/p>\n","protected":false},"excerpt":{"rendered":"<p>&nbsp; &nbsp; La amapola es para recordar a los ca\u00eddos en la guerra de Canad\u00e1. No a los terroristas de Ham\u00e1s. &nbsp; Joe Warmington Hay&hellip;<\/p>\n","protected":false},"author":99,"featured_media":524658,"comment_status":"open","ping_status":"open","sticky":false,"template":"","format":"standard","meta":{"footnotes":""},"categories":[21,11191],"tags":[],"class_list":["post-524657","post","type-post","status-publish","format-standard","has-post-thumbnail","hentry","category-canada","category-top-news"],"_links":{"self":[{"href":"https:\/\/diarioelpopular.com\/index.php\/wp-json\/wp\/v2\/posts\/524657","targetHints":{"allow":["GET"]}}],"collection":[{"href":"https:\/\/diarioelpopular.com\/index.php\/wp-json\/wp\/v2\/posts"}],"about":[{"href":"https:\/\/diarioelpopular.com\/index.php\/wp-json\/wp\/v2\/types\/post"}],"author":[{"embeddable":true,"href":"https:\/\/diarioelpopular.com\/index.php\/wp-json\/wp\/v2\/users\/99"}],"replies":[{"embeddable":true,"href":"https:\/\/diarioelpopular.com\/index.php\/wp-json\/wp\/v2\/comments?post=524657"}],"version-history":[{"count":1,"href":"https:\/\/diarioelpopular.com\/index.php\/wp-json\/wp\/v2\/posts\/524657\/revisions"}],"predecessor-version":[{"id":524659,"href":"https:\/\/diarioelpopular.com\/index.php\/wp-json\/wp\/v2\/posts\/524657\/revisions\/524659"}],"wp:featuredmedia":[{"embeddable":true,"href":"https:\/\/diarioelpopular.com\/index.php\/wp-json\/wp\/v2\/media\/524658"}],"wp:attachment":[{"href":"https:\/\/diarioelpopular.com\/index.php\/wp-json\/wp\/v2\/media?parent=524657"}],"wp:term":[{"taxonomy":"category","embeddable":true,"href":"https:\/\/diarioelpopular.com\/index.php\/wp-json\/wp\/v2\/categories?post=524657"},{"taxonomy":"post_tag","embeddable":true,"href":"https:\/\/diarioelpopular.com\/index.php\/wp-json\/wp\/v2\/tags?post=524657"}],"curies":[{"name":"wp","href":"https:\/\/api.w.org\/{rel}","templated":true}]}}