{"id":524661,"date":"2024-11-09T11:56:26","date_gmt":"2024-11-09T15:56:26","guid":{"rendered":"https:\/\/diarioelpopular.com\/?p=524661"},"modified":"2024-11-09T11:56:26","modified_gmt":"2024-11-09T15:56:26","slug":"tras-la-victoria-de-trump-sobre-harris-elon-musk-dice-que-justin-trudeau-sera-el-proximo-en-irse","status":"publish","type":"post","link":"https:\/\/diarioelpopular.com\/index.php\/2024\/11\/09\/tras-la-victoria-de-trump-sobre-harris-elon-musk-dice-que-justin-trudeau-sera-el-proximo-en-irse\/","title":{"rendered":"Tras la victoria de Trump sobre Harris, Elon Musk dice que Justin Trudeau ser\u00e1 el pr\u00f3ximo en irse"},"content":{"rendered":"<p><img loading=\"lazy\" decoding=\"async\" class=\"alignnone size-custom-full-size wp-image-524662\" src=\"https:\/\/diarioelpopular.com\/wp-content\/uploads\/2024\/11\/Screen-Shot-2024-11-09-at-10.55.46-AM-636x475.png\" alt=\"\" width=\"636\" height=\"475\" srcset=\"https:\/\/diarioelpopular.com\/wp-content\/uploads\/2024\/11\/Screen-Shot-2024-11-09-at-10.55.46-AM-636x475.png 636w, https:\/\/diarioelpopular.com\/wp-content\/uploads\/2024\/11\/Screen-Shot-2024-11-09-at-10.55.46-AM-300x224.png 300w, https:\/\/diarioelpopular.com\/wp-content\/uploads\/2024\/11\/Screen-Shot-2024-11-09-at-10.55.46-AM-768x573.png 768w, https:\/\/diarioelpopular.com\/wp-content\/uploads\/2024\/11\/Screen-Shot-2024-11-09-at-10.55.46-AM-98x73.png 98w, https:\/\/diarioelpopular.com\/wp-content\/uploads\/2024\/11\/Screen-Shot-2024-11-09-at-10.55.46-AM.png 1024w\" sizes=\"auto, (max-width: 636px) 100vw, 636px\" \/><\/p>\n<p>&nbsp;<\/p>\n<p>&nbsp;<\/p>\n<ul>\n<li><em><strong>&#8220;S\u00e9 que el presidente Trump y yo trabajaremos juntos para crear m\u00e1s oportunidades, prosperidad y seguridad para nuestras dos naciones&#8221;, dijo el l\u00edder liberal despu\u00e9s de la victoria republicana<\/strong><\/em><\/li>\n<\/ul>\n<p>&nbsp;<\/p>\n<p>&nbsp;<\/p>\n<p>Despu\u00e9s de que Donald Trump regresara al poder para convertirse en el 47\u00ba presidente de los Estados Unidos a principios de esta semana, un seguidor le pregunt\u00f3 al CEO de Tesla, Elon Musk, cu\u00e1ndo pueden esperar los votantes un cambio en Canad\u00e1.<\/p>\n<p>Justin Trudeau y el Partido Liberal siguen en el poder a pesar de su abrumadora impopularidad en las encuestas y los llamados del Partido Conservador federal para convocar elecciones anticipadas.<\/p>\n<p>&#8220;@elonmusk necesitamos tu ayuda en Canad\u00e1 para deshacernos de Trudeau&#8221;, suplic\u00f3 una persona etiquetando al multimillonario en una publicaci\u00f3n en X.<\/p>\n<p>&#8220;Se ir\u00e1 en las pr\u00f3ximas elecciones&#8221;, respondi\u00f3 Musk, partidario de Trump.<\/p>\n<p>La respuesta de Musk acumul\u00f3 m\u00e1s de 26.000 me gusta y gener\u00f3 m\u00e1s de 1.000 respuestas.<\/p>\n<p>&#8220;Sin duda. \u201cLa pelota est\u00e1 rodando\u201d, escribi\u00f3 un seguidor, y otro agreg\u00f3: \u201cLos ciudadanos canadienses han sido abusados \u200b\u200b\u200b\u200bsuficientemente por \u00e9l. Deber\u00eda disculparse\u201d.<\/p>\n<p>En 2022, Musk compar\u00f3 a Trudeau con Adolf Hitler en una publicaci\u00f3n en las redes sociales que apoyaba a los camioneros que protestaban por los mandatos de vacunaci\u00f3n. \u201cDejen de compararme con Justin Trudeau\u201d, dec\u00eda el meme con una imagen de Hitler. M\u00e1s tarde borr\u00f3 el tuit.<\/p>\n<p>La victoria decisiva de Trump esta semana provoc\u00f3 discusiones sobre las relaciones entre Canad\u00e1 y Estados Unidos. Despu\u00e9s de la victoria de Trump, Trudeau revivi\u00f3 un comit\u00e9 de gabinete de relaciones entre Canad\u00e1 y Estados Unidos que no se hab\u00eda reunido desde que el expresidente dej\u00f3 el cargo por primera vez en 2021.<\/p>\n<p>Mientras Estados Unidos se embarca en las primeras etapas de la planificaci\u00f3n de deportaciones masivas de ilegales, quedan preguntas sobre c\u00f3mo responder\u00e1 Canad\u00e1 si miles de migrantes de Estados Unidos se dirigen al norte de la frontera.<\/p>\n<p>En 2017, despu\u00e9s de que Trump emitiera una orden ejecutiva que prohib\u00eda la entrada de refugiados de pa\u00edses de mayor\u00eda musulmana, Trudeau tuite\u00f3 que el pa\u00eds dar\u00eda la bienvenida a los refugiados.<\/p>\n<p>\u201cA quienes huyen de la persecuci\u00f3n, el terror y la guerra, los canadienses les dar\u00e1n la bienvenida, independientemente de su fe. La diversidad es nuestra fuerza #BienvenidosACanad\u00e1\u201d, public\u00f3 en las redes sociales.<\/p>\n<p>Trump tambi\u00e9n ha prometido imponer aranceles del 10 al 20% a todos los bienes que ingresen a Estados Unidos, lo que ser\u00eda un golpe para el sector manufacturero del pa\u00eds.<\/p>\n<p>Trudeau, que ha sido primer ministro desde 2015, intent\u00f3 mostrarse valiente despu\u00e9s de la victoria de Trump, diciendo el mi\u00e9rcoles que la asociaci\u00f3n entre los dos pa\u00edses es una que el resto del mundo envidia.<\/p>\n<p>\u201cS\u00e9 que el presidente Trump y yo trabajaremos juntos para crear m\u00e1s oportunidades, prosperidad y seguridad para nuestras dos naciones\u201d, dijo Trudeau en X.<\/p>\n<p>La ministra de Finanzas, Chrystia Freeland, tambi\u00e9n intent\u00f3 transmitir un aire de calma.<\/p>\n<p>\u201cMuchos canadienses estuvieron ansiosos durante toda la noche y quiero decir\u2026 que Canad\u00e1 estar\u00e1 absolutamente bien\u201d, dijo. \u201cTenemos una relaci\u00f3n s\u00f3lida con Estados Unidos, tenemos una relaci\u00f3n s\u00f3lida con el presidente Trump y su equipo\u201d.<\/p>\n<p>Pero Trudeau tuvo una relaci\u00f3n complicada con Trump durante su mandato como presidente. En 2019, despu\u00e9s de una reuni\u00f3n de la OTAN en Londres, Trump atac\u00f3 a Trudeau despu\u00e9s de que el primer ministro fuera captado hablando por el micr\u00f3fono con el entonces primer ministro brit\u00e1nico Boris Johnson y el presidente franc\u00e9s Emmanuel Macron burl\u00e1ndose de la tardanza del presidente en una recepci\u00f3n en el Palacio de Buckingham.<\/p>\n<p>\u201cLleg\u00f3 tarde porque se toma una conferencia de prensa de 40 minutos de antemano\u201d, dijo Trudeau. \u201cVi c\u00f3mo su equipo se quedaba boquiabierto\u201d.<\/p>\n<p>Despu\u00e9s, Trump llam\u00f3 a Trudeau \u201chip\u00f3crita\u201d.<\/p>\n<p>\u201cLa verdad es que Trudeau es un buen tipo, pero la verdad es que le llam\u00e9 la atenci\u00f3n por el hecho de que no est\u00e1 pagando el 2% (en gastos de defensa) y supongo que no est\u00e1 contento con eso\u201d, dijo Trump.<\/p>\n<p>Un a\u00f1o antes, tras una cumbre del G7 en Quebec, Trump calific\u00f3 a Trudeau de \u201cmuy deshonesto y d\u00e9bil\u201d despu\u00e9s de que el l\u00edder canadiense amenazara con intensificar una guerra comercial entre los dos pa\u00edses.<\/p>\n<p>En otro lugar, Trump se refiri\u00f3 a Trudeau como un \u201clun\u00e1tico de extrema izquierda\u201d tras la dura respuesta de Ottawa a las protestas del \u201cConvoy de la Libertad\u201d que paralizaron la capital del pa\u00eds en 2022.<\/p>\n<p>\u201cEl Convoy de la Libertad est\u00e1 protestando pac\u00edficamente contra las duras pol\u00edticas del lun\u00e1tico de extrema izquierda Justin Trudeau, que ha destruido Canad\u00e1 con mandatos de COVID demenciales\u201d, dijo Trump en un comunicado.<\/p>\n<p>Trump agreg\u00f3 que su sitio de redes sociales Truth Social dar\u00eda la bienvenida a los partidarios del Convoy de la Libertad.<\/p>\n<p>\u201cFacebook est\u00e1 cancelando las cuentas de Freedom Convoy USA, y GoFundMe est\u00e1 negando el acceso a los fondos que pertenecen al Convoy de la Libertad. Esto es inaceptable y extremadamente peligroso en cualquier pa\u00eds que valore la libertad de expresi\u00f3n\u201d, dijo.<\/p>\n<p>En una entrevista de agosto con el streamer de videojuegos Adin Ross, Trump lanz\u00f3 una teor\u00eda conspirativa popular seg\u00fan la cual Trudeau era el hijo del l\u00edder comunista Fidel Castro.<\/p>\n<p>\u201cSe ha vuelto muy liberal, de hecho dicen que es el hijo de Fidel Castro, y podr\u00eda serlo\u201d, le dijo Trump a Ross en un video que ha sido visto m\u00e1s de 2,7 millones de veces en YouTube. \u201cTodo es posible en este mundo, \u00bfsabes?\u201d<\/p>\n<p>Trump dijo que \u00e9l y Trudeau se llevaban \u201cmuy bien\u201d, pero insinu\u00f3 que es muy consciente de que el l\u00edder liberal se encamina hacia la aniquilaci\u00f3n pol\u00edtica en medio de su decadente popularidad entre los canadienses.<\/p>\n<p>\u201cParece que se est\u00e1 volviendo muy progresista y a la gente de Canad\u00e1 no le gusta\u201d, agreg\u00f3 Trump en su entrevista con Ross. \u201cSi tuvieran una buena persona conservadora, que tal vez tengan, tal vez no, no lo s\u00e9, pero alguien que sea un conservador fuerte ganar\u00eda en Canad\u00e1. Canad\u00e1 est\u00e1 muy descontento con la forma en que los han tratado como personas, pero me llev\u00e9 bien con \u00e9l\u201d.<\/p>\n","protected":false},"excerpt":{"rendered":"<p>&nbsp; &nbsp; &#8220;S\u00e9 que el presidente Trump y yo trabajaremos juntos para crear m\u00e1s oportunidades, prosperidad y seguridad para nuestras dos naciones&#8221;, dijo el l\u00edder&hellip;<\/p>\n","protected":false},"author":99,"featured_media":524662,"comment_status":"open","ping_status":"open","sticky":false,"template":"","format":"standard","meta":{"footnotes":""},"categories":[24],"tags":[],"class_list":["post-524661","post","type-post","status-publish","format-standard","has-post-thumbnail","hentry","category-mundo"],"_links":{"self":[{"href":"https:\/\/diarioelpopular.com\/index.php\/wp-json\/wp\/v2\/posts\/524661","targetHints":{"allow":["GET"]}}],"collection":[{"href":"https:\/\/diarioelpopular.com\/index.php\/wp-json\/wp\/v2\/posts"}],"about":[{"href":"https:\/\/diarioelpopular.com\/index.php\/wp-json\/wp\/v2\/types\/post"}],"author":[{"embeddable":true,"href":"https:\/\/diarioelpopular.com\/index.php\/wp-json\/wp\/v2\/users\/99"}],"replies":[{"embeddable":true,"href":"https:\/\/diarioelpopular.com\/index.php\/wp-json\/wp\/v2\/comments?post=524661"}],"version-history":[{"count":1,"href":"https:\/\/diarioelpopular.com\/index.php\/wp-json\/wp\/v2\/posts\/524661\/revisions"}],"predecessor-version":[{"id":524663,"href":"https:\/\/diarioelpopular.com\/index.php\/wp-json\/wp\/v2\/posts\/524661\/revisions\/524663"}],"wp:featuredmedia":[{"embeddable":true,"href":"https:\/\/diarioelpopular.com\/index.php\/wp-json\/wp\/v2\/media\/524662"}],"wp:attachment":[{"href":"https:\/\/diarioelpopular.com\/index.php\/wp-json\/wp\/v2\/media?parent=524661"}],"wp:term":[{"taxonomy":"category","embeddable":true,"href":"https:\/\/diarioelpopular.com\/index.php\/wp-json\/wp\/v2\/categories?post=524661"},{"taxonomy":"post_tag","embeddable":true,"href":"https:\/\/diarioelpopular.com\/index.php\/wp-json\/wp\/v2\/tags?post=524661"}],"curies":[{"name":"wp","href":"https:\/\/api.w.org\/{rel}","templated":true}]}}