{"id":524680,"date":"2024-11-09T13:10:06","date_gmt":"2024-11-09T17:10:06","guid":{"rendered":"https:\/\/diarioelpopular.com\/?p=524680"},"modified":"2024-11-09T13:10:06","modified_gmt":"2024-11-09T17:10:06","slug":"quien-deberia-liderar-a-los-liberales","status":"publish","type":"post","link":"https:\/\/diarioelpopular.com\/index.php\/2024\/11\/09\/quien-deberia-liderar-a-los-liberales\/","title":{"rendered":"\u00bfQui\u00e9n deber\u00eda liderar a los liberales?"},"content":{"rendered":"<p><img loading=\"lazy\" decoding=\"async\" class=\"alignnone size-custom-full-size wp-image-524681\" src=\"https:\/\/diarioelpopular.com\/wp-content\/uploads\/2024\/11\/wp_featured_image-48-636x357.jpg\" alt=\"\" width=\"636\" height=\"357\" srcset=\"https:\/\/diarioelpopular.com\/wp-content\/uploads\/2024\/11\/wp_featured_image-48-636x357.jpg 636w, https:\/\/diarioelpopular.com\/wp-content\/uploads\/2024\/11\/wp_featured_image-48-300x169.jpg 300w, https:\/\/diarioelpopular.com\/wp-content\/uploads\/2024\/11\/wp_featured_image-48-768x431.jpg 768w, https:\/\/diarioelpopular.com\/wp-content\/uploads\/2024\/11\/wp_featured_image-48-130x73.jpg 130w, https:\/\/diarioelpopular.com\/wp-content\/uploads\/2024\/11\/wp_featured_image-48.jpg 1020w\" sizes=\"auto, (max-width: 636px) 100vw, 636px\" \/><\/p>\n<p>&nbsp;<\/p>\n<ul>\n<li><em><strong>Los cuestionamientos al liderazgo del primer ministro canadiense Justin Trudeau van en aumento entre sus propios camaradas liberales. La encuesta realizada por Nanos Research detalla que un cuarto de los canadienses no ven con buenos ojos a los posibles reemplazos al mando del Partido Liberal.<\/strong><\/em><\/li>\n<\/ul>\n<p>&nbsp;<\/p>\n<p>&nbsp;<\/p>\n<p>Los participantes de la encuesta tuvieron la oportunidad de elegir entre una serie de posibles l\u00edderes, entre ellos el mismo Justin Trudeau, incumbentes de su gobierno y otras celebridades p\u00fablicas. Sin embargo, la opci\u00f3n m\u00e1s elegida fue &#8220;ninguno de los anteriores&#8221;.<\/p>\n<p>&#8220;Estos datos provenientes de un cuarto de los encuestados sugieren que no existe un sucesor obvio para el Partido Liberal&#8221;, se\u00f1al\u00f3 Nik Nanos, fundador de Nanos Research en una entrevista con CTV News.<\/p>\n<p>La encuesta arroj\u00f3 que el ex gobernador del Banco de Canad\u00e1, Mark Carney, es la opci\u00f3n m\u00e1s popular para liderar el partido con un 18% de apoyo. Siguiendo a Carney se ubican Trudeau y la viceprimera ministra, Chrystia Freeland, con un 11% de apoyo cada uno.<\/p>\n<p>Carney se desempe\u00f1a actualmente como asesor econ\u00f3mico del Partido Liberal. A pesar de mostrarse interesado en entrar en la pol\u00edtica activa, no ha dejado claro cu\u00e1ndo o bajo qu\u00e9 rol lo har\u00e1.<\/p>\n<p>El primer ministro Trudeau ha soportado llamados a su renuncia por parte de unos 20 parlamentarios de su propio partido en el pasado mes, lo que ha desatado conversaciones sobre una posible votaci\u00f3n secreta para evaluar su liderazgo.<\/p>\n<p>En respuesta a los crecientes temores dentro del partido, los liberales han comenzado a lanzar nuevas campa\u00f1as publicitarias buscando marcar una diferencia con los conservadores, quienes encabezan las encuestas.<\/p>\n<p>La ex primera ministra de Columbia Brit\u00e1nica, Christy Clark, fue vista como la mejor opci\u00f3n de liderazgo por un 4% de los encuestados. Clark ha indicado que a pesar de tener inter\u00e9s en el futuro del partido y del pa\u00eds, un rol de liderazgo no est\u00e1 en sus planes a corto plazo.<\/p>\n<p>La encuesta tambi\u00e9n incluy\u00f3 a ministros como M\u00e9lanie Joly, Fran\u00e7ois-Philippe Champagne, Anita Anand, Dominic Leblanc y Sean Fraser, cuyo apoyo no super\u00f3 el 5%.<\/p>\n<p>&#8220;Es evidente que hay distintos grados de apoyo para diferentes l\u00edderes dentro del Partido Liberal&#8221;, a\u00f1adi\u00f3 Nanos. &#8220;Pero es desalentador para los seguidores del partido ver que ninguna de las opciones actuales tiene un apoyo significativo&#8221;.<\/p>\n<p>Metodolog\u00eda<\/p>\n<p>Se llevaron a cabo 1.010 entrevistas aleatorias a una muestra representativa de canadienses mayores de 18 a\u00f1os, entre el 4 y el 6 de noviembre de 2024. Este estudio tiene un margen de error del 3%.<\/p>\n<p>Fuentes: CTV News<\/p>\n","protected":false},"excerpt":{"rendered":"<p>&nbsp; Los cuestionamientos al liderazgo del primer ministro canadiense Justin Trudeau van en aumento entre sus propios camaradas liberales. La encuesta realizada por Nanos Research&hellip;<\/p>\n","protected":false},"author":101,"featured_media":524681,"comment_status":"open","ping_status":"open","sticky":false,"template":"","format":"standard","meta":{"footnotes":""},"categories":[21],"tags":[],"class_list":["post-524680","post","type-post","status-publish","format-standard","has-post-thumbnail","hentry","category-canada"],"_links":{"self":[{"href":"https:\/\/diarioelpopular.com\/index.php\/wp-json\/wp\/v2\/posts\/524680","targetHints":{"allow":["GET"]}}],"collection":[{"href":"https:\/\/diarioelpopular.com\/index.php\/wp-json\/wp\/v2\/posts"}],"about":[{"href":"https:\/\/diarioelpopular.com\/index.php\/wp-json\/wp\/v2\/types\/post"}],"author":[{"embeddable":true,"href":"https:\/\/diarioelpopular.com\/index.php\/wp-json\/wp\/v2\/users\/101"}],"replies":[{"embeddable":true,"href":"https:\/\/diarioelpopular.com\/index.php\/wp-json\/wp\/v2\/comments?post=524680"}],"version-history":[{"count":1,"href":"https:\/\/diarioelpopular.com\/index.php\/wp-json\/wp\/v2\/posts\/524680\/revisions"}],"predecessor-version":[{"id":524689,"href":"https:\/\/diarioelpopular.com\/index.php\/wp-json\/wp\/v2\/posts\/524680\/revisions\/524689"}],"wp:featuredmedia":[{"embeddable":true,"href":"https:\/\/diarioelpopular.com\/index.php\/wp-json\/wp\/v2\/media\/524681"}],"wp:attachment":[{"href":"https:\/\/diarioelpopular.com\/index.php\/wp-json\/wp\/v2\/media?parent=524680"}],"wp:term":[{"taxonomy":"category","embeddable":true,"href":"https:\/\/diarioelpopular.com\/index.php\/wp-json\/wp\/v2\/categories?post=524680"},{"taxonomy":"post_tag","embeddable":true,"href":"https:\/\/diarioelpopular.com\/index.php\/wp-json\/wp\/v2\/tags?post=524680"}],"curies":[{"name":"wp","href":"https:\/\/api.w.org\/{rel}","templated":true}]}}