{"id":524699,"date":"2024-11-10T12:57:24","date_gmt":"2024-11-10T16:57:24","guid":{"rendered":"https:\/\/diarioelpopular.com\/?p=524699"},"modified":"2024-11-10T12:57:24","modified_gmt":"2024-11-10T16:57:24","slug":"ceremonias-del-dia-del-recuerdo-y-que-esta-abierto-y-cerrado-este-lunes","status":"publish","type":"post","link":"https:\/\/diarioelpopular.com\/index.php\/2024\/11\/10\/ceremonias-del-dia-del-recuerdo-y-que-esta-abierto-y-cerrado-este-lunes\/","title":{"rendered":"Ceremonias del D\u00eda del Recuerdo y qu\u00e9 est\u00e1 abierto y cerrado este lunes"},"content":{"rendered":"<div id=\"attachment_524701\" style=\"width: 646px\" class=\"wp-caption alignnone\"><img loading=\"lazy\" decoding=\"async\" aria-describedby=\"caption-attachment-524701\" class=\"wp-image-524701 size-custom-full-size\" src=\"https:\/\/diarioelpopular.com\/wp-content\/uploads\/2024\/11\/Screen-Shot-2024-11-10-at-11.56.48-AM-636x365.png\" alt=\"\" width=\"636\" height=\"365\" srcset=\"https:\/\/diarioelpopular.com\/wp-content\/uploads\/2024\/11\/Screen-Shot-2024-11-10-at-11.56.48-AM-636x365.png 636w, https:\/\/diarioelpopular.com\/wp-content\/uploads\/2024\/11\/Screen-Shot-2024-11-10-at-11.56.48-AM-300x172.png 300w, https:\/\/diarioelpopular.com\/wp-content\/uploads\/2024\/11\/Screen-Shot-2024-11-10-at-11.56.48-AM-768x440.png 768w, https:\/\/diarioelpopular.com\/wp-content\/uploads\/2024\/11\/Screen-Shot-2024-11-10-at-11.56.48-AM-127x73.png 127w, https:\/\/diarioelpopular.com\/wp-content\/uploads\/2024\/11\/Screen-Shot-2024-11-10-at-11.56.48-AM.png 858w\" sizes=\"auto, (max-width: 636px) 100vw, 636px\" \/><p id=\"caption-attachment-524701\" class=\"wp-caption-text\">THE CANADIAN PRESS\/Jeff McIntosh<\/p><\/div>\n<p>&nbsp;<\/p>\n<ul>\n<li><em><strong>El D\u00eda del Recuerdo es este lunes y se est\u00e1n llevando a cabo eventos en Toronto y el \u00c1rea Metropolitana para honrar a quienes sirvieron a Canad\u00e1 en tiempos de guerra.<\/strong><\/em><\/li>\n<\/ul>\n<p>&nbsp;<\/p>\n<p>&nbsp;<\/p>\n<p>El acuerdo de armisticio se firm\u00f3 el lunes 11 de noviembre de 1918 entre Alemania y las Fuerzas Aliadas en Par\u00eds y el alto el fuego entr\u00f3 en vigor a las 11 a. m. Canad\u00e1 celebr\u00f3 su primer D\u00eda del Armisticio, o D\u00eda del Recuerdo como se lo conoce, en 1919.<\/p>\n<p>En la hora 11 del d\u00eda 11 del mes 11, se le pide que haga una pausa de dos minutos de silencio.<\/p>\n<p>Se est\u00e1n llevando a cabo varios eventos oficiales en Toronto para conmemorar el D\u00eda del Recuerdo:<\/p>\n<p>El 96.\u00b0 servicio anual del amanecer se llevar\u00e1 a cabo a las 8 a. m. en el cementerio Prospect en St. Clair Avenue West.<\/p>\n<p>El Sitio Hist\u00f3rico Nacional de Fort York celebrar\u00e1 ceremonias a partir de las 10:40 a. m.<br \/>\nLas ceremonias en los Jardines Memorial en el Centro C\u00edvico de East York, el Cenotafio en el Centro C\u00edvico de Etobicoke, el Cenotafio del Cementerio de York en North York, el Memorial de Guerra de Scarborough, el Cenotafio del Centro C\u00edvico de York y el Cenotafio en el Antiguo Ayuntamiento est\u00e1n programadas para las 10:45 a. m.<\/p>\n<p>Puede ver la transmisi\u00f3n en vivo de la Ceremonia del D\u00eda del Recuerdo de la Ciudad de Toronto en el Antiguo Ayuntamiento en varios canales de televisi\u00f3n.\u00ed<\/p>\n<p>Tambi\u00e9n se realizar\u00e1n ceremonias en el Monumento a los Veteranos de Ontario en el c\u00e9sped delantero de Queen&#8217;s Park a partir de las 10:45 a. m.<\/p>\n<p>El Zool\u00f3gico de Toronto celebrar\u00e1 su 39.\u00b0 aniversario en el Waterside Theatre a partir de las 10:55 a. m. Los veteranos uniformados (o con medallas, crestas u otras insignias de afiliaci\u00f3n militar) y los miembros en servicio uniformados de las Fuerzas Armadas, la Polic\u00eda, los Bomberos y los Servicios Param\u00e9dicos recibir\u00e1n entrada gratuita al Zool\u00f3gico, mientras que los miembros del p\u00fablico que asistan podr\u00e1n obtener un descuento del 50 por ciento en el precio de la entrada.<\/p>\n<p>En Mississauga, se celebrar\u00e1 una ceremonia en el Mississauga Civic Centre Community Memorial a las 10:30 a. m.<\/p>\n<p>Brampton tendr\u00e1 un desfile y una ceremonia en el Cenotafio de Ken Whillans Square a partir de las 10:30 a. m.<\/p>\n<p>Si bien el D\u00eda del Recuerdo se celebra como feriado en la mayor\u00eda de las provincias y territorios, no se reconoce como feriado legal en Ontario, lo que significa que algunos servicios regulares no estar\u00e1n disponibles. A continuaci\u00f3n, se incluye una lista de los medios de transporte que est\u00e1n abiertos y cerrados en Toronto:<\/p>\n<p><em><strong>TRANSPORTE<\/strong><\/em><\/p>\n<p>El TTC funcionar\u00e1 con un horario regular el lunes. Los autobuses, tranv\u00edas y subterr\u00e1neos se detendr\u00e1n durante dos minutos a las 11 a. m. como homenaje.<\/p>\n<p>GO Transit funcionar\u00e1 en horario habitual el lunes.<\/p>\n<p><em><strong>CERVEZA\/LCBO<\/strong><\/em><\/p>\n<p>Las tiendas de cerveza y las sucursales de LCBO estar\u00e1n cerradas el lunes por la ma\u00f1ana y abrir\u00e1n al mediod\u00eda.<\/p>\n<p><em><strong>BANCOS \/ SERVICIOS GUBERNAMENTALES \/ CORREO<\/strong><\/em><\/p>\n<p>Canada Post estar\u00e1 cerrado el lunes, por lo que no habr\u00e1 recolecci\u00f3n ni entrega de correo. Las entregas del sector privado (Purolator, UPS, DHL, etc.) funcionar\u00e1n con normalidad.<\/p>\n<p>Todos los bancos principales estar\u00e1n cerrados, pero los cajeros autom\u00e1ticos y los servicios bancarios en l\u00ednea estar\u00e1n disponibles.<\/p>\n<p>Los servicios y oficinas del gobierno federal estar\u00e1n cerrados el lunes.<\/p>\n<p><em><strong>COMESTIBLES \/ FARMACIAS<\/strong><\/em><\/p>\n<p>Las tiendas de comestibles y las farmacias funcionar\u00e1n en horario habitual.<\/p>\n<p><strong><em>CENTROS COMERCIALES<\/em><\/strong><\/p>\n<p>Centros comerciales como Eaton Centre, Yorkdale Mall, Dufferin Mall, Pacific Mall, Square One, Scarborough Town Centre, Fairview Mall, Vaughan Mills, Upper Canada Mall y Sherway Gardens estar\u00e1n abiertos en horario habitual.<\/p>\n","protected":false},"excerpt":{"rendered":"<p>&nbsp; El D\u00eda del Recuerdo es este lunes y se est\u00e1n llevando a cabo eventos en Toronto y el \u00c1rea Metropolitana para honrar a quienes&hellip;<\/p>\n","protected":false},"author":99,"featured_media":524701,"comment_status":"open","ping_status":"open","sticky":false,"template":"","format":"standard","meta":{"footnotes":""},"categories":[11364],"tags":[],"class_list":["post-524699","post","type-post","status-publish","format-standard","has-post-thumbnail","hentry","category-toronto-gta"],"_links":{"self":[{"href":"https:\/\/diarioelpopular.com\/index.php\/wp-json\/wp\/v2\/posts\/524699","targetHints":{"allow":["GET"]}}],"collection":[{"href":"https:\/\/diarioelpopular.com\/index.php\/wp-json\/wp\/v2\/posts"}],"about":[{"href":"https:\/\/diarioelpopular.com\/index.php\/wp-json\/wp\/v2\/types\/post"}],"author":[{"embeddable":true,"href":"https:\/\/diarioelpopular.com\/index.php\/wp-json\/wp\/v2\/users\/99"}],"replies":[{"embeddable":true,"href":"https:\/\/diarioelpopular.com\/index.php\/wp-json\/wp\/v2\/comments?post=524699"}],"version-history":[{"count":1,"href":"https:\/\/diarioelpopular.com\/index.php\/wp-json\/wp\/v2\/posts\/524699\/revisions"}],"predecessor-version":[{"id":524702,"href":"https:\/\/diarioelpopular.com\/index.php\/wp-json\/wp\/v2\/posts\/524699\/revisions\/524702"}],"wp:featuredmedia":[{"embeddable":true,"href":"https:\/\/diarioelpopular.com\/index.php\/wp-json\/wp\/v2\/media\/524701"}],"wp:attachment":[{"href":"https:\/\/diarioelpopular.com\/index.php\/wp-json\/wp\/v2\/media?parent=524699"}],"wp:term":[{"taxonomy":"category","embeddable":true,"href":"https:\/\/diarioelpopular.com\/index.php\/wp-json\/wp\/v2\/categories?post=524699"},{"taxonomy":"post_tag","embeddable":true,"href":"https:\/\/diarioelpopular.com\/index.php\/wp-json\/wp\/v2\/tags?post=524699"}],"curies":[{"name":"wp","href":"https:\/\/api.w.org\/{rel}","templated":true}]}}