{"id":524741,"date":"2024-11-10T23:12:36","date_gmt":"2024-11-11T03:12:36","guid":{"rendered":"https:\/\/diarioelpopular.com\/?p=524741"},"modified":"2024-11-10T23:12:36","modified_gmt":"2024-11-11T03:12:36","slug":"gobierno-de-ecuador-suspende-por-cinco-meses-a-la-actual-vicepresidente-veronica-abad-cual-es-la-razon","status":"publish","type":"post","link":"https:\/\/diarioelpopular.com\/index.php\/2024\/11\/10\/gobierno-de-ecuador-suspende-por-cinco-meses-a-la-actual-vicepresidente-veronica-abad-cual-es-la-razon\/","title":{"rendered":"Gobierno de Ecuador suspende por cinco meses a la actual vicepresidente Ver\u00f3nica Abad, \u00bfcu\u00e1l es la raz\u00f3n?"},"content":{"rendered":"<p><img loading=\"lazy\" decoding=\"async\" class=\"alignnone size-custom-big-size wp-image-524742\" src=\"https:\/\/diarioelpopular.com\/wp-content\/uploads\/2024\/11\/Screen-Shot-2024-11-10-at-5.32.14-PM-1200x647.png\" alt=\"\" width=\"1200\" height=\"647\" srcset=\"https:\/\/diarioelpopular.com\/wp-content\/uploads\/2024\/11\/Screen-Shot-2024-11-10-at-5.32.14-PM-1200x647.png 1200w, https:\/\/diarioelpopular.com\/wp-content\/uploads\/2024\/11\/Screen-Shot-2024-11-10-at-5.32.14-PM-300x162.png 300w, https:\/\/diarioelpopular.com\/wp-content\/uploads\/2024\/11\/Screen-Shot-2024-11-10-at-5.32.14-PM-768x414.png 768w, https:\/\/diarioelpopular.com\/wp-content\/uploads\/2024\/11\/Screen-Shot-2024-11-10-at-5.32.14-PM-636x343.png 636w, https:\/\/diarioelpopular.com\/wp-content\/uploads\/2024\/11\/Screen-Shot-2024-11-10-at-5.32.14-PM-135x73.png 135w, https:\/\/diarioelpopular.com\/wp-content\/uploads\/2024\/11\/Screen-Shot-2024-11-10-at-5.32.14-PM.png 1024w\" sizes=\"auto, (max-width: 1200px) 100vw, 1200px\" \/><\/p>\n<p>&nbsp;<\/p>\n<h4><em>&#8211; El presidente Daniel Noboa mantiene una tensa relaci\u00f3n con su vicepresidente, a quien design\u00f3 como embajadora en Israel.<\/em><\/h4>\n<p>&nbsp;<\/p>\n<div class=\"paragraph\">El gobierno de Ecuador\u00a0suspendi\u00f3 por cinco meses a la vicepresidente Ver\u00f3nica Abad ante un supuesto &#8220;abandono injustificado&#8221; de sus funciones,\u00a0seg\u00fan un sumario administrativo emitido el s\u00e1bado por el Ministerio de Trabajo.<\/div>\n<div id=\"contenido-cerrado-piano\" class=\"contenido-cerrado-piano\"><\/div>\n<div class=\"the-trust-project\">\n<div class=\"c-title c-title--section-grey \">\n<div class=\"c-title__name\">\n<div class=\"paragraph\">El documento, firmado por una funcionaria de recursos humanos,\u00a0dispone &#8220;la sanci\u00f3n con suspensi\u00f3n temporal sin goce de remuneraci\u00f3n por 150 d\u00edas&#8221; contra Abad,\u00a0por una supuesta &#8220;falta grave&#8221; a la ley de servicio p\u00fablico, que establece sanciones por el &#8220;abandono injustificado&#8221; del cargo por tres d\u00edas o m\u00e1s d\u00edas consecutivos.<\/div>\n<div>\n<div><\/div>\n<div class=\"paragraph\">El presidente Daniel Noboa mantiene una tensa relaci\u00f3n con su vicepresidente,\u00a0a quien design\u00f3 como embajadora en Israel al inicio de su gobierno. En septiembre, en medio de la escalada del conflicto en Israel, Abad fue trasladada a Turqu\u00eda &#8220;por seguridad&#8221;.<\/div>\n<div><\/div>\n<div class=\"paragraph\">El argumento para la suspensi\u00f3n es que\u00a0Abad deb\u00eda instalarse en Ankara, la capital turca,\u00a0pero que\u00a0no lleg\u00f3 a esa ciudad en la fecha establecida por el Ejecutivo, en momentos en que se produc\u00eda una escalada b\u00e9lica en Oriente Medio.<\/div>\n<div>\n<div><\/div>\n<div class=\"paragraph\">En septiembre pasado, Abad aseveraba que el sumario administrativo iniciado en su contra era &#8220;otro acto de persecuci\u00f3n pol\u00edtica y hostigamiento&#8221;.<\/div>\n<div class=\"paragraph\"><\/div>\n<div class=\"paragraph\">&#8220;(Noboa) ha instaurado varios mecanismos para impedirme reemplazarlo en el cargo cuando se vea obligado a separarse de \u00e9ste ante su inminente candidatura&#8221;, opinaba entonces Abad.<\/div>\n<div>\n<div><\/div>\n<div class=\"paragraph\">Abad sosten\u00eda que el Ministerio de Trabajo no ten\u00eda facultades para abrirle un expediente administrativo, con el que ella presum\u00eda era una intenci\u00f3n de destituirla por abandono del cargo, y argumentaba que \u00fanicamente puede ser destituida del cargo de vicepresidenta por la Asamblea Nacional (Parlamento).<\/div>\n<div>\n<div><\/div>\n<div class=\"paragraph\">El abogado Eduardo Franco Loor se\u00f1al\u00f3 en X que &#8220;la resoluci\u00f3n administrativa (no judicial), carece de eficacia jur\u00eddica por disposici\u00f3n del art. 424 de la Constituci\u00f3n de la Rep\u00fablica.<\/div>\n<div><\/div>\n<div class=\"paragraph\">Una funcionaria del Ministerio de Trabajo no puede sancionar a la vicepresidente de la Rep\u00fablica, cuyas atribuciones y competencias son constitucionales&#8221;.<\/div>\n<div><\/div>\n<div class=\"paragraph\">En agosto,\u00a0Abad tambi\u00e9n denunci\u00f3 al presidente Noboa por violencia de g\u00e9nero ante el m\u00e1ximo tribunal electoral\u00a0con miras a inhabilitarlo para el cargo, una acci\u00f3n que el mandatario tild\u00f3 de &#8220;traici\u00f3n&#8221;.<\/div>\n<div class=\"paragraph\"><\/div>\n<div class=\"paragraph\">Noboa buscar\u00e1 la reelecci\u00f3n en los comicios generales de febrero pr\u00f3ximo con su partido ADN.\u00a0La campa\u00f1a comenzar\u00e1 en enero y en esta ocasi\u00f3n, su compa\u00f1era de f\u00f3rmula ser\u00e1 Mar\u00eda Jos\u00e9 Pinto, actual secretaria del programa Crece Sin Desnutrici\u00f3n Infantil.<\/div>\n<div><\/div>\n<div class=\"paragraph\">Seg\u00fan la ley, para hacer campa\u00f1a electoral,\u00a0Noboa -que asumi\u00f3 el poder en noviembre pasado- debe delegar temporalmente el cargo a su vicepresidente, pero el presidente\u00a0mantiene un pulso pol\u00edtico fuerte con Abad.<\/div>\n<div>\n<div><\/div>\n<div class=\"paragraph\">El abogado de Abad, Dami\u00e1n Armijos, asegur\u00f3 el viernes a medios que Noboa &#8220;ha buscado a toda costa impedir el ejercicio de la funci\u00f3n p\u00fablica de la se\u00f1ora vicepresidente, pero tambi\u00e9n ha buscado amedrentarla, intimidarla, hostigarla con la finalidad de provocar su renuncia y evitar as\u00ed la sucesi\u00f3n presidencial&#8221;.<\/div>\n<div class=\"paragraph\"><\/div>\n<div class=\"paragraph\">El traslado de Abad a Israel tens\u00f3 aun m\u00e1s la mala relaci\u00f3n que manten\u00eda con el mandatario desde la \u00e9poca de la campa\u00f1a.\u00a0A partir de entonces, la vicepresidente ha sido cr\u00edtica del gobierno y ha protestado por lo que considera una &#8220;persecuci\u00f3n&#8221; en su contra tras la detenci\u00f3n de un hijo por presunto tr\u00e1fico de influencias.<\/div>\n<div><\/div>\n<div class=\"paragraph\">La Fiscal\u00eda tambi\u00e9n incluy\u00f3 a Abad en esa indagaci\u00f3n, pero el Legislativo no autoriz\u00f3 un juicio penal en su contra.<\/div>\n<\/div>\n<\/div>\n<figure class=\"c-detail__media\"><\/figure>\n<\/div>\n<\/div>\n<\/div>\n<figure class=\"c-detail__media\"><\/figure>\n<\/div>\n<\/div>\n<\/div>\n","protected":false},"excerpt":{"rendered":"<p>&nbsp; &#8211; El presidente Daniel Noboa mantiene una tensa relaci\u00f3n con su vicepresidente, a quien design\u00f3 como embajadora en Israel. &nbsp; El gobierno de Ecuador\u00a0suspendi\u00f3&hellip;<\/p>\n","protected":false},"author":99,"featured_media":524742,"comment_status":"open","ping_status":"open","sticky":false,"template":"","format":"standard","meta":{"footnotes":""},"categories":[23],"tags":[],"class_list":["post-524741","post","type-post","status-publish","format-standard","has-post-thumbnail","hentry","category-latinoamerica"],"_links":{"self":[{"href":"https:\/\/diarioelpopular.com\/index.php\/wp-json\/wp\/v2\/posts\/524741","targetHints":{"allow":["GET"]}}],"collection":[{"href":"https:\/\/diarioelpopular.com\/index.php\/wp-json\/wp\/v2\/posts"}],"about":[{"href":"https:\/\/diarioelpopular.com\/index.php\/wp-json\/wp\/v2\/types\/post"}],"author":[{"embeddable":true,"href":"https:\/\/diarioelpopular.com\/index.php\/wp-json\/wp\/v2\/users\/99"}],"replies":[{"embeddable":true,"href":"https:\/\/diarioelpopular.com\/index.php\/wp-json\/wp\/v2\/comments?post=524741"}],"version-history":[{"count":1,"href":"https:\/\/diarioelpopular.com\/index.php\/wp-json\/wp\/v2\/posts\/524741\/revisions"}],"predecessor-version":[{"id":524743,"href":"https:\/\/diarioelpopular.com\/index.php\/wp-json\/wp\/v2\/posts\/524741\/revisions\/524743"}],"wp:featuredmedia":[{"embeddable":true,"href":"https:\/\/diarioelpopular.com\/index.php\/wp-json\/wp\/v2\/media\/524742"}],"wp:attachment":[{"href":"https:\/\/diarioelpopular.com\/index.php\/wp-json\/wp\/v2\/media?parent=524741"}],"wp:term":[{"taxonomy":"category","embeddable":true,"href":"https:\/\/diarioelpopular.com\/index.php\/wp-json\/wp\/v2\/categories?post=524741"},{"taxonomy":"post_tag","embeddable":true,"href":"https:\/\/diarioelpopular.com\/index.php\/wp-json\/wp\/v2\/tags?post=524741"}],"curies":[{"name":"wp","href":"https:\/\/api.w.org\/{rel}","templated":true}]}}