{"id":524751,"date":"2024-11-11T09:24:57","date_gmt":"2024-11-11T13:24:57","guid":{"rendered":"https:\/\/diarioelpopular.com\/?p=524751"},"modified":"2024-11-11T09:24:57","modified_gmt":"2024-11-11T13:24:57","slug":"la-gripe-aviar-ha-llegado-a-canada","status":"publish","type":"post","link":"https:\/\/diarioelpopular.com\/index.php\/2024\/11\/11\/la-gripe-aviar-ha-llegado-a-canada\/","title":{"rendered":"La gripe aviar ha llegado a Canad\u00e1"},"content":{"rendered":"<p><img loading=\"lazy\" decoding=\"async\" class=\"alignnone size-custom-full-size wp-image-524752\" src=\"https:\/\/diarioelpopular.com\/wp-content\/uploads\/2024\/11\/Screen-Shot-2024-11-11-at-8.24.25-AM-636x487.png\" alt=\"\" width=\"636\" height=\"487\" srcset=\"https:\/\/diarioelpopular.com\/wp-content\/uploads\/2024\/11\/Screen-Shot-2024-11-11-at-8.24.25-AM-636x487.png 636w, https:\/\/diarioelpopular.com\/wp-content\/uploads\/2024\/11\/Screen-Shot-2024-11-11-at-8.24.25-AM-300x230.png 300w, https:\/\/diarioelpopular.com\/wp-content\/uploads\/2024\/11\/Screen-Shot-2024-11-11-at-8.24.25-AM-768x588.png 768w, https:\/\/diarioelpopular.com\/wp-content\/uploads\/2024\/11\/Screen-Shot-2024-11-11-at-8.24.25-AM-95x73.png 95w, https:\/\/diarioelpopular.com\/wp-content\/uploads\/2024\/11\/Screen-Shot-2024-11-11-at-8.24.25-AM.png 830w\" sizes=\"auto, (max-width: 636px) 100vw, 636px\" \/><\/p>\n<p>&nbsp;<\/p>\n<ul>\n<li><em><strong>El Ministerio de Salud de British Columbia ha informado que se ha detectado en esta provincia el primer caso humano sospechoso de gripe aviar contra\u00edda en Canad\u00e1<\/strong><\/em><\/li>\n<\/ul>\n<p>&nbsp;<\/p>\n<p>&nbsp;<\/p>\n<p>Un comunicado de la oficina del funcionario provincial de salud dice que un adolescente de la regi\u00f3n cubierta por Fraser Health dio positivo en la prueba de gripe aviar y que actualmente est\u00e1 recibiendo tratamiento en el Hospital Infantil deBritish Columbia.<\/p>\n<p>El comunicado dice que el Centro para el Control de Enfermedades deBritish Columbia realiz\u00f3 la prueba positiva y que las muestras est\u00e1n en camino al laboratorio nacional de microbiolog\u00eda de Winnipeg para realizar pruebas de confirmaci\u00f3n.<\/p>\n<p>Dice que los funcionarios de salud p\u00fablica tambi\u00e9n est\u00e1n investigando el caso para encontrar la fuente de exposici\u00f3n e identificar cualquier contacto.<\/p>\n<p>La funcionaria provincial de salud, la Dra. Bonnie Henry, dice que es &#8220;un evento raro&#8221; y que solo se han detectado unos pocos casos de gripe aviar, causada por la cepa H5N1 del virus de la gripe aviar, en humanos en los EE. UU. y en el extranjero.<\/p>\n<p>El comunicado dice que es muy probable que la fuente de exposici\u00f3n del adolescente al virus sea un animal o un p\u00e1jaro, mientras los funcionarios de salud p\u00fablica y el veterinario jefe de la provincia investigan.<\/p>\n","protected":false},"excerpt":{"rendered":"<p>&nbsp; El Ministerio de Salud de British Columbia ha informado que se ha detectado en esta provincia el primer caso humano sospechoso de gripe aviar&hellip;<\/p>\n","protected":false},"author":99,"featured_media":524752,"comment_status":"open","ping_status":"open","sticky":false,"template":"","format":"standard","meta":{"footnotes":""},"categories":[21,11191],"tags":[],"class_list":["post-524751","post","type-post","status-publish","format-standard","has-post-thumbnail","hentry","category-canada","category-top-news"],"_links":{"self":[{"href":"https:\/\/diarioelpopular.com\/index.php\/wp-json\/wp\/v2\/posts\/524751","targetHints":{"allow":["GET"]}}],"collection":[{"href":"https:\/\/diarioelpopular.com\/index.php\/wp-json\/wp\/v2\/posts"}],"about":[{"href":"https:\/\/diarioelpopular.com\/index.php\/wp-json\/wp\/v2\/types\/post"}],"author":[{"embeddable":true,"href":"https:\/\/diarioelpopular.com\/index.php\/wp-json\/wp\/v2\/users\/99"}],"replies":[{"embeddable":true,"href":"https:\/\/diarioelpopular.com\/index.php\/wp-json\/wp\/v2\/comments?post=524751"}],"version-history":[{"count":1,"href":"https:\/\/diarioelpopular.com\/index.php\/wp-json\/wp\/v2\/posts\/524751\/revisions"}],"predecessor-version":[{"id":524754,"href":"https:\/\/diarioelpopular.com\/index.php\/wp-json\/wp\/v2\/posts\/524751\/revisions\/524754"}],"wp:featuredmedia":[{"embeddable":true,"href":"https:\/\/diarioelpopular.com\/index.php\/wp-json\/wp\/v2\/media\/524752"}],"wp:attachment":[{"href":"https:\/\/diarioelpopular.com\/index.php\/wp-json\/wp\/v2\/media?parent=524751"}],"wp:term":[{"taxonomy":"category","embeddable":true,"href":"https:\/\/diarioelpopular.com\/index.php\/wp-json\/wp\/v2\/categories?post=524751"},{"taxonomy":"post_tag","embeddable":true,"href":"https:\/\/diarioelpopular.com\/index.php\/wp-json\/wp\/v2\/tags?post=524751"}],"curies":[{"name":"wp","href":"https:\/\/api.w.org\/{rel}","templated":true}]}}