{"id":524789,"date":"2024-11-11T17:32:13","date_gmt":"2024-11-11T21:32:13","guid":{"rendered":"https:\/\/diarioelpopular.com\/?p=524789"},"modified":"2024-11-11T17:32:13","modified_gmt":"2024-11-11T21:32:13","slug":"la-denigracion-sin-fin-de-los-nativos-de-tierra-del-fuego-expuestos-en-zoologicos-y-museos-de-europa","status":"publish","type":"post","link":"https:\/\/diarioelpopular.com\/index.php\/2024\/11\/11\/la-denigracion-sin-fin-de-los-nativos-de-tierra-del-fuego-expuestos-en-zoologicos-y-museos-de-europa\/","title":{"rendered":"La denigraci\u00f3n sin fin de los nativos de Tierra del Fuego: expuestos en zool\u00f3gicos y museos de Europa"},"content":{"rendered":"<div id=\"attachment_524790\" style=\"width: 1210px\" class=\"wp-caption alignnone\"><img loading=\"lazy\" decoding=\"async\" aria-describedby=\"caption-attachment-524790\" class=\"wp-image-524790 size-custom-big-size\" src=\"https:\/\/diarioelpopular.com\/wp-content\/uploads\/2024\/11\/Screen-Shot-2024-11-11-at-10.02.19-AM-1200x860.png\" alt=\"\" width=\"1200\" height=\"860\" srcset=\"https:\/\/diarioelpopular.com\/wp-content\/uploads\/2024\/11\/Screen-Shot-2024-11-11-at-10.02.19-AM-1200x860.png 1200w, https:\/\/diarioelpopular.com\/wp-content\/uploads\/2024\/11\/Screen-Shot-2024-11-11-at-10.02.19-AM-300x215.png 300w, https:\/\/diarioelpopular.com\/wp-content\/uploads\/2024\/11\/Screen-Shot-2024-11-11-at-10.02.19-AM-768x550.png 768w, https:\/\/diarioelpopular.com\/wp-content\/uploads\/2024\/11\/Screen-Shot-2024-11-11-at-10.02.19-AM-636x456.png 636w, https:\/\/diarioelpopular.com\/wp-content\/uploads\/2024\/11\/Screen-Shot-2024-11-11-at-10.02.19-AM-102x73.png 102w, https:\/\/diarioelpopular.com\/wp-content\/uploads\/2024\/11\/Screen-Shot-2024-11-11-at-10.02.19-AM.png 1024w\" sizes=\"auto, (max-width: 1200px) 100vw, 1200px\" \/><p id=\"caption-attachment-524790\" class=\"wp-caption-text\">El empresario suizo Maurice Maitre junto a un grupo de selk&#8217;nam, en el contexto de la Exposici\u00f3n Universal de Par\u00eds.\u00a0 \u00a0 \u00a0 \u00a0 \u00a0 Foto Penguin Random House<\/p><\/div>\n<p>&nbsp;<\/p>\n<h4 class=\"a_st\"><em>&#8211; En \u2018Huesos sin descanso\u2019, el investigador chileno Crist\u00f3bal Mar\u00edn recoge la explotaci\u00f3n y colonizaci\u00f3n que sufrieron dentro y fuera de su territorio las etnias fueguinas<\/em><\/h4>\n<p>&nbsp;<\/p>\n<p class=\"\">Tierra del Fuego tiene bien ganado su apodo de fin del mundo. El archipi\u00e9lago, ubicado en el extremo sur de Am\u00e9rica, es temido por los navegantes por los vientos de 100 kil\u00f3metros por hora que endurecen los picos escarpados de nieve.<\/p>\n<p class=\"\">En este \u00faltimo punto continental antes de la\u00a0<a href=\"https:\/\/elpais.com\/clima-y-medio-ambiente\/2024-10-04\/las-zonas-verdes-se-expanden-de-forma-acelerada-en-la-antartida.html\" data-link-track-dtm=\"\" data-mrf-link=\"https:\/\/elpais.com\/clima-y-medio-ambiente\/2024-10-04\/las-zonas-verdes-se-expanden-de-forma-acelerada-en-la-antartida.html\">Ant\u00e1rtida,<\/a>\u00a0habitan desde hace 10.000 a\u00f1os las etnias\u00a0<i>selk\u2019nam, yag\u00e1n, kaw\u00e9sqar y haush<\/i>. Son pueblos n\u00f3madas cuya historia se ha visto maldecida por colonizadores; primero por los espa\u00f1oles, pero principalmente por naturalistas franceses e ingleses, que llevaron contra su voluntad a muchos aut\u00f3ctonos para ser exhibidos como salvajes en el viejo continente del siglo XIX.<\/p>\n<p class=\"\">Gran parte de su perverso destino, en parte impune hasta hoy, es recogido en el ensayo\u00a0<i>Huesos sin descanso,<\/i>\u00a0publicado en octubre en Espa\u00f1a por\u00a0<i>Debate<\/i>.<\/p>\n<p class=\"\">\u201c<a href=\"https:\/\/elpais.com\/elviajero\/2022-08-22\/a-todo-vapor-por-argentina-rumbo-a-ushuaia.html\" data-link-track-dtm=\"\" data-mrf-link=\"https:\/\/elpais.com\/elviajero\/2022-08-22\/a-todo-vapor-por-argentina-rumbo-a-ushuaia.html\">Parece otro planeta<\/a>. Es un lugar muy extremo y pr\u00edstino en cuanto a geograf\u00eda.\u201d, dice el autor del libro, el investigador chileno\u00a0<a href=\"https:\/\/elpais.com\/chile\/2024-06-08\/cristobal-marin-las-guerras-culturales-tienen-hoy-en-peligro-a-las-universidades-cuya-labor-es-mantener-a-raya-el-eslogan.html\" data-link-track-dtm=\"\" data-mrf-link=\"https:\/\/elpais.com\/chile\/2024-06-08\/cristobal-marin-las-guerras-culturales-tienen-hoy-en-peligro-a-las-universidades-cuya-labor-es-mantener-a-raya-el-eslogan.html\">Crist\u00f3bal Mar\u00edn<\/a>, al explicar c\u00f3mo Tierra del Fuego conect\u00f3 hist\u00f3ricamente, a trav\u00e9s de su gente, a Am\u00e9rica y Occidente. El tambi\u00e9n prorrector de la Universidad Diego Portales (UDP) ha estado varias veces en ese territorio que vio a naufragar a barcos provenientes de varias latitudes. Sin embargo, conoci\u00f3 el relato de sus habitantes en Londres, cuando realizaba su doctorado en Estudios Culturales, y descubri\u00f3 la traducci\u00f3n que realiz\u00f3 Andr\u00e9s Bello de las cr\u00f3nicas de viaje de\u00a0<a href=\"https:\/\/elpais.com\/diario\/2007\/08\/25\/babelia\/1187998757_850215.html\" data-link-track-dtm=\"\" data-mrf-link=\"https:\/\/elpais.com\/diario\/2007\/08\/25\/babelia\/1187998757_850215.html\">Robert FitzRoy<\/a>, oficial de la marina brit\u00e1nica. En ella, se relata c\u00f3mo el comandante ingl\u00e9s se llev\u00f3 en 1830 a cuatro nativos de la regi\u00f3n austral (una ni\u00f1a de nueve a\u00f1os y tres hombres de 14, 20 y 26) a Europa y el cad\u00e1ver de un quinto conservado en vinagre.<\/p>\n<p class=\"\">El objetivo de FitzRoy era demostrar que hasta\u00a0<a href=\"https:\/\/elpais.com\/diario\/2009\/10\/24\/catalunya\/1256346456_850215.html\" data-link-track-dtm=\"\" data-mrf-link=\"https:\/\/elpais.com\/diario\/2009\/10\/24\/catalunya\/1256346456_850215.html\">los seres \u201cm\u00e1s primitivos\u201d, como los calific\u00f3 Charles Darwin<\/a>, pod\u00edan ser \u201ccivilizados\u201d, seg\u00fan los c\u00e1nones de occidente. Al no tener inmunidad para las patolog\u00edas europeas, las enfermedades fueron lo primero que los atac\u00f3.<\/p>\n<p class=\"\">El hombre\u00a0<i>kaw\u00e9sqar<\/i>\u00a0de 20 a\u00f1os contrajo viruela y muri\u00f3 un mes despu\u00e9s de su llegada a Londres. Mientras que el cuerpo que lleg\u00f3 en las bodegas del barco fue vendido para sus estudios al Real Colegio de Cirujanos. Al resto, se les impuso a la fuerza el cristianismo, el ingl\u00e9s y los comportamientos de la \u00e9poca. Su captor invitaba a sus amigos burgueses a tomar el t\u00e9 mientras ve\u00edan los avances de la transformaci\u00f3n a la que los someti\u00f3.<\/p>\n<p>&nbsp;<\/p>\n<figure class=\"a_m a_m-h \">\n<p><div style=\"width: 424px\" class=\"wp-caption alignnone\"><img loading=\"lazy\" decoding=\"async\" class=\"_re lazyload a_m-h\" src=\"https:\/\/imagenes.elpais.com\/resizer\/v2\/OVJXC7WXOJFZBHULOB7IF7RJRE.jpg?auth=c8313860d96d1ebd6074cc3c5a6cc2078ebc72010328f22c5a49a9e8054f9f2d&amp;width=414\" sizes=\"auto, (min-width:1199px) 1155px,(min-width:1001px) calc(100vw - 44px),(min-width:768px) 767px, 100vw\" srcset=\"https:\/\/imagenes.elpais.com\/resizer\/v2\/OVJXC7WXOJFZBHULOB7IF7RJRE.jpg?auth=c8313860d96d1ebd6074cc3c5a6cc2078ebc72010328f22c5a49a9e8054f9f2d&amp;width=414 414w,https:\/\/imagenes.elpais.com\/resizer\/v2\/OVJXC7WXOJFZBHULOB7IF7RJRE.jpg?auth=c8313860d96d1ebd6074cc3c5a6cc2078ebc72010328f22c5a49a9e8054f9f2d&amp;width=828 640w,https:\/\/imagenes.elpais.com\/resizer\/v2\/OVJXC7WXOJFZBHULOB7IF7RJRE.jpg?auth=c8313860d96d1ebd6074cc3c5a6cc2078ebc72010328f22c5a49a9e8054f9f2d&amp;width=980 1000w,https:\/\/imagenes.elpais.com\/resizer\/v2\/OVJXC7WXOJFZBHULOB7IF7RJRE.jpg?auth=c8313860d96d1ebd6074cc3c5a6cc2078ebc72010328f22c5a49a9e8054f9f2d&amp;width=1960 1960w\" alt=\"Los sacerdotes y etn\u00f3logos Martin Gusinde y Wilhelm Koppers, parados a los extremos izquierdo y derecho, junto a los participantes de la ceremonia de iniciaci\u00f3n yamana conocida como chiejaus, en 1922.\" width=\"414\" height=\"267\" \/><p class=\"wp-caption-text\">Los sacerdotes y etn\u00f3logos Martin Gusinde y Wilhelm Koppers, parados a los extremos izquierdo y derecho, junto a los participantes de la ceremonia de iniciaci\u00f3n yamana conocida como chiejaus, en 1922.Penguin Random House<\/p><\/div><figcaption class=\"a_m_p\"><\/figcaption><\/figure>\n<h3><\/h3>\n<h3 class=\"\">Reducidos a animales<\/h3>\n<p class=\"\">\u201cMe descolocaron las fotograf\u00edas de los fueguinos vestidos con ropa victoriana visitando en 1831 al rey Guillermo IV y la reina Adelaida. Se convirtieron en un acontecimiento de la vida social londinense\u201d, relata Mar\u00edn, quien estuvo recientemente en Madrid presentando el libro.<\/p>\n<p class=\"\">El tambi\u00e9n fil\u00f3sofo y cient\u00edfico social revel\u00f3 que, al menos 100 nativos o sus restos, fueron llevados de Tierra del Fuego a Europa. Despu\u00e9s de FitzRoy, y con su mismo objetivo, lo hizo el obispo Waite Hockin Stirling en 1865. Mientras que el alem\u00e1n Carl Hagenbeck, famoso por crear los espect\u00e1culos antropozool\u00f3gicos, orden\u00f3 un desplazamiento violento con el rapto de 11\u00a0<i>kaw\u00e9sqar<\/i>\u00a0(cuatro hombres, cuatro mujeres y tres ni\u00f1os), que\u00a0<a href=\"https:\/\/elpais.com\/cultura\/2020-07-04\/zoos-humanos-racismo-disfrazado-de-ciencia-para-las-masas.html\" data-link-track-dtm=\"\" data-mrf-link=\"https:\/\/elpais.com\/cultura\/2020-07-04\/zoos-humanos-racismo-disfrazado-de-ciencia-para-las-masas.html\">fueron exhibidos en zool\u00f3gicos<\/a>\u00a0como animales a lo largo de 1881 en Francia, Alemania y Suiza.<\/p>\n<p class=\"\">La primera parada fue en el Jard\u00edn de Aclimataci\u00f3n de Par\u00eds, donde fueron visitados por cerca de 500.000 personas. Entre ellos, naturalistas y antrop\u00f3logos famosos que hac\u00edan sesiones especiales en las que analizaban y med\u00edan hasta los \u00f3rganos genitales de las mujeres.<\/p>\n<p class=\"\">Fueron trasladados despu\u00e9s a Berl\u00edn en el vag\u00f3n de un tren de carga para ser expuestos por cinco semanas en el Jard\u00edn Zool\u00f3gico. Luego fueron llevados a Leipzig, M\u00fanich, Stuttgart y N\u00faremberg. Cuando se dirig\u00edan a Z\u00farich, no pudieron continuar por la tuberculosis, sarampi\u00f3n y s\u00edfilis \u2014 los guardias y operarios de los lugares donde eran expuestos abusaban constantemente sexualmente de las mujeres que fueron contagiadas\u00a0 \u2014, y fallecieron. Sus restos fueron apropiados por el Departamento de Anatom\u00eda de la Universidad de Z\u00farich.<\/p>\n<p class=\"\">\u201cLas conclusiones de los informes cient\u00edficos sobre los fueguinos eran similares a las opiniones de Darwin y FitzRoy: representaban una raza inferior con una limitada inteligencia y capacidad de progreso\u201d, relata Mar\u00edn, quien reconstruy\u00f3 la historia a partir de documentos del Museo Brit\u00e1nico, la Biblioteca Brit\u00e1nica y el Hunterian Museum, entre otros.<\/p>\n<p class=\"\">Un secuestro m\u00e1s vil fue el de once\u00a0<i>selk\u2019nam<\/i>\u00a0en 1888, transportados \u201ccon pesadas cadenas, cual tigres de Bengala\u201d por el ballenero belga Maurice Maitre a\u00a0<a href=\"https:\/\/pergamo.unlam.edu.ar\/pergamo\/documento.php?ui=1&amp;recno=32738&amp;n=Fueguinos+en+la+Torre+Eiffel+%3A+cautivos+en+la+Exposici%C3%B3n+Internacional+de+Par%C3%ADs%2C+1889\" target=\"_blank\" rel=\"noopener\" data-link-track-dtm=\"\" data-mrf-link=\"https:\/\/pergamo.unlam.edu.ar\/pergamo\/documento.php?ui=1&amp;recno=32738&amp;n=Fueguinos+en+la+Torre+Eiffel+%3A+cautivos+en+la+Exposici%C3%B3n+Internacional+de+Par%C3%ADs%2C+1889\">la Exposici\u00f3n Universal de Par\u00eds<\/a>, la misma donde se expon\u00edan obras de Monet o Van Gogh. Les arrojaban carne cruda de caballo y, de forma intencional, los manten\u00edan en suciedad, con ropas viejas y en un estado total de abandono para que tuvieran la apariencia de seres salvajes.<\/p>\n<p>&nbsp;<\/p>\n<figure class=\"a_m a_m-h \">\n<p><div style=\"width: 424px\" class=\"wp-caption alignnone\"><img loading=\"lazy\" decoding=\"async\" class=\"_re lazyload a_m-h\" src=\"https:\/\/imagenes.elpais.com\/resizer\/v2\/MHRJ646LHBFQRDOA2FR5V5EPYA.jpg?auth=7e3aaf73f916d7e4d38daa67111280609c4b25b1a0837d6be214de5cbf3ff1cd&amp;width=414\" sizes=\"auto, (min-width:1199px) 1155px,(min-width:1001px) calc(100vw - 44px),(min-width:768px) 767px, 100vw\" srcset=\"https:\/\/imagenes.elpais.com\/resizer\/v2\/MHRJ646LHBFQRDOA2FR5V5EPYA.jpg?auth=7e3aaf73f916d7e4d38daa67111280609c4b25b1a0837d6be214de5cbf3ff1cd&amp;width=414 414w,https:\/\/imagenes.elpais.com\/resizer\/v2\/MHRJ646LHBFQRDOA2FR5V5EPYA.jpg?auth=7e3aaf73f916d7e4d38daa67111280609c4b25b1a0837d6be214de5cbf3ff1cd&amp;width=828 640w,https:\/\/imagenes.elpais.com\/resizer\/v2\/MHRJ646LHBFQRDOA2FR5V5EPYA.jpg?auth=7e3aaf73f916d7e4d38daa67111280609c4b25b1a0837d6be214de5cbf3ff1cd&amp;width=980 1000w,https:\/\/imagenes.elpais.com\/resizer\/v2\/MHRJ646LHBFQRDOA2FR5V5EPYA.jpg?auth=7e3aaf73f916d7e4d38daa67111280609c4b25b1a0837d6be214de5cbf3ff1cd&amp;width=1960 1960w\" alt=\"El estanciero rumano Julius Popper dirigiendo un ataque contra ind\u00edgenas selk'nam en Tierra del Fuego (1886).\" width=\"414\" height=\"305\" \/><p class=\"wp-caption-text\">El estanciero rumano Julius Popper dirigiendo un ataque contra ind\u00edgenas selk&#8217;nam en Tierra del Fuego (1886).\u00a0 \u00a0 \u00a0 \u00a0 \u00a0 \u00a0 \u00a0 \u00a0 \u00a0 \u00a0 \u00a0 Penguin Random House<\/p><\/div><figcaption class=\"a_m_p\"><\/figcaption><\/figure>\n<p>&nbsp;<\/p>\n<p class=\"\"><a href=\"https:\/\/elpais.com\/cultura\/2014\/05\/28\/actualidad\/1401265971_913043.html\" data-link-track-dtm=\"\" data-mrf-link=\"https:\/\/elpais.com\/cultura\/2014\/05\/28\/actualidad\/1401265971_913043.html\">La exhibici\u00f3n degradante de originarios americanos<\/a>\u00a0no se reduce a los de Tierra de Fuego; en 1879 fueron exhibidos una pareja de\u00a0<i>aonikenk<\/i>\u00a0(Patagonia) con su hijo en Hamburgo y Dresde. Pero tal vez el caso m\u00e1s popular fue el de\u00a0<a href=\"https:\/\/elpais.com\/cultura\/2013\/02\/13\/actualidad\/1360775976_233173.html\" data-link-track-dtm=\"\" data-mrf-link=\"https:\/\/elpais.com\/cultura\/2013\/02\/13\/actualidad\/1360775976_233173.html\">la mexicana Julia Pastrana<\/a>, quien sufr\u00eda de hipertricosis (exceso de vello en la cara) y fue mostrada como una abominaci\u00f3n a lo largo de la d\u00e9cada de 1850 en Estados Unidos.<\/p>\n<p class=\"\">Luego de su muerte en 1860, su cuerpo momificado fue mostrado por diversas ciudades europeas por m\u00e1s de 100 a\u00f1os, hasta que en 2013 fue repatriada y enterrada en la ciudad de Sinaloa, en M\u00e9xico. \u201cLa tumba fue construida con excepcionales medidas de seguridad para que, por fin, sus restos descansen en paz\u201d, se lee en\u00a0<i>Huesos sin descanso.<\/i><\/p>\n<h3 class=\"\">Huesos sin descanso<\/h3>\n<p class=\"\">Al igual que con Pastrana, la denigraci\u00f3n de los fueguinos no acab\u00f3 con su muerte. Mar\u00edn calcula que m\u00e1s de un centenar de ellos\u00a0<a href=\"https:\/\/icom.museum\/es\/news\/repatriacion-internacional-de-restos-humanos-indigenas\/\" target=\"_blank\" rel=\"noopener\" data-link-track-dtm=\"\" data-mrf-link=\"https:\/\/icom.museum\/es\/news\/repatriacion-internacional-de-restos-humanos-indigenas\/\">todav\u00eda permanecen en suelo europeo sin su consentimiento<\/a>. Identific\u00f3 28 en el Museo de Historia Natural en Kesington, 12 en el\u00a0<i>Mus\u00e9e de\u2019l Homme<\/i>\u00a0de Par\u00eds y otros 18 en el Museo de Historia Natural de Viena. \u201cLo m\u00e1s b\u00e1sico para el honor humano es recibir un rito funerario. Si van a ser expuestas tiene que ser bajo un contexto, con cartelas que lo expliquen y los sit\u00faen\u201d, defiende el ensayista.<\/p>\n<p class=\"\">En 2010 y 2016, fueron repatriados los restos de algunos, pero la mayor\u00eda de ellos contin\u00faan lejos de su tierra.<\/p>\n<p class=\"\">El aciago siglo XIX para los nativos de Tierra del Fuego concluy\u00f3 con su\u00a0<a href=\"https:\/\/elpais.com\/cultura\/2023-11-22\/latinoamerica-se-reconcilia-en-el-cine-con-su-pasado-traumatico-a-traves-del-realismo-magico.html\" data-link-track-dtm=\"\" data-mrf-link=\"https:\/\/elpais.com\/cultura\/2023-11-22\/latinoamerica-se-reconcilia-en-el-cine-con-su-pasado-traumatico-a-traves-del-realismo-magico.html\">explotaci\u00f3n e intento de extermino en su propia tierra<\/a>. De manera voluntaria por estancieros, principalmente ingleses, e involuntaria por parte de las misiones salesianas.<\/p>\n<p class=\"\">En el caso de los primeros, los hacendados llegaron a ofrecer una libra esterlina en 1895 por la oreja de un\u00a0<i>selk\u2019nam<\/i>\u00a0muerto porque interrump\u00edan su negocio lanero. Los ind\u00edgenas se alimentaban de los guanacos que hab\u00edan sido desplazados por las ovejas que los\u00a0<i>selk\u2019nam<\/i>\u00a0intentaron expulsar, los latifundistas se vieron perjudicados y ofrecieron recompensa a cazadores armados con<i>\u00a0<\/i>fusiles Winchester. El m\u00e1s letal de ellos fue el escoc\u00e9s\u00a0<a href=\"https:\/\/elpais.com\/chile\/2024-01-19\/los-colonos-un-crudo-y-violento-western-que-enfrenta-a-chile-con-los-pecados-del-colonialismo.html\" data-link-track-dtm=\"\" data-mrf-link=\"https:\/\/elpais.com\/chile\/2024-01-19\/los-colonos-un-crudo-y-violento-western-que-enfrenta-a-chile-con-los-pecados-del-colonialismo.html\">Alexander McLennan<\/a>, quien dijo haber matado a 450 en un a\u00f1o.<\/p>\n<p class=\"\">Los salesianos, por su parte, instalaron una misi\u00f3n en 1889 en la isla Dawson. Adem\u00e1s de ser colonizados espiritualmente, mantenidos a la fuerza bajo una estricta disciplina y alterado su alimentaci\u00f3n, los infectaron con enfermedades que ellos tra\u00edan desde el viejo continente, en especial tuberculosis y sarampi\u00f3n.<\/p>\n<p class=\"\">\u201cLa isla Dawson se transform\u00f3 en una suerte de prisi\u00f3n para los\u00a0<i>selk\u2019nam<\/i>, un pueblo que hab\u00eda sido n\u00f3made durante miles de a\u00f1os. El cementerio de la misi\u00f3n con m\u00e1s de 1.000 tumbas de ind\u00edgenas es un mudo testimonio de esta cat\u00e1strofe.<\/p>\n<p class=\"\">En los distritos perif\u00e9ricos, simplemente dejaban a los muertos en los matorrales m\u00e1s cercanos. Con certeza muchos de los enfermos vieron que los zorros sal\u00edan de los bosques y devoraban a los cad\u00e1veres, pero nadie pod\u00eda defenderse ni espantarlos\u201d, recoge en su texto Mar\u00edn.<\/p>\n<p>&nbsp;<\/p>\n<figure class=\"a_m a_m-h \">\n<p><div style=\"width: 424px\" class=\"wp-caption alignnone\"><img loading=\"lazy\" decoding=\"async\" class=\"_re lazyload a_m-h\" src=\"https:\/\/imagenes.elpais.com\/resizer\/v2\/O6DMP5F7LRHIHIJY35XSCDR6IY.jpg?auth=19481bb8d1ceb1dca041a88c35b0964fbfcd76dabad9257056b81b69a585f7a1&amp;width=414\" sizes=\"auto, (min-width:1199px) 1155px,(min-width:1001px) calc(100vw - 44px),(min-width:768px) 767px, 100vw\" srcset=\"https:\/\/imagenes.elpais.com\/resizer\/v2\/O6DMP5F7LRHIHIJY35XSCDR6IY.jpg?auth=19481bb8d1ceb1dca041a88c35b0964fbfcd76dabad9257056b81b69a585f7a1&amp;width=414 414w,https:\/\/imagenes.elpais.com\/resizer\/v2\/O6DMP5F7LRHIHIJY35XSCDR6IY.jpg?auth=19481bb8d1ceb1dca041a88c35b0964fbfcd76dabad9257056b81b69a585f7a1&amp;width=828 640w,https:\/\/imagenes.elpais.com\/resizer\/v2\/O6DMP5F7LRHIHIJY35XSCDR6IY.jpg?auth=19481bb8d1ceb1dca041a88c35b0964fbfcd76dabad9257056b81b69a585f7a1&amp;width=980 1000w,https:\/\/imagenes.elpais.com\/resizer\/v2\/O6DMP5F7LRHIHIJY35XSCDR6IY.jpg?auth=19481bb8d1ceb1dca041a88c35b0964fbfcd76dabad9257056b81b69a585f7a1&amp;width=1960 1960w\" alt=\"Un grupo de selk'nam retratados entre 1910 y 1911.\" width=\"414\" height=\"268\" \/><p class=\"wp-caption-text\">Un grupo de selk&#8217;nam retratados entre 1910 y 1911.Colecci\u00f3n Rauner<\/p><\/div><figcaption class=\"a_m_p\"><\/figcaption><\/figure>\n<h3><\/h3>\n<h3 class=\"\">Responsabilidad del Gobierno<\/h3>\n<p class=\"\">\u00bfQu\u00e9 tanto tuvo que ver el Gobierno chileno? \u201cFue c\u00f3mplice en cuanto guard\u00f3 silencio\u201d, responde el investigador. Para empezar, todas las matanzas y denigraciones se realizaron cuando Chile ya hab\u00eda conseguido su independencia y autonom\u00eda en 1818.<\/p>\n<p class=\"\">Despu\u00e9s, fue el Gobierno del presidente\u00a0<a href=\"https:\/\/elpais.com\/diario\/1991\/10\/21\/opinion\/687999606_850215.html\" data-link-track-dtm=\"\" data-mrf-link=\"https:\/\/elpais.com\/diario\/1991\/10\/21\/opinion\/687999606_850215.html\">Jos\u00e9 Manuel Balmaceda<\/a>\u00a0el que le entreg\u00f3 una concesi\u00f3n gratuita a los cat\u00f3licos. Adem\u00e1s, ya en el siglo XX, desde las altas esferas se perpetu\u00f3 esta inferiorizaci\u00f3n de los fueguinos con el caso en 1940 de Lautaro Ed\u00e9n Wellington (Terwa Koyo era su nombre original). Se traba de un ni\u00f1o que con 10 a\u00f1os fue llevado por la fuerza a\u00e9rea chilena desde Puerto Ed\u00e9n hasta Santiago , con el prop\u00f3sito de que se educara en la Escuela de Especialidades y, una vez formado, regresar\u00e1 a su comunidad para \u201ccivilizar\u201d a lo que quedaba de su etnia.<\/p>\n<p class=\"\">Tambi\u00e9n es cierto que la diplomacia chilena consigui\u00f3 repatriar en 1890 a los\u00a0<i>selk\u2019nam<\/i>\u00a0capturados por el belga Maitre. Del mismo modo, a principios de octubre de este a\u00f1o,\u00a0<a href=\"https:\/\/efs.efeservicios.com\/texto\/delegacion-tierra-fuego-entierra-alemania-craneo-selknam-recibirlo-museo\/55014927734\" target=\"_blank\" rel=\"noopener\" data-link-track-dtm=\"\" data-mrf-link=\"https:\/\/efs.efeservicios.com\/texto\/delegacion-tierra-fuego-entierra-alemania-craneo-selknam-recibirlo-museo\/55014927734\">gestion\u00f3 la entrega del cr\u00e1neo de un hombre\u00a0<i>selk\u2019nam<\/i>\u00a0por parte del Museos L\u00fcbeck\u00a0<\/a>a una delegaci\u00f3n de Tierra del Fuego que pidi\u00f3 que se enterrara en un cementerio de Berl\u00edn.<\/p>\n<p class=\"\">Los \u201conas\u201d, como los llamaron los antrop\u00f3logos del siglo XIX, se cre\u00edan extintos pero el Estado los volvi\u00f3 a reconocer en el 2023. Seg\u00fan el censo de 2017, existen 1.144 personas que se autorreconocen como\u00a0<i>selk\u2019nam\u2019;<\/i>\u00a0en 1880 eran 3.500, de acuerdo al libro.<\/p>\n<p class=\"\">En cuanto a los yagan\u00e9s son 1.600, mientras que hace dos siglos eran 2.500. El libro no ofrece datos de los\u00a0<i>kaw\u00e9sqar<\/i>, pero se estima que ahora son 250 que solo hablan espa\u00f1ol. \u201cEs una herida abierta. Una restituci\u00f3n lenta de derechos\u201d, reconoce Mar\u00edn. Un largo camino para que finalmente sus huesos descansen.<\/p>\n","protected":false},"excerpt":{"rendered":"<p>&nbsp; &#8211; En \u2018Huesos sin descanso\u2019, el investigador chileno Crist\u00f3bal Mar\u00edn recoge la explotaci\u00f3n y colonizaci\u00f3n que sufrieron dentro y fuera de su territorio las&hellip;<\/p>\n","protected":false},"author":99,"featured_media":524790,"comment_status":"open","ping_status":"open","sticky":false,"template":"","format":"standard","meta":{"footnotes":""},"categories":[23,11354],"tags":[],"class_list":["post-524789","post","type-post","status-publish","format-standard","has-post-thumbnail","hentry","category-latinoamerica","category-sucesos"],"_links":{"self":[{"href":"https:\/\/diarioelpopular.com\/index.php\/wp-json\/wp\/v2\/posts\/524789","targetHints":{"allow":["GET"]}}],"collection":[{"href":"https:\/\/diarioelpopular.com\/index.php\/wp-json\/wp\/v2\/posts"}],"about":[{"href":"https:\/\/diarioelpopular.com\/index.php\/wp-json\/wp\/v2\/types\/post"}],"author":[{"embeddable":true,"href":"https:\/\/diarioelpopular.com\/index.php\/wp-json\/wp\/v2\/users\/99"}],"replies":[{"embeddable":true,"href":"https:\/\/diarioelpopular.com\/index.php\/wp-json\/wp\/v2\/comments?post=524789"}],"version-history":[{"count":1,"href":"https:\/\/diarioelpopular.com\/index.php\/wp-json\/wp\/v2\/posts\/524789\/revisions"}],"predecessor-version":[{"id":524791,"href":"https:\/\/diarioelpopular.com\/index.php\/wp-json\/wp\/v2\/posts\/524789\/revisions\/524791"}],"wp:featuredmedia":[{"embeddable":true,"href":"https:\/\/diarioelpopular.com\/index.php\/wp-json\/wp\/v2\/media\/524790"}],"wp:attachment":[{"href":"https:\/\/diarioelpopular.com\/index.php\/wp-json\/wp\/v2\/media?parent=524789"}],"wp:term":[{"taxonomy":"category","embeddable":true,"href":"https:\/\/diarioelpopular.com\/index.php\/wp-json\/wp\/v2\/categories?post=524789"},{"taxonomy":"post_tag","embeddable":true,"href":"https:\/\/diarioelpopular.com\/index.php\/wp-json\/wp\/v2\/tags?post=524789"}],"curies":[{"name":"wp","href":"https:\/\/api.w.org\/{rel}","templated":true}]}}