{"id":524801,"date":"2024-11-11T18:15:16","date_gmt":"2024-11-11T22:15:16","guid":{"rendered":"https:\/\/diarioelpopular.com\/?p=524801"},"modified":"2024-11-11T18:15:16","modified_gmt":"2024-11-11T22:15:16","slug":"canada-advierte-que-mientras-pueda-evite-como-sea-viajar-a-cuba","status":"publish","type":"post","link":"https:\/\/diarioelpopular.com\/index.php\/2024\/11\/11\/canada-advierte-que-mientras-pueda-evite-como-sea-viajar-a-cuba\/","title":{"rendered":"Canad\u00e1 advierte que mientras pueda evite como sea viajar a Cuba"},"content":{"rendered":"<p><img loading=\"lazy\" decoding=\"async\" class=\"alignnone size-custom-full-size wp-image-524802\" src=\"https:\/\/diarioelpopular.com\/wp-content\/uploads\/2024\/11\/Screen-Shot-2024-11-11-at-5.14.48-PM-636x484.png\" alt=\"\" width=\"636\" height=\"484\" srcset=\"https:\/\/diarioelpopular.com\/wp-content\/uploads\/2024\/11\/Screen-Shot-2024-11-11-at-5.14.48-PM-636x484.png 636w, https:\/\/diarioelpopular.com\/wp-content\/uploads\/2024\/11\/Screen-Shot-2024-11-11-at-5.14.48-PM-300x228.png 300w, https:\/\/diarioelpopular.com\/wp-content\/uploads\/2024\/11\/Screen-Shot-2024-11-11-at-5.14.48-PM-768x585.png 768w, https:\/\/diarioelpopular.com\/wp-content\/uploads\/2024\/11\/Screen-Shot-2024-11-11-at-5.14.48-PM-96x73.png 96w, https:\/\/diarioelpopular.com\/wp-content\/uploads\/2024\/11\/Screen-Shot-2024-11-11-at-5.14.48-PM.png 838w\" sizes=\"auto, (max-width: 636px) 100vw, 636px\" \/><\/p>\n<p>&nbsp;<\/p>\n<ul>\n<li><em><strong>Si va a viajar a Cuba, las consecuencias por varios motivos podr\u00edan afectar sus vacaciones<\/strong><\/em><\/li>\n<\/ul>\n<p>&nbsp;<\/p>\n<p>El gobierno canadiense emiti\u00f3 una advertencia de viaje, previniendo a los canadienses de que &#8220;ejerzan un alto grado de precauci\u00f3n y cuidado&#8221; en Cuba debido a la escasez de necesidades b\u00e1sicas, como alimentos, medicamentos y combustible, debido a los desastres naturas, aparte del aumento en hurtos, asaltos y carteristas.<\/p>\n<p>Algunas partes de la isla sufrieron dos huracanes en las \u00faltimas semanas. El hurac\u00e1n Oscar toc\u00f3 tierra a mediados de octubre mientras el pa\u00eds lidiaba con un corte de energ\u00eda a nivel nacional.<\/p>\n<p>El hurac\u00e1n Rafael de categor\u00eda 3 azot\u00f3 el oeste de Cuba el mi\u00e9rcoles pasado, causando otro gran apag\u00f3n.<\/p>\n<p>Y el domingo, un terremoto de magnitud 6,8 \u200b\u200bgolpe\u00f3 la costa del este de Cuba, causando da\u00f1os en varias regiones.<\/p>\n<p>Canad\u00e1 aconseja a los viajeros que &#8220;eviten los viajes no esenciales&#8221; principalmente al \u00e1rea de Guant\u00e1namo debido a los impactos del hurac\u00e1n Oscar.<\/p>\n<p>Los lugares tur\u00edsticos populares en el oeste de Cuba tambi\u00e9n est\u00e1n incluidos en esta advertencia de viaje debido a los impactos del hurac\u00e1n Rafael. El gobierno recomienda &#8220;evitar viajes no esenciales&#8221; en las siguientes provincias:<\/p>\n<p>Pinar del R\u00edo<br \/>\nArtemisa<br \/>\nLa Habana<br \/>\nMayabeque<br \/>\nMatanzas<br \/>\nLa Isla de la Juventud<\/p>\n<p>&#8220;Cuba est\u00e1 experimentando actualmente un corte de energ\u00eda a nivel nacional. No hay confirmaci\u00f3n de cu\u00e1ndo se restablecer\u00e1n los servicios de electricidad&#8221;, se lee en la advertencia de viaje.<\/p>\n<p>Tambi\u00e9n advierte a los canadienses sobre la escasez cr\u00f3nica y grave de necesidades b\u00e1sicas en el pa\u00eds, que incluyen:<\/p>\n<p>comida<br \/>\nagua embotellada<br \/>\nsuministro p\u00fablico de agua<br \/>\nmedicamentos<br \/>\ncombustible<br \/>\nmoneda fuerte<br \/>\nEl gobierno recomienda a los turistas que planifiquen en consecuencia y traigan art\u00edculos b\u00e1sicos como art\u00edculos de tocador, medicamentos y agua.<\/p>\n<p>No toda Cuba se ve afectada por la advertencia de viaje.<\/p>\n<p>Los destinos de playa populares en el archipi\u00e9lago de Jardines del Rey, incluidos Cayo Coco, Cayo Guillermo, Cayo Pared\u00f3n Grande y Caro Santa Mar\u00eda, se encuentran bajo &#8220;precauciones de seguridad normales&#8221;.<\/p>\n<p>Lo mismo ocurre con las siguientes zonas tur\u00edsticas:<\/p>\n<p>Marea del Portillo<br \/>\nPlaya Ancon<br \/>\nPlaya Santa Luc\u00eda<br \/>\nGuardalavaca<br \/>\nEl gobierno canadiense tambi\u00e9n emiti\u00f3 recientemente una alerta de viaje para una popular regi\u00f3n tur\u00edstica en M\u00e9xico debido a &#8220;enfrentamientos violentos&#8221;.<\/p>\n","protected":false},"excerpt":{"rendered":"<p>&nbsp; Si va a viajar a Cuba, las consecuencias por varios motivos podr\u00edan afectar sus vacaciones &nbsp; El gobierno canadiense emiti\u00f3 una advertencia de viaje,&hellip;<\/p>\n","protected":false},"author":99,"featured_media":524802,"comment_status":"open","ping_status":"open","sticky":false,"template":"","format":"standard","meta":{"footnotes":""},"categories":[21],"tags":[],"class_list":["post-524801","post","type-post","status-publish","format-standard","has-post-thumbnail","hentry","category-canada"],"_links":{"self":[{"href":"https:\/\/diarioelpopular.com\/index.php\/wp-json\/wp\/v2\/posts\/524801","targetHints":{"allow":["GET"]}}],"collection":[{"href":"https:\/\/diarioelpopular.com\/index.php\/wp-json\/wp\/v2\/posts"}],"about":[{"href":"https:\/\/diarioelpopular.com\/index.php\/wp-json\/wp\/v2\/types\/post"}],"author":[{"embeddable":true,"href":"https:\/\/diarioelpopular.com\/index.php\/wp-json\/wp\/v2\/users\/99"}],"replies":[{"embeddable":true,"href":"https:\/\/diarioelpopular.com\/index.php\/wp-json\/wp\/v2\/comments?post=524801"}],"version-history":[{"count":1,"href":"https:\/\/diarioelpopular.com\/index.php\/wp-json\/wp\/v2\/posts\/524801\/revisions"}],"predecessor-version":[{"id":524803,"href":"https:\/\/diarioelpopular.com\/index.php\/wp-json\/wp\/v2\/posts\/524801\/revisions\/524803"}],"wp:featuredmedia":[{"embeddable":true,"href":"https:\/\/diarioelpopular.com\/index.php\/wp-json\/wp\/v2\/media\/524802"}],"wp:attachment":[{"href":"https:\/\/diarioelpopular.com\/index.php\/wp-json\/wp\/v2\/media?parent=524801"}],"wp:term":[{"taxonomy":"category","embeddable":true,"href":"https:\/\/diarioelpopular.com\/index.php\/wp-json\/wp\/v2\/categories?post=524801"},{"taxonomy":"post_tag","embeddable":true,"href":"https:\/\/diarioelpopular.com\/index.php\/wp-json\/wp\/v2\/tags?post=524801"}],"curies":[{"name":"wp","href":"https:\/\/api.w.org\/{rel}","templated":true}]}}