{"id":524849,"date":"2024-11-12T10:54:31","date_gmt":"2024-11-12T14:54:31","guid":{"rendered":"https:\/\/diarioelpopular.com\/?p=524849"},"modified":"2024-11-12T10:54:31","modified_gmt":"2024-11-12T14:54:31","slug":"la-derecha-latinoamericana-considera-a-la-izquierda-como-un-enemigo-existencial-y-no-como-un-rival-legitimo-que-tiene-derecho-a-participar-en-elecciones-y-ganarlas","status":"publish","type":"post","link":"https:\/\/diarioelpopular.com\/index.php\/2024\/11\/12\/la-derecha-latinoamericana-considera-a-la-izquierda-como-un-enemigo-existencial-y-no-como-un-rival-legitimo-que-tiene-derecho-a-participar-en-elecciones-y-ganarlas\/","title":{"rendered":"&#8220;La derecha latinoamericana considera a la izquierda como un enemigo existencial y no como un rival leg\u00edtimo que tiene derecho a participar en elecciones y ganarlas&#8221;"},"content":{"rendered":"<div id=\"attachment_524850\" style=\"width: 646px\" class=\"wp-caption alignnone\"><img loading=\"lazy\" decoding=\"async\" aria-describedby=\"caption-attachment-524850\" class=\"wp-image-524850 size-custom-full-size\" src=\"https:\/\/diarioelpopular.com\/wp-content\/uploads\/2024\/11\/Screen-Shot-2024-11-12-at-9.53.42-AM-636x361.png\" alt=\"\" width=\"636\" height=\"361\" srcset=\"https:\/\/diarioelpopular.com\/wp-content\/uploads\/2024\/11\/Screen-Shot-2024-11-12-at-9.53.42-AM-636x361.png 636w, https:\/\/diarioelpopular.com\/wp-content\/uploads\/2024\/11\/Screen-Shot-2024-11-12-at-9.53.42-AM-300x170.png 300w, https:\/\/diarioelpopular.com\/wp-content\/uploads\/2024\/11\/Screen-Shot-2024-11-12-at-9.53.42-AM-768x435.png 768w, https:\/\/diarioelpopular.com\/wp-content\/uploads\/2024\/11\/Screen-Shot-2024-11-12-at-9.53.42-AM-129x73.png 129w, https:\/\/diarioelpopular.com\/wp-content\/uploads\/2024\/11\/Screen-Shot-2024-11-12-at-9.53.42-AM.png 1024w\" sizes=\"auto, (max-width: 636px) 100vw, 636px\" \/><p id=\"caption-attachment-524850\" class=\"wp-caption-text\">Para Kahhat, Bukele y Milei son probablemente los dos grandes l\u00edderes de la derecha radical en Am\u00e9rica Latina.<\/p><\/div>\n<p>&nbsp;<\/p>\n<p>&nbsp;<\/p>\n<div class=\"bbc-19j92fr ebmt73l0\" dir=\"ltr\">\n<ul>\n<li class=\"bbc-hhl7in e17g058b0\" dir=\"ltr\"><em><b>Cuando en 2018 el escritor peruano Farid Kahhat termin\u00f3 su libro\u00a0<\/b><b>&#8220;El eterno retorno: La derecha radical en el mundo contempor\u00e1neo&#8221;<\/b><b>\u00a0cre\u00eda que la ultraderecha no ten\u00eda relevancia en Am\u00e9rica Latina.<\/b><\/em><\/li>\n<\/ul>\n<\/div>\n<div class=\"bbc-19j92fr ebmt73l0\" dir=\"ltr\">\n<p dir=\"ltr\">\n<p dir=\"ltr\">\n<p class=\"bbc-hhl7in e17g058b0\" dir=\"ltr\">Pero un a\u00f1o despu\u00e9s, Nayib Bukele se convirti\u00f3 en presidente de El Salvador con un discurso conservador, antisistema y de mano dura contra la delincuencia que logr\u00f3 atraer a las masas en el que entonces era uno de los pa\u00edses m\u00e1s violentos del continente.<\/p>\n<\/div>\n<div class=\"bbc-19j92fr ebmt73l0\" dir=\"ltr\">\n<p class=\"bbc-hhl7in e17g058b0\" dir=\"ltr\">Su \u00e9xito sorprend\u00eda en una regi\u00f3n donde, con la llamada &#8220;marea rosa&#8221;, la izquierda hab\u00eda dominado por m\u00e1s de dos d\u00e9cadas gran parte de la pol\u00edtica.<\/p>\n<\/div>\n<div class=\"bbc-19j92fr ebmt73l0\" dir=\"ltr\">\n<p class=\"bbc-hhl7in e17g058b0\" dir=\"ltr\">Cuatro a\u00f1os despu\u00e9s, el libertario Javier Milei se hizo con la presidencia de Argentina con un discurso similar en muchos aspectos al de Bukele.<\/p>\n<\/div>\n<section class=\"bbc-geybui\" role=\"region\" aria-label=\"Publicidad 2\" aria-hidden=\"true\" data-e2e=\"advertisement\"><\/section>\n<div class=\"bbc-19j92fr ebmt73l0\" dir=\"ltr\">\n<p class=\"bbc-hhl7in e17g058b0\" dir=\"ltr\">Ah\u00ed fue cuando Kahhat vio la necesidad de actualizar aquel libro.<\/p>\n<\/div>\n<div class=\"bbc-19j92fr ebmt73l0\" dir=\"ltr\">\n<p class=\"bbc-hhl7in e17g058b0\" dir=\"ltr\">En su nueva obra, &#8220;Contra la amenaza fantasma: la derecha radical latinoamericana y la reinvenci\u00f3n de un enemigo com\u00fan&#8221;, el autor analiza los movimientos de derecha latinoamericanos poniendo \u00e9nfasis en sus factores comunes, pero tambi\u00e9n en sus diferencias y en la posibilidad de que una &#8220;marea derechista&#8221; atraviese la regi\u00f3n.<\/p>\n<\/div>\n<div class=\"bbc-19j92fr ebmt73l0\" dir=\"ltr\">\n<p class=\"bbc-hhl7in e17g058b0\" dir=\"ltr\"><i class=\"bbc-h1y5j7 eih42320\">La estaci\u00f3n inglesa, BBC habl\u00f3 con \u00e9l en el marco del Hay Festival Arequipa, que se celebr\u00f3 del 7 al 10 de noviembre.<\/i><\/p>\n<\/div>\n<figure class=\"bbc-1qn0xuy\">\n<div class=\"bbc-18ywsw9\"><img loading=\"lazy\" decoding=\"async\" class=\"bbc-139onq\" src=\"https:\/\/ichef.bbci.co.uk\/ace\/ws\/640\/cpsprodpb\/f2c2\/live\/69e79b90-918c-11ef-b3c2-754b6219680e.png.webp\" sizes=\"auto, (min-width: 1008px) 760px, 100vw\" srcset=\"https:\/\/ichef.bbci.co.uk\/ace\/ws\/240\/cpsprodpb\/f2c2\/live\/69e79b90-918c-11ef-b3c2-754b6219680e.png.webp 240w, https:\/\/ichef.bbci.co.uk\/ace\/ws\/320\/cpsprodpb\/f2c2\/live\/69e79b90-918c-11ef-b3c2-754b6219680e.png.webp 320w, https:\/\/ichef.bbci.co.uk\/ace\/ws\/480\/cpsprodpb\/f2c2\/live\/69e79b90-918c-11ef-b3c2-754b6219680e.png.webp 480w, https:\/\/ichef.bbci.co.uk\/ace\/ws\/624\/cpsprodpb\/f2c2\/live\/69e79b90-918c-11ef-b3c2-754b6219680e.png.webp 624w, https:\/\/ichef.bbci.co.uk\/ace\/ws\/800\/cpsprodpb\/f2c2\/live\/69e79b90-918c-11ef-b3c2-754b6219680e.png.webp 800w\" alt=\"L\u00ednea\" width=\"800\" height=\"100\" \/><\/div>\n<\/figure>\n<div class=\"bbc-19j92fr ebmt73l0\" dir=\"ltr\">\n<p class=\"bbc-hhl7in e17g058b0\" dir=\"ltr\"><b>El voto por la derecha radical ha aumentado progresivamente en Am\u00e9rica Latina en los \u00faltimos a\u00f1os, \u00bfa qu\u00e9 se debe?<\/b><\/p>\n<\/div>\n<div class=\"bbc-19j92fr ebmt73l0\" dir=\"ltr\">\n<p class=\"bbc-hhl7in e17g058b0\" dir=\"ltr\">Hay componentes externos, como el Foro Madrid, a trav\u00e9s del cual Vox (el partido espa\u00f1ol de ultraderecha) influye en partidos de derecha de Latinoam\u00e9rica.<\/p>\n<\/div>\n<div class=\"bbc-19j92fr ebmt73l0\" dir=\"ltr\">\n<p class=\"bbc-hhl7in e17g058b0\" dir=\"ltr\">Tambi\u00e9n han influido los grupos evang\u00e9licos neopentecostales que tienen una estructura internacional.<\/p>\n<\/div>\n<div class=\"bbc-19j92fr ebmt73l0\" dir=\"ltr\">\n<p class=\"bbc-hhl7in e17g058b0\" dir=\"ltr\">Pero hay incentivos propios de Am\u00e9rica Latina.<\/p>\n<\/div>\n<div class=\"bbc-19j92fr ebmt73l0\" dir=\"ltr\">\n<p class=\"bbc-hhl7in e17g058b0\" dir=\"ltr\">Durante los primeros 15 a\u00f1os de este siglo, la izquierda latinoamericana tuvo el mayor auge electoral de la historia. Esto no pas\u00f3 ni en Estados Unidos ni en Europa.<\/p>\n<\/div>\n<div class=\"bbc-19j92fr ebmt73l0\" dir=\"ltr\">\n<p class=\"bbc-hhl7in e17g058b0\" dir=\"ltr\">Pero, parad\u00f3jicamente, ese \u00e9xito sin precedentes hizo que el sentimiento anticomunista se volviera m\u00e1s fuerte.<\/p>\n<\/div>\n<div class=\"bbc-19j92fr ebmt73l0\" dir=\"ltr\">\n<p class=\"bbc-hhl7in e17g058b0\" dir=\"ltr\">Algunos gobiernos de izquierda, como los de Venezuela y Nicaragua, generaron una sensaci\u00f3n de amenaza, porque se tornaron autoritarios y pusieron en duda los derechos de propiedad y de vigencia del contrato.<\/p>\n<\/div>\n<div class=\"bbc-19j92fr ebmt73l0\" dir=\"ltr\">\n<p class=\"bbc-hhl7in e17g058b0\" dir=\"ltr\">Para la derecha radical, sin embargo, los gobiernos de izquierda m\u00e1s moderados son igual de problem\u00e1ticos porque son liberales en materia social. Aprueban el matrimonio igualitario, la adopci\u00f3n monoparental, etc.<\/p>\n<\/div>\n<div class=\"bbc-19j92fr ebmt73l0\" dir=\"ltr\">\n<p class=\"bbc-hhl7in e17g058b0\" dir=\"ltr\">Otro tema que ayuda a la derecha radical es que Am\u00e9rica Latina es la regi\u00f3n del mundo con la mayor tasa de homicidios, que adem\u00e1s sigue en aumento. El caso m\u00e1s obvio recientemente ha sido Ecuador.<\/p>\n<\/div>\n<div class=\"bbc-19j92fr ebmt73l0\" dir=\"ltr\">\n<p class=\"bbc-hhl7in e17g058b0\" dir=\"ltr\">La delincuencia y, en particular, la tasa de homicidios fortalecen discursos de mano dura como el de Bukele, un discurso que suele asociarse a la derecha radical.<\/p>\n<\/div>\n<div class=\"bbc-19j92fr ebmt73l0\" dir=\"ltr\">\n<p class=\"bbc-hhl7in e17g058b0\" dir=\"ltr\"><b>Hablas de la marea rosa que vimos hace m\u00e1s de una d\u00e9cada en Am\u00e9rica Latina, \u00bfqu\u00e9 potencial tiene la derecha radical latinoamericana de dominar la regi\u00f3n de esa manera?<\/b><\/p>\n<\/div>\n<div class=\"bbc-19j92fr ebmt73l0\" dir=\"ltr\">\n<p class=\"bbc-hhl7in e17g058b0\" dir=\"ltr\">La derecha radical tiene una gran ventaja porque es una fuerza pol\u00edtica disruptiva y se puede decir que va contra el estatus quo.<\/p>\n<p dir=\"ltr\">\n<\/div>\n<figure class=\"bbc-1qn0xuy\">\n<div class=\"bbc-18ywsw9\">\n<div style=\"width: 1155px\" class=\"wp-caption alignnone\"><img loading=\"lazy\" decoding=\"async\" class=\"bbc-139onq\" src=\"https:\/\/ichef.bbci.co.uk\/ace\/ws\/640\/cpsprodpb\/0fba\/live\/99fbda10-92b5-11ef-9353-cbf32f780aa4.jpg.webp\" alt=\"Farid Kahhat\" width=\"1145\" height=\"644\" \/><p class=\"wp-caption-text\">Fuente de la imagen,Editorial Planeta.\u00a0\u00a0Farid Kahhat, autor del libro\u00a0&#8220;Contra la amenaza fantasma: la derecha radical latinoamericana y la reinvenci\u00f3n de un enemigo com\u00fan&#8221;.<\/p><\/div>\n<\/div>\n<\/figure>\n<div class=\"bbc-19j92fr ebmt73l0\" dir=\"ltr\">\n<p dir=\"ltr\">\n<p dir=\"ltr\">\n<p class=\"bbc-hhl7in e17g058b0\" dir=\"ltr\">La derecha radical tiene otra gran ventaja sobre la izquierda: puede apelar a los poderes f\u00e1cticos, es decir a la Iglesia, sea cat\u00f3lica o evang\u00e9lica, los medios masivos de comunicaci\u00f3n, los militares y los gremios empresariales.<\/p>\n<\/div>\n<div class=\"bbc-19j92fr ebmt73l0\" dir=\"ltr\">\n<p class=\"bbc-hhl7in e17g058b0\" dir=\"ltr\"><b>De manera general, \u00bfqu\u00e9 fundamentos comparte la derecha radical contempor\u00e1nea en los pa\u00edses de Am\u00e9rica Latina?<\/b><\/p>\n<\/div>\n<div class=\"bbc-19j92fr ebmt73l0\" dir=\"ltr\">\n<p class=\"bbc-hhl7in e17g058b0\" dir=\"ltr\">El t\u00e9rmino lo tomo de Cas Mudde, un autor neerland\u00e9s.<\/p>\n<\/div>\n<div class=\"bbc-19j92fr ebmt73l0\" dir=\"ltr\">\n<p class=\"bbc-hhl7in e17g058b0\" dir=\"ltr\">\u00c9l define la derecha populista radical en base a tres caracter\u00edsticas: autoritarismo, populismo y nacionalismo \u00e9tnico.<\/p>\n<\/div>\n<div class=\"bbc-19j92fr ebmt73l0\" dir=\"ltr\">\n<p class=\"bbc-hhl7in e17g058b0\" dir=\"ltr\">El tema del nacionalismo \u00e9tnico no es del todo pertinente para Am\u00e9rica Latina, porque cuando se habla de nacionalismo \u00e9tnico en Europa o Estados Unidos, se trata de una mayor\u00eda \u00e9tnica blanca y cristiana.<\/p>\n<\/div>\n<div class=\"bbc-19j92fr ebmt73l0\" dir=\"ltr\">\n<p class=\"bbc-hhl7in e17g058b0\" dir=\"ltr\">Y en Am\u00e9rica Latina, los hispanistas, que suelen ser de derecha radical de la herencia espa\u00f1ola, son una minor\u00eda de la poblaci\u00f3n.<\/p>\n<\/div>\n<div class=\"bbc-19j92fr ebmt73l0\" dir=\"ltr\">\n<p class=\"bbc-hhl7in e17g058b0\" dir=\"ltr\">Pero de manera general s\u00ed comparte varias caracter\u00edsticas. La derecha radical en Am\u00e9rica Latina no suele aceptar resultados electorales adversos, es autoritaria y populista.<\/p>\n<\/div>\n<div class=\"bbc-19j92fr ebmt73l0\" dir=\"ltr\">\n<p class=\"bbc-hhl7in e17g058b0\" dir=\"ltr\">Tambi\u00e9n comparte el componente de la lucha contra la delincuencia, que asocia a la inmigraci\u00f3n y que se basa en una pol\u00edtica de &#8220;mano dura&#8221; que generalmente significa penas m\u00e1s severas y falta de respeto al debido proceso.<\/p>\n<\/div>\n<div class=\"bbc-19j92fr ebmt73l0\" dir=\"ltr\">\n<p class=\"bbc-hhl7in e17g058b0\" dir=\"ltr\"><b>Como dices, algunos partidos de derecha instrumentalizan el tema de la inmigraci\u00f3n y asocian a los inmigrantes con la delincuencia y la falta de empleos \u00bfse puede decir que el nacionalismo \u00e9tnico en algunos pa\u00edses latinoamericanos se ha traducido en xenofobia?<\/b><\/p>\n<\/div>\n<div class=\"bbc-19j92fr ebmt73l0\" dir=\"ltr\">\n<p class=\"bbc-hhl7in e17g058b0\" dir=\"ltr\">Jos\u00e9 Antonio Kast (excandidato presidencial de Chile) era uno de los que asociaba el ingreso de venezolanos indocumentados a Chile con el aumento de la delincuencia.<\/p>\n<p dir=\"ltr\">\n<\/div>\n<div class=\"bbc-dunjd2\" data-testid=\"embed\">\n<div class=\"sc-bdVaJa rPqeC renderReady\" data-uuid=\"0face104-714c-4df3-ba45-45c526b02ecd\">\n<div class=\"sc-htpNat kUePcj\" data-graphicpic=\"true\"><img decoding=\"async\" class=\"sc-bwzfXH eoHibc\" src=\"https:\/\/c.files.bbci.co.uk\/assets\/5b7b9a40-3d26-46f8-8f11-034eb731a42e\" alt=\"Trump y Bolsonaro. \" \/><\/p>\n<div class=\"sc-bxivhb dKdRdl\" dir=\"ltr\">Getty<\/div>\n<\/div>\n<blockquote class=\"sc-gzVnrw blLFIH\" dir=\"ltr\">\n<div><\/div>\n<div class=\"sc-dnqmqq fSKCzD\">Cada vez que la derecha radical pierde, clama fraude sin pruebas, como lo hicieron Trump, Keiko Fujimori y Bolsonaro. Se ha vuelto sistem\u00e1tico&#8221;.<\/div>\n<footer class=\"sc-gZMcBi YvzhO\"><cite class=\"sc-gqjmRU dltIJY\"><strong>Farid Kahhat<\/strong><br \/>\nAutor, periodista y soci\u00f3logo peruano.<\/cite><\/footer>\n<\/blockquote>\n<\/div>\n<\/div>\n<div class=\"bbc-19j92fr ebmt73l0\" dir=\"ltr\">\n<p dir=\"ltr\">\n<p class=\"bbc-hhl7in e17g058b0\" dir=\"ltr\">Si fuera cierto que el aumento de la delincuencia en la regi\u00f3n se debe a la inmigraci\u00f3n, uno podr\u00eda decir que los que alegan eso tienen un punto v\u00e1lido.<\/p>\n<\/div>\n<div class=\"bbc-19j92fr ebmt73l0\" dir=\"ltr\">\n<p class=\"bbc-hhl7in e17g058b0\" dir=\"ltr\">Pero al revisar las estad\u00edsticas se puede ver que los inmigrantes, y en particular los venezolanos, que son la mayor\u00eda de los inmigrantes en la regi\u00f3n, no cometen proporcionalmente m\u00e1s delitos que la poblaci\u00f3n local.<\/p>\n<\/div>\n<div class=\"bbc-19j92fr ebmt73l0\" dir=\"ltr\">\n<p class=\"bbc-hhl7in e17g058b0\" dir=\"ltr\">De hecho, cometen, si acaso, menos. Entonces s\u00ed hay un elemento de prejuicio.<\/p>\n<\/div>\n<div class=\"bbc-19j92fr ebmt73l0\" dir=\"ltr\">\n<p class=\"bbc-hhl7in e17g058b0\" dir=\"ltr\"><b>A diferencia de Europa, \u00bfpor qu\u00e9 crees que el crecimiento electoral de la derecha radical en Am\u00e9rica Latina no ha coincidido con el aumento del flujo de inmigrantes en pa\u00edses como Colombia, Per\u00fa o Chile, donde en las presidenciales han triunfado proyectos de izquierda?<\/b><\/p>\n<\/div>\n<div class=\"bbc-19j92fr ebmt73l0\" dir=\"ltr\">\n<p class=\"bbc-hhl7in e17g058b0\" dir=\"ltr\">Habitualmente, el componente racista en el discurso antiinmigrante de la derecha radical es muy evidente.<\/p>\n<\/div>\n<div class=\"bbc-19j92fr ebmt73l0\" dir=\"ltr\">\n<p class=\"bbc-hhl7in e17g058b0\" dir=\"ltr\">Trump afirm\u00f3 recientemente (diciembre de 2023) que los inmigrantes envenenan la sangre de Estados Unidos. Su tipo de ret\u00f3rica es la del viejo fascismo.<\/p>\n<\/div>\n<div class=\"bbc-19j92fr ebmt73l0\" dir=\"ltr\">\n<p class=\"bbc-hhl7in e17g058b0\" dir=\"ltr\">A diferencia de la inmigraci\u00f3n en Europa y en menor proporci\u00f3n en Estados Unidos, la inmigraci\u00f3n en Am\u00e9rica Latina no proviene de pa\u00edses \u00e9tnicamente distintos.<\/p>\n<\/div>\n<div class=\"bbc-19j92fr ebmt73l0\" dir=\"ltr\">\n<p class=\"bbc-hhl7in e17g058b0\" dir=\"ltr\">Los venezolanos hablan espa\u00f1ol, tienen una historia colonial espa\u00f1ola similar a la de Per\u00fa, Colombia o Chile, y son mayoritariamente cristianos con una minor\u00eda evang\u00e9lica, como los peruanos.<\/p>\n<\/div>\n<div class=\"bbc-19j92fr ebmt73l0\" dir=\"ltr\">\n<p class=\"bbc-hhl7in e17g058b0\" dir=\"ltr\">Adem\u00e1s, las primeras oleadas de inmigrantes venezolanos ten\u00edan un nivel de calificaci\u00f3n acad\u00e9mica y laboral ligeramente superior a la media.<\/p>\n<\/div>\n<div class=\"bbc-19j92fr ebmt73l0\" dir=\"ltr\">\n<p class=\"bbc-hhl7in e17g058b0\" dir=\"ltr\"><b>En tu libro pones en evidencia que en Am\u00e9rica Latina \u00faltimamente prevalece un descontento hacia el oficialismo. Sean de derecha o de izquierda, la gran mayor\u00eda de los candidatos oficialistas han perdido elecciones en la \u00faltima d\u00e9cada. \u00bfA qu\u00e9 se debe esto?<\/b><\/p>\n<\/div>\n<div class=\"bbc-19j92fr ebmt73l0\" dir=\"ltr\">\n<p class=\"bbc-hhl7in e17g058b0\" dir=\"ltr\">Deber\u00eda a\u00f1adir que esto est\u00e1 empezando a cambiar. En M\u00e9xico y en El Salvador se han reelegido los candidatos del oficialismo.<\/p>\n<\/div>\n<div class=\"bbc-19j92fr ebmt73l0\" dir=\"ltr\">\n<p class=\"bbc-hhl7in e17g058b0\" dir=\"ltr\">No creo que las elecciones en El Salvador hayan sido libres y justas, pero la popularidad de Bukele parece ser genuina.<\/p>\n<p dir=\"ltr\">\n<\/div>\n<div class=\"bbc-dunjd2\" data-testid=\"embed\">\n<div class=\"sc-bdVaJa rPqeC renderReady\" data-uuid=\"dae54076-283c-4ccc-a87a-65467b51c169\">\n<div class=\"sc-htpNat kUePcj\" data-graphicpic=\"true\"><img decoding=\"async\" class=\"sc-bwzfXH tEIAP\" src=\"https:\/\/c.files.bbci.co.uk\/assets\/35ca0e4b-e161-4e07-944f-989c571934fd\" alt=\"Hugo Ch\u00e1vez, Evo Morales, Luiz In\u00e1cio Lula da Silva, Rafael Correa.\" \/><\/p>\n<div class=\"sc-bxivhb dKdRdl\" dir=\"ltr\">Getty<\/div>\n<\/div>\n<blockquote class=\"sc-gzVnrw blLFIH\" dir=\"ltr\">\n<div><\/div>\n<div class=\"sc-dnqmqq fSKCzD\">La derecha latinoamericana considera a la izquierda como un enemigo existencial y no como un rival leg\u00edtimo que tiene derecho a participar en elecciones y ganarlas&#8221;.<\/div>\n<footer class=\"sc-gZMcBi YvzhO\"><cite class=\"sc-gqjmRU dltIJY\"><strong>Farid Kahhat<\/strong><br \/>\nAutor, periodista y soci\u00f3logo peruano<\/cite><\/footer>\n<\/blockquote>\n<\/div>\n<\/div>\n<div class=\"bbc-19j92fr ebmt73l0\" dir=\"ltr\">\n<p dir=\"ltr\">\n<p class=\"bbc-hhl7in e17g058b0\" dir=\"ltr\">Pero, \u00bfpor qu\u00e9 durante un per\u00edodo que va m\u00e1s o menos de 2018 a 2023 el oficialismo no hizo m\u00e1s que perder? Porque hubo circunstancias sumamente inusuales.<\/p>\n<\/div>\n<div class=\"bbc-19j92fr ebmt73l0\" dir=\"ltr\">\n<p class=\"bbc-hhl7in e17g058b0\" dir=\"ltr\">Tuvimos la mayor pandemia desde la gripe espa\u00f1ola hace un siglo, la mayor recesi\u00f3n econ\u00f3mica internacional desde la Gran Depresi\u00f3n de 1929 y la mayor inflaci\u00f3n desde principios de los a\u00f1os 1980.<\/p>\n<\/div>\n<div class=\"bbc-19j92fr ebmt73l0\" dir=\"ltr\">\n<p class=\"bbc-hhl7in e17g058b0\" dir=\"ltr\">En Am\u00e9rica Latina espec\u00edficamente tuvimos el esc\u00e1ndalo de corrupci\u00f3n m\u00e1s grande en la historia, el caso de Lava Jato, que involucr\u00f3 a 12 pa\u00edses.<\/p>\n<\/div>\n<div class=\"bbc-19j92fr ebmt73l0\" dir=\"ltr\">\n<p class=\"bbc-hhl7in e17g058b0\" dir=\"ltr\">Tambi\u00e9n hemos visto un incremento de la tasa de homicidios.<\/p>\n<\/div>\n<div class=\"bbc-19j92fr ebmt73l0\" dir=\"ltr\">\n<p class=\"bbc-hhl7in e17g058b0\" dir=\"ltr\">Todo esto termina confluyendo para crear una sensaci\u00f3n de descontento con el estatus quo que al final perjudica a gobiernos de izquierda y de derecha por igual.<\/p>\n<\/div>\n<div class=\"bbc-19j92fr ebmt73l0\" dir=\"ltr\">\n<p class=\"bbc-hhl7in e17g058b0\" dir=\"ltr\"><b>Tambi\u00e9n dices que la derecha latinoamericana se ha vuelto menos democr\u00e1tica y m\u00e1s conservadora. \u00bfPor qu\u00e9 ese cambio?<\/b><\/p>\n<\/div>\n<div class=\"bbc-19j92fr ebmt73l0\" dir=\"ltr\">\n<p class=\"bbc-hhl7in e17g058b0\" dir=\"ltr\">La derecha latinoamericana considera a la izquierda como un enemigo existencial y no como un rival leg\u00edtimo que tiene derecho a participar en elecciones y ganarlas. La ven como un enemigo que se debe derrotar.<\/p>\n<\/div>\n<div class=\"bbc-19j92fr ebmt73l0\" dir=\"ltr\">\n<p class=\"bbc-hhl7in e17g058b0\" dir=\"ltr\">En su momento, Jair Bolsonaro compar\u00f3 al presidente de Brasil, Luiz In\u00e1cio Lula da Silva, con el demonio.<\/p>\n<\/div>\n<div class=\"bbc-19j92fr ebmt73l0\" dir=\"ltr\">\n<p class=\"bbc-hhl7in e17g058b0\" dir=\"ltr\">Esto no es nuevo. Durante la Guerra Fr\u00eda, la situaci\u00f3n era similar.<\/p>\n<\/div>\n<div class=\"bbc-19j92fr ebmt73l0\" dir=\"ltr\">\n<p class=\"bbc-hhl7in e17g058b0\" dir=\"ltr\">La izquierda latinoamericana no hab\u00eda ganado elecciones como lo hizo a principios del siglo XXI, porque no se le dejaba participar o se le daba un golpe de Estado si ganaba, como pas\u00f3 en Guatemala, Chile y Brasil.<\/p>\n<\/div>\n<div class=\"bbc-19j92fr ebmt73l0\" dir=\"ltr\">\n<p class=\"bbc-hhl7in e17g058b0\" dir=\"ltr\">Creo que este periodo en el que la izquierda pudo ganar elecciones de gobierno tuvo que ver en parte con el fin de la Guerra Fr\u00eda.<\/p>\n<\/div>\n<div class=\"bbc-19j92fr ebmt73l0\" dir=\"ltr\">\n<p class=\"bbc-hhl7in e17g058b0\" dir=\"ltr\">Pero las nuevas circunstancias han hecho que el sentimiento anticomunista crezca.<\/p>\n<\/div>\n<div class=\"bbc-19j92fr ebmt73l0\" dir=\"ltr\">\n<p class=\"bbc-hhl7in e17g058b0\" dir=\"ltr\">Cada vez que la derecha radical pierde, clama fraude sin pruebas, como lo hicieron Trump (en 2020), Keiko Fujimori y Bolsonaro. Se ha vuelto sistem\u00e1tico en los pa\u00edses con sistema presidencial.<\/p>\n<\/div>\n<div class=\"bbc-19j92fr ebmt73l0\" dir=\"ltr\">\n<p class=\"bbc-hhl7in e17g058b0\" dir=\"ltr\">Creo que la \u00fanica excepci\u00f3n fue Kast en Chile.<\/p>\n<\/div>\n<div class=\"bbc-19j92fr ebmt73l0\" dir=\"ltr\">\n<p class=\"bbc-hhl7in e17g058b0\" dir=\"ltr\"><b>La izquierda latinoamericana ha tenido lideres con una gran popularidad e influencia regional, como Lula y Hugo Ch\u00e1vez. \u00bfDir\u00edas que en la actualidad la derecha radical tiene un gran l\u00edder en la regi\u00f3n?<\/b><\/p>\n<\/div>\n<div class=\"bbc-19j92fr ebmt73l0\" dir=\"ltr\">\n<p class=\"bbc-hhl7in e17g058b0\" dir=\"ltr\">El problema es que el nacionalismo no es una ideolog\u00eda exportable, no es algo que se pueda copiar. Nadie va a copiar el nacionalismo ruso de Putin, por ejemplo.<\/p>\n<\/div>\n<div class=\"bbc-19j92fr ebmt73l0\" dir=\"ltr\">\n<p class=\"bbc-hhl7in e17g058b0\" dir=\"ltr\">La derecha radical tiene enemigos comunes, como la izquierda, el islam y el globalismo.<\/p>\n<\/div>\n<div class=\"bbc-19j92fr ebmt73l0\" dir=\"ltr\">\n<p class=\"bbc-hhl7in e17g058b0\" dir=\"ltr\">Pero tambi\u00e9n pueden enemistarse, potencialmente. Por ejemplo, la derecha radical ucraniana es enemiga de la derecha radical rusa, porque el nacionalismo \u00e9tnico es la base de su identidad.<\/p>\n<\/div>\n<div class=\"bbc-19j92fr ebmt73l0\" dir=\"ltr\">\n<p class=\"bbc-hhl7in e17g058b0\" dir=\"ltr\">En ese sentido, es dif\u00edcil ver que la derecha radical latinoamericana se convierta en una unidad como la que hubo en la izquierda.<\/p>\n<p dir=\"ltr\">\n<\/div>\n<figure class=\"bbc-1qn0xuy\">\n<div class=\"bbc-18ywsw9\">\n<div style=\"width: 5482px\" class=\"wp-caption alignnone\"><img loading=\"lazy\" decoding=\"async\" class=\"bbc-139onq\" src=\"https:\/\/ichef.bbci.co.uk\/ace\/ws\/640\/cpsprodpb\/c605\/live\/23c0ed40-9206-11ef-a639-39dd5d9cab6d.jpg.webp\" alt=\"Farid Kahhat\" width=\"5472\" height=\"3078\" \/><p class=\"wp-caption-text\">Fuente de la imagen,Imagen suministrada por Farid Kahhat.\u00a0\u00a0Farid Kahhat afirma que la derecha radical latinoamericana tiene una fijaci\u00f3n con el expresidente de Bolivia Evo Morales.<\/p><\/div>\n<\/div>\n<\/figure>\n<div class=\"bbc-19j92fr ebmt73l0\" dir=\"ltr\">\n<p dir=\"ltr\">\n<p dir=\"ltr\">\n<p class=\"bbc-hhl7in e17g058b0\" dir=\"ltr\">Pero est\u00e1n empezando a surgir lo que podr\u00edan ser l\u00edderes regionales de la derecha radical.<\/p>\n<\/div>\n<div class=\"bbc-19j92fr ebmt73l0\" dir=\"ltr\">\n<p class=\"bbc-hhl7in e17g058b0\" dir=\"ltr\">Bukele tiene el mayor potencial, porque las posiciones libertarias de Javier Milei son anatemas para la ultraderecha.<\/p>\n<\/div>\n<div class=\"bbc-19j92fr ebmt73l0\" dir=\"ltr\">\n<p class=\"bbc-hhl7in e17g058b0\" dir=\"ltr\">Est\u00e1 a favor del matrimonio entre personas del mismo sexo, la eutanasia, la legalizaci\u00f3n del consumo de drogas.<\/p>\n<\/div>\n<div class=\"bbc-19j92fr ebmt73l0\" dir=\"ltr\">\n<p class=\"bbc-hhl7in e17g058b0\" dir=\"ltr\"><b>Y Milei tampoco apela al nacionalismo \u00e9tnico.<\/b><\/p>\n<\/div>\n<div class=\"bbc-19j92fr ebmt73l0\" dir=\"ltr\">\n<p class=\"bbc-hhl7in e17g058b0\" dir=\"ltr\">S\u00ed, esa es una gran diferencia de Milei con buena parte de la derecha radical.<\/p>\n<\/div>\n<div class=\"bbc-19j92fr ebmt73l0\" dir=\"ltr\">\n<p class=\"bbc-hhl7in e17g058b0\" dir=\"ltr\">Adem\u00e1s, est\u00e1 teniendo problemas muy serios con el manejo econ\u00f3mico, que en teor\u00eda era su gran carta de presentaci\u00f3n.<\/p>\n<\/div>\n<div class=\"bbc-19j92fr ebmt73l0\" dir=\"ltr\">\n<p class=\"bbc-hhl7in e17g058b0\" dir=\"ltr\">Mientras no resuelva eso, dif\u00edcilmente va a ser un referente.<\/p>\n<\/div>\n<div class=\"bbc-19j92fr ebmt73l0\" dir=\"ltr\">\n<p class=\"bbc-hhl7in e17g058b0\" dir=\"ltr\">Por eso, el que tiene m\u00e1s potencial es Bukele, que, aunque vino de la izquierda, en a\u00f1os recientes se ha asociado a s\u00ed mismo con movimientos conservadores como aquel evento que organiz\u00f3 en Estados Unidos al que acudieron Trump y el propio Milei.<\/p>\n<\/div>\n<div class=\"bbc-19j92fr ebmt73l0\" dir=\"ltr\">\n<p class=\"bbc-hhl7in e17g058b0\" dir=\"ltr\">Pero Bukele sigue teniendo un problema. Si la econom\u00eda del El Salvador no mejora exponencialmente en los pr\u00f3ximos a\u00f1os, su figura va a empezar a deteriorarse.<\/p>\n<\/div>\n<div class=\"bbc-19j92fr ebmt73l0\" dir=\"ltr\">\n<p class=\"bbc-hhl7in e17g058b0\" dir=\"ltr\"><b>\u00bfPor qu\u00e9 dices que la derecha radical peruana tiene una fijaci\u00f3n con Evo Morales?<\/b><\/p>\n<\/div>\n<div class=\"bbc-19j92fr ebmt73l0\" dir=\"ltr\">\n<p class=\"bbc-hhl7in e17g058b0\" dir=\"ltr\">Morales es un personaje que viol\u00f3 la Constituci\u00f3n de Bolivia intentando reelegirse indefinidamente. Cuando gobern\u00f3, tuvo aristas autoritarias y su modelo econ\u00f3mico est\u00e1 empezando a mostrar sus limitaciones.<\/p>\n<\/div>\n<div class=\"bbc-19j92fr ebmt73l0\" dir=\"ltr\">\n<p class=\"bbc-hhl7in e17g058b0\" dir=\"ltr\">No digo que sea un personaje defendible.<\/p>\n<\/div>\n<div class=\"bbc-19j92fr ebmt73l0\" dir=\"ltr\">\n<p class=\"bbc-hhl7in e17g058b0\" dir=\"ltr\">Mi punto es que a Evo Morales se le atribuyen poderes poco menos que sobrenaturales para cambiar gobiernos, movilizar protestas y cosas por el estilo.<\/p>\n<\/div>\n<div class=\"bbc-19j92fr ebmt73l0\" dir=\"ltr\">\n<p class=\"bbc-hhl7in e17g058b0\" dir=\"ltr\">El problema es que Morales ya no gobierna en Bolivia como lo hizo por casi 15 a\u00f1os. Ni siquiera controla el partido oficial.<\/p>\n<\/div>\n<div class=\"bbc-19j92fr ebmt73l0\" dir=\"ltr\">\n<p class=\"bbc-hhl7in e17g058b0\" dir=\"ltr\"><b>Actualmente, en Europa estamos viendo c\u00f3mo la ultraderechista italiana Giorgia Meloni tiene mucha m\u00e1s popularidad que Emmanuel Macron de Francia y que Olaf Scholz de Alemania. Muchos anticiparon una cat\u00e1strofe si ganaba, pero no ha sido as\u00ed.<\/b><\/p>\n<\/div>\n<div class=\"bbc-19j92fr ebmt73l0\" dir=\"ltr\">\n<p class=\"bbc-hhl7in e17g058b0\" dir=\"ltr\">Yo dir\u00eda dos cosas. Meloni se moder\u00f3 tras llegar al gobierno. Entre otras razones, porque Italia era el mayor beneficiario de los fondos de recuperaci\u00f3n de la Uni\u00f3n Europea, y para recibirlos ten\u00eda que aplicar ciertas pol\u00edticas econ\u00f3micas.<\/p>\n<\/div>\n<div class=\"bbc-19j92fr ebmt73l0\" dir=\"ltr\">\n<p class=\"bbc-hhl7in e17g058b0\" dir=\"ltr\">Ella forma parte de un proceso en el cual algunos partidos de derecha radical suelen moderarse cuando llegan al gobierno. Obviamente no todos lo hacen.<\/p>\n<\/div>\n<div class=\"bbc-19j92fr ebmt73l0\" dir=\"ltr\">\n<p class=\"bbc-hhl7in e17g058b0\" dir=\"ltr\">En el Parlamento europeo, Meloni y Marine Le Pen (diputada ultraderechista de Francia) dirigen grupos contrapuestos y Meloni tambi\u00e9n tom\u00f3 distancia del partido Alternativa para Alemania debido a su pasado neonazi.<\/p>\n<\/div>\n<div class=\"bbc-19j92fr ebmt73l0\" dir=\"ltr\">\n<p class=\"bbc-hhl7in e17g058b0\" dir=\"ltr\">De alguna manera, puede ser vista como un ejemplo del trayecto deseable de la derecha radical en el gobierno.<\/p>\n<\/div>\n","protected":false},"excerpt":{"rendered":"<p>&nbsp; &nbsp; Cuando en 2018 el escritor peruano Farid Kahhat termin\u00f3 su libro\u00a0&#8220;El eterno retorno: La derecha radical en el mundo contempor\u00e1neo&#8221;\u00a0cre\u00eda que la ultraderecha&hellip;<\/p>\n","protected":false},"author":99,"featured_media":524850,"comment_status":"open","ping_status":"open","sticky":false,"template":"","format":"standard","meta":{"footnotes":""},"categories":[23],"tags":[],"class_list":["post-524849","post","type-post","status-publish","format-standard","has-post-thumbnail","hentry","category-latinoamerica"],"_links":{"self":[{"href":"https:\/\/diarioelpopular.com\/index.php\/wp-json\/wp\/v2\/posts\/524849","targetHints":{"allow":["GET"]}}],"collection":[{"href":"https:\/\/diarioelpopular.com\/index.php\/wp-json\/wp\/v2\/posts"}],"about":[{"href":"https:\/\/diarioelpopular.com\/index.php\/wp-json\/wp\/v2\/types\/post"}],"author":[{"embeddable":true,"href":"https:\/\/diarioelpopular.com\/index.php\/wp-json\/wp\/v2\/users\/99"}],"replies":[{"embeddable":true,"href":"https:\/\/diarioelpopular.com\/index.php\/wp-json\/wp\/v2\/comments?post=524849"}],"version-history":[{"count":1,"href":"https:\/\/diarioelpopular.com\/index.php\/wp-json\/wp\/v2\/posts\/524849\/revisions"}],"predecessor-version":[{"id":524851,"href":"https:\/\/diarioelpopular.com\/index.php\/wp-json\/wp\/v2\/posts\/524849\/revisions\/524851"}],"wp:featuredmedia":[{"embeddable":true,"href":"https:\/\/diarioelpopular.com\/index.php\/wp-json\/wp\/v2\/media\/524850"}],"wp:attachment":[{"href":"https:\/\/diarioelpopular.com\/index.php\/wp-json\/wp\/v2\/media?parent=524849"}],"wp:term":[{"taxonomy":"category","embeddable":true,"href":"https:\/\/diarioelpopular.com\/index.php\/wp-json\/wp\/v2\/categories?post=524849"},{"taxonomy":"post_tag","embeddable":true,"href":"https:\/\/diarioelpopular.com\/index.php\/wp-json\/wp\/v2\/tags?post=524849"}],"curies":[{"name":"wp","href":"https:\/\/api.w.org\/{rel}","templated":true}]}}