{"id":524853,"date":"2024-11-12T10:57:06","date_gmt":"2024-11-12T14:57:06","guid":{"rendered":"https:\/\/diarioelpopular.com\/?p=524853"},"modified":"2024-11-12T10:57:06","modified_gmt":"2024-11-12T14:57:06","slug":"un-19-de-menos-nieve-por-decada-el-brutal-derretimiento-de-los-andes-chilenos","status":"publish","type":"post","link":"https:\/\/diarioelpopular.com\/index.php\/2024\/11\/12\/un-19-de-menos-nieve-por-decada-el-brutal-derretimiento-de-los-andes-chilenos\/","title":{"rendered":"Un 19% de menos nieve por d\u00e9cada: el brutal derretimiento de los Andes chilenos"},"content":{"rendered":"<div id=\"attachment_524854\" style=\"width: 1210px\" class=\"wp-caption alignnone\"><img loading=\"lazy\" decoding=\"async\" aria-describedby=\"caption-attachment-524854\" class=\"wp-image-524854 size-custom-big-size\" src=\"https:\/\/diarioelpopular.com\/wp-content\/uploads\/2024\/11\/Screen-Shot-2024-11-12-at-9.56.27-AM-1200x801.png\" alt=\"\" width=\"1200\" height=\"801\" srcset=\"https:\/\/diarioelpopular.com\/wp-content\/uploads\/2024\/11\/Screen-Shot-2024-11-12-at-9.56.27-AM-1200x801.png 1200w, https:\/\/diarioelpopular.com\/wp-content\/uploads\/2024\/11\/Screen-Shot-2024-11-12-at-9.56.27-AM-300x200.png 300w, https:\/\/diarioelpopular.com\/wp-content\/uploads\/2024\/11\/Screen-Shot-2024-11-12-at-9.56.27-AM-768x513.png 768w, https:\/\/diarioelpopular.com\/wp-content\/uploads\/2024\/11\/Screen-Shot-2024-11-12-at-9.56.27-AM-636x425.png 636w, https:\/\/diarioelpopular.com\/wp-content\/uploads\/2024\/11\/Screen-Shot-2024-11-12-at-9.56.27-AM-109x73.png 109w, https:\/\/diarioelpopular.com\/wp-content\/uploads\/2024\/11\/Screen-Shot-2024-11-12-at-9.56.27-AM.png 1024w\" sizes=\"auto, (max-width: 1200px) 100vw, 1200px\" \/><p id=\"caption-attachment-524854\" class=\"wp-caption-text\">Santiago de Chile frente a la cordillera de Los Andes, en una fotograf\u00eda de archivo. Marcelo Hernandez (Getty Images)<\/p><\/div>\n<p>&nbsp;<\/p>\n<h4 class=\"a_st\"><em>&#8211; Los caudales de r\u00edos que alimentan a grandes poblaciones, como Santiago de Chile, han disminuido hasta en un 40% desde los a\u00f1os 80, seg\u00fan una investigaci\u00f3n publicada en \u2019Nature\u2019<\/em><\/h4>\n<p>&nbsp;<\/p>\n<p class=\"\">\u201cLos Andes est\u00e1n derriti\u00e9ndose a lo bestia\u201d. As\u00ed explica el climat\u00f3logo chileno\u00a0<a href=\"https:\/\/elpais.com\/america-futura\/2024-10-11\/sudamerica-cada-vez-mas-seca-mas-caliente-y-mas-inflamable.html\" data-link-track-dtm=\"\" data-mrf-link=\"https:\/\/elpais.com\/america-futura\/2024-10-11\/sudamerica-cada-vez-mas-seca-mas-caliente-y-mas-inflamable.html\">Ra\u00fal Cordero<\/a>\u00a0la alarmante evidencia que arroj\u00f3 un estudio en el que particip\u00f3. Extendi\u00e9ndose por m\u00e1s de 7.200 kil\u00f3metros, esta cadena monta\u00f1osa \u2014la m\u00e1s larga del mundo\u2014 est\u00e1 perdiendo el 19% de su cobertura de nieve por cada d\u00e9cada, lo que deja en evidencia la transformaci\u00f3n del ecosistema, e impacta negativamente los caudales de r\u00edos que abastecen a varias ciudades de Chile, incluyendo su capital, Santiago.<\/p>\n<p class=\"\">Al analizar lo que sucedi\u00f3 con la cobertura de hielo en 18 cuencas hidrogr\u00e1ficas ubicadas a lo largo de 1.100 kil\u00f3metros de los Andes chilenos entre los a\u00f1os 2001 y 2022, la constante fue que todas las \u00e1reas se est\u00e1n derritiendo, aunque algunas lo han hecho a un ritmo m\u00e1s alarmante. Si el promedio para la zona es de 19% por d\u00e9cada, en la cuenca de Mapocho la p\u00e9rdida es del 24%, en Aconcagua del 22% y en Maipo del 20%.<\/p>\n<p class=\"\">La investigaci\u00f3n, publicada en la revista\u00a0<a href=\"https:\/\/www.nature.com\/articles\/s41598-024-78014-0#:~:text=The%20decline%20in%20snow%20cover,index%20and%20remarkable%20dry%20spells.\" target=\"_blank\" rel=\"noopener\" data-link-track-dtm=\"\" data-mrf-link=\"https:\/\/www.nature.com\/articles\/s41598-024-78014-0#:~:text=The%20decline%20in%20snow%20cover,index%20and%20remarkable%20dry%20spells.\"><i>Nature<\/i><\/a>, utiliz\u00f3 informaci\u00f3n satelital para analizar la p\u00e9rdida de nieve, pero tambi\u00e9n observ\u00f3 c\u00f3mo esto afectaba el caudal de diez r\u00edos a partir de mediciones que existen en Chile desde principios de los a\u00f1os 80. El panorama no es ideal: \u201cEl caudal del Aconcagua es 60% m\u00e1s peque\u00f1o actualmente del que exist\u00eda en los 80\u2033, agrega Cordero. Mientras tanto, el del r\u00edo Maipo, que abastece en gran parte a la ciudad de Santiago de Chile, ha perdido su caudal en alrededor del 40%.<\/p>\n<p class=\"\">Todo, adem\u00e1s, tiene que ver con el<a href=\"https:\/\/elpais.com\/america-futura\/2024-10-09\/tras-el-mortal-helene-llega-milton-si-el-cambio-climatico-esta-cambiando-la-dinamica-de-los-huracanes.html\" data-link-track-dtm=\"\" data-mrf-link=\"https:\/\/elpais.com\/america-futura\/2024-10-09\/tras-el-mortal-helene-llega-milton-si-el-cambio-climatico-esta-cambiando-la-dinamica-de-los-huracanes.html\">\u00a0cambio clim\u00e1tico.<\/a>\u00a0Uno de los puntos m\u00e1s fascinantes del estudio es que encuentra que la\u00a0<a href=\"https:\/\/elpais.com\/america-futura\/2024-08-05\/el-hielo-que-se-pierde-los-glaciares-andinos-han-retrocedido-a-sus-niveles-mas-bajos-en-11700-anos.html\" data-link-track-dtm=\"\" data-mrf-link=\"https:\/\/elpais.com\/america-futura\/2024-08-05\/el-hielo-que-se-pierde-los-glaciares-andinos-han-retrocedido-a-sus-niveles-mas-bajos-en-11700-anos.html\">p\u00e9rdida de nieve<\/a>\u00a0en los Andes chilenos est\u00e1 relacionada con la oscilaci\u00f3n Ant\u00e1rtica. Es decir, con los patrones de viento procedentes de ese lugar. Cordero comenta que \u00faltimamente se ha observado un fortalecimiento de los vientos alrededor de esta regi\u00f3n del sur polar, lo que \u201creorganiza los vientos en buena parte del todo el hemisferio\u201d. \u201cEsa reorganizaci\u00f3n de vientos est\u00e1 asociada, a su vez, con una reorganizaci\u00f3n de los patrones de lluvia, en el que hay algunos ganadores y unos perdedores. Y Chile, particularmente en los Andes extratropicales, ha sido un perdedor\u201d. All\u00ed llueve y nieva menos.<\/p>\n<p>&nbsp;<\/p>\n<figure class=\"a_m a_m-h \">\n<p><div style=\"width: 424px\" class=\"wp-caption alignnone\"><img loading=\"lazy\" decoding=\"async\" class=\"_re lazyload a_m-h\" src=\"https:\/\/imagenes.elpais.com\/resizer\/v2\/DZ6MEGL35I5DPN22I7DS5FZK5M.jpg?auth=bcd1ca6de424b7a574860dc06a9f2555902b76329d9733ab836a321a63fd254e&amp;width=414\" sizes=\"auto, (min-width:1199px) 1155px,(min-width:1001px) calc(100vw - 44px),(min-width:768px) 767px, 100vw\" srcset=\"https:\/\/imagenes.elpais.com\/resizer\/v2\/DZ6MEGL35I5DPN22I7DS5FZK5M.jpg?auth=bcd1ca6de424b7a574860dc06a9f2555902b76329d9733ab836a321a63fd254e&amp;width=414 414w,https:\/\/imagenes.elpais.com\/resizer\/v2\/DZ6MEGL35I5DPN22I7DS5FZK5M.jpg?auth=bcd1ca6de424b7a574860dc06a9f2555902b76329d9733ab836a321a63fd254e&amp;width=828 640w,https:\/\/imagenes.elpais.com\/resizer\/v2\/DZ6MEGL35I5DPN22I7DS5FZK5M.jpg?auth=bcd1ca6de424b7a574860dc06a9f2555902b76329d9733ab836a321a63fd254e&amp;width=980 1000w,https:\/\/imagenes.elpais.com\/resizer\/v2\/DZ6MEGL35I5DPN22I7DS5FZK5M.jpg?auth=bcd1ca6de424b7a574860dc06a9f2555902b76329d9733ab836a321a63fd254e&amp;width=1960 1960w\" alt=\"Los glaciares est\u00e1n retrocediendo en todos los pa\u00edses andinos. En la imagen, los Andes en la frontera entre Chile y Argentina. \" width=\"414\" height=\"311\" \/><p class=\"wp-caption-text\">Los glaciares est\u00e1n retrocediendo en todos los pa\u00edses andinos. En la imagen, los Andes en la frontera entre Chile y Argentina.Fernando Moleres<\/p><\/div><figcaption class=\"a_m_p\"><\/figcaption><\/figure>\n<p>&nbsp;<\/p>\n<p class=\"\">El cambio en los patrones de los vientos del \u00c1rtico, recuerda el climat\u00f3logo, es algo que ya otros estudios han asociado con el cambio clim\u00e1tico. Aunque el fen\u00f3meno de El Ni\u00f1o y la Ni\u00f1a siguen estando detr\u00e1s de la variabilidad interanual de las lluvias y la nieve en los Andes, es e<a href=\"https:\/\/elpais.com\/america-futura\/2024-06-16\/las-guerras-del-agua-cinco-frentes-que-el-cambio-climatico-abre-en-america-latina.html\" data-link-track-dtm=\"\" data-mrf-link=\"https:\/\/elpais.com\/america-futura\/2024-06-16\/las-guerras-del-agua-cinco-frentes-que-el-cambio-climatico-abre-en-america-latina.html\">l cambio clim\u00e1tico<\/a>\u00a0el que explica la tendencia del derretimiento de nieve y las pocas lluvias.<\/p>\n<p class=\"\">Se trata de una p\u00e9rdida de glaciares gigantesca que tiene innumerables efectos domino. \u201cAl igual que otros impactos relacionados con el clima, el creciente estr\u00e9s h\u00eddrico afecta desproporcionadamente a las poblaciones rurales vulnerables y a las minor\u00edas. La sequ\u00eda de los r\u00edos en los Andes extratropicales est\u00e1 amenazando seriamente a las comunidades rurales, a menudo ind\u00edgenas, provocando migraciones y despoblaci\u00f3n, especialmente en la parte m\u00e1s septentrional de nuestra zona de an\u00e1lisis\u201d, dice el estudio.<\/p>\n<p class=\"\">Adem\u00e1s, como sucede a nivel global, la p\u00e9rdida de nieve en los Andes es un bucle de retroalimentaci\u00f3n que hace m\u00e1s dr\u00e1stico el cambio clim\u00e1tico. Menos nieve implica que hay mayores superficies m\u00e1s oscuras que absorben la energ\u00eda y calientan m\u00e1s el ambiente. Lo que, paralelamente, hace que m\u00e1s nieve se derrita. Como si fuera poco, igualmente se espera que los vientos ant\u00e1rticos se fortalezcan durante el siglo XXI por un elevado aumento de la temperatura media global. \u201cEsto \u2013 dice la investigaci\u00f3n \u2013 podr\u00eda provocar una mayor p\u00e9rdida de la capa de nueve en Chile central en el futuro\u201d.<\/p>\n","protected":false},"excerpt":{"rendered":"<p>&nbsp; &#8211; Los caudales de r\u00edos que alimentan a grandes poblaciones, como Santiago de Chile, han disminuido hasta en un 40% desde los a\u00f1os 80,&hellip;<\/p>\n","protected":false},"author":99,"featured_media":524854,"comment_status":"open","ping_status":"open","sticky":false,"template":"","format":"standard","meta":{"footnotes":""},"categories":[23],"tags":[],"class_list":["post-524853","post","type-post","status-publish","format-standard","has-post-thumbnail","hentry","category-latinoamerica"],"_links":{"self":[{"href":"https:\/\/diarioelpopular.com\/index.php\/wp-json\/wp\/v2\/posts\/524853","targetHints":{"allow":["GET"]}}],"collection":[{"href":"https:\/\/diarioelpopular.com\/index.php\/wp-json\/wp\/v2\/posts"}],"about":[{"href":"https:\/\/diarioelpopular.com\/index.php\/wp-json\/wp\/v2\/types\/post"}],"author":[{"embeddable":true,"href":"https:\/\/diarioelpopular.com\/index.php\/wp-json\/wp\/v2\/users\/99"}],"replies":[{"embeddable":true,"href":"https:\/\/diarioelpopular.com\/index.php\/wp-json\/wp\/v2\/comments?post=524853"}],"version-history":[{"count":1,"href":"https:\/\/diarioelpopular.com\/index.php\/wp-json\/wp\/v2\/posts\/524853\/revisions"}],"predecessor-version":[{"id":524855,"href":"https:\/\/diarioelpopular.com\/index.php\/wp-json\/wp\/v2\/posts\/524853\/revisions\/524855"}],"wp:featuredmedia":[{"embeddable":true,"href":"https:\/\/diarioelpopular.com\/index.php\/wp-json\/wp\/v2\/media\/524854"}],"wp:attachment":[{"href":"https:\/\/diarioelpopular.com\/index.php\/wp-json\/wp\/v2\/media?parent=524853"}],"wp:term":[{"taxonomy":"category","embeddable":true,"href":"https:\/\/diarioelpopular.com\/index.php\/wp-json\/wp\/v2\/categories?post=524853"},{"taxonomy":"post_tag","embeddable":true,"href":"https:\/\/diarioelpopular.com\/index.php\/wp-json\/wp\/v2\/tags?post=524853"}],"curies":[{"name":"wp","href":"https:\/\/api.w.org\/{rel}","templated":true}]}}