{"id":524856,"date":"2024-11-12T11:00:52","date_gmt":"2024-11-12T15:00:52","guid":{"rendered":"https:\/\/diarioelpopular.com\/?p=524856"},"modified":"2024-11-12T11:00:52","modified_gmt":"2024-11-12T15:00:52","slug":"el-impacto-economico-de-la-delincuencia-alcanza-el-3-4-del-pib-de-america-latina","status":"publish","type":"post","link":"https:\/\/diarioelpopular.com\/index.php\/2024\/11\/12\/el-impacto-economico-de-la-delincuencia-alcanza-el-3-4-del-pib-de-america-latina\/","title":{"rendered":"El impacto econ\u00f3mico de la delincuencia alcanza el 3,4% del PIB de Am\u00e9rica Latina"},"content":{"rendered":"<div id=\"attachment_524857\" style=\"width: 1210px\" class=\"wp-caption alignnone\"><img loading=\"lazy\" decoding=\"async\" aria-describedby=\"caption-attachment-524857\" class=\"wp-image-524857 size-custom-big-size\" src=\"https:\/\/diarioelpopular.com\/wp-content\/uploads\/2024\/11\/Screen-Shot-2024-11-12-at-9.59.33-AM-1200x803.png\" alt=\"\" width=\"1200\" height=\"803\" srcset=\"https:\/\/diarioelpopular.com\/wp-content\/uploads\/2024\/11\/Screen-Shot-2024-11-12-at-9.59.33-AM-1200x803.png 1200w, https:\/\/diarioelpopular.com\/wp-content\/uploads\/2024\/11\/Screen-Shot-2024-11-12-at-9.59.33-AM-300x201.png 300w, https:\/\/diarioelpopular.com\/wp-content\/uploads\/2024\/11\/Screen-Shot-2024-11-12-at-9.59.33-AM-768x514.png 768w, https:\/\/diarioelpopular.com\/wp-content\/uploads\/2024\/11\/Screen-Shot-2024-11-12-at-9.59.33-AM-636x426.png 636w, https:\/\/diarioelpopular.com\/wp-content\/uploads\/2024\/11\/Screen-Shot-2024-11-12-at-9.59.33-AM-80x55.png 80w, https:\/\/diarioelpopular.com\/wp-content\/uploads\/2024\/11\/Screen-Shot-2024-11-12-at-9.59.33-AM-109x73.png 109w, https:\/\/diarioelpopular.com\/wp-content\/uploads\/2024\/11\/Screen-Shot-2024-11-12-at-9.59.33-AM.png 1024w\" sizes=\"auto, (max-width: 1200px) 100vw, 1200px\" \/><p id=\"caption-attachment-524857\" class=\"wp-caption-text\">Miembros de la polic\u00eda militar durante un operativo en Complexo da Mare, en una de las favelas m\u00e1s conflictivas de R\u00edo de Janeiro, Brasil. Buda Mendes (Getty Images)<\/p><\/div>\n<p>&nbsp;<\/p>\n<h4 class=\"a_st\"><em>&#8211; El FMI y el BID publican dos investigaciones sobre los costos directos del crimen en la regi\u00f3n, donde se concentra un tercio de los homicidios ejecutados en el mundo<\/em><\/h4>\n<p>&nbsp;<\/p>\n<p class=\"\">Am\u00e9rica Latina y el Caribe, con s\u00f3lo el 8% de la poblaci\u00f3n mundial,\u00a0<a href=\"https:\/\/elpais.com\/america\/cumbre-bid\/2024-03-08\/seguridad-en-america-latina-los-desafios-para-dejar-de-ser-la-region-con-la-principal-tasa-de-homicidios-en-el-mundo.html\" data-link-track-dtm=\"\" data-mrf-link=\"https:\/\/elpais.com\/america\/cumbre-bid\/2024-03-08\/seguridad-en-america-latina-los-desafios-para-dejar-de-ser-la-region-con-la-principal-tasa-de-homicidios-en-el-mundo.html\">representan un tercio de los homicidios que se cometen en el mundo<\/a>, seg\u00fan un informe publicado este lunes por el Fondo Monetario Internacional (FMI). La violencia y la inseguridad,\u00a0<a href=\"https:\/\/elpais.com\/chile\/2024-10-21\/los-ciudadanos-de-ecuador-costa-rica-chile-y-uruguay-se-abren-a-la-mano-dura-para-combatir-las-crisis-de-seguridad.html\" data-link-track-dtm=\"\" data-mrf-link=\"https:\/\/elpais.com\/chile\/2024-10-21\/los-ciudadanos-de-ecuador-costa-rica-chile-y-uruguay-se-abren-a-la-mano-dura-para-combatir-las-crisis-de-seguridad.html\">la principal preocupaci\u00f3n de los habitantes de la regi\u00f3n<\/a>, no s\u00f3lo provocan p\u00e9rdidas de vida; tambi\u00e9n merman la econom\u00eda ya que impacta la inversi\u00f3n, la productividad y el crecimiento, al tiempo que\u00a0<a href=\"https:\/\/elpais.com\/us\/2024-09-05\/el-crimen-y-la-violencia-debilitan-la-credibilidad-en-la-democracia-en-america-latina.html\" data-link-track-dtm=\"\" data-mrf-link=\"https:\/\/elpais.com\/us\/2024-09-05\/el-crimen-y-la-violencia-debilitan-la-credibilidad-en-la-democracia-en-america-latina.html\">deteriora la confianza en las instituciones<\/a>. Los costos directos de la delincuencia alcanzan el 3,4% del PIB de Latinoam\u00e9rica, lo que equivale al 78% del presupuesto p\u00fablico para educaci\u00f3n, al doble de lo destinado a asistencia social y a 12 veces del gasto en investigaci\u00f3n y desarrollo, arroja un informe del Banco Interamericano de Desarrollo (BID), tambi\u00e9n lanzado este lunes.<\/p>\n<p class=\"\">Cada acto de violencia genera un efecto domin\u00f3 que impacta m\u00e1s all\u00e1 de las v\u00edctimas, trastocando la vida de comunidades enteras, desde la actividad tur\u00edstica o la migraci\u00f3n, hasta la productividad empresarial.\u00a0<a href=\"https:\/\/elpais.com\/chile\/2024-01-13\/america-latina-2024-la-amenaza-del-crimen-organizado.html\" data-link-track-dtm=\"\" data-mrf-link=\"https:\/\/elpais.com\/chile\/2024-01-13\/america-latina-2024-la-amenaza-del-crimen-organizado.html\">Ocho de los diez pa\u00edses m\u00e1s violentos del mundo son de Am\u00e9rica Latina<\/a>, aunque las cifras de violencia son heterog\u00e9neas. En 2023, las tasas de homicidios superaron los 30 por 100.000 habitantes en varios pa\u00edses del Caribe,\u00a0<a href=\"https:\/\/elpais.com\/chile\/2024-07-21\/la-crisis-de-seguridad-agudizada-por-una-ola-crimenes-pone-a-prueba-a-la-clase-politica-chilena.html\" data-link-track-dtm=\"\" data-mrf-link=\"https:\/\/elpais.com\/chile\/2024-07-21\/la-crisis-de-seguridad-agudizada-por-una-ola-crimenes-pone-a-prueba-a-la-clase-politica-chilena.html\">pero fueron inferiores a 10 por 100.000 en Chile\u00a0<\/a>y Per\u00fa, por ejemplo. Brasil, Colombia y M\u00e9xico, donde vive alrededor del 60% de la poblaci\u00f3n de la regi\u00f3n, concentran el 70% de los homicidios.<\/p>\n<p class=\"\">El estudio del BID titulado\u00a0<i>Los costos del crimen y la violencia: ampliaci\u00f3n y actualizaci\u00f3n de estimaciones para Am\u00e9rica Latina y el Caribe<\/i>\u00a0arroja que el gasto p\u00fablico para responder y prevenir el crimen promediaron entre 3 y 3,5% del PIB en 17 pa\u00edses de la regi\u00f3n en 2014. El c\u00e1lculo del costo directo considera tres \u00e1reas: p\u00e9rdida de capital humano (tiempo productivo perdido por delitos no letales, homicidios y encarcelamientos), equivalente al 22%; el gasto de las empresas privadas en mitigaci\u00f3n, un 47%; y el gasto p\u00fablico en prevenci\u00f3n del crimen y justicia penal, que representa un 31%.<\/p>\n<p class=\"\"><a href=\"https:\/\/elpais.com\/mexico\/2023-05-12\/mexico-esta-entre-los-10-paises-con-mas-cibercrimenes-en-el-mundo.html\" data-link-track-dtm=\"\" data-mrf-link=\"https:\/\/elpais.com\/mexico\/2023-05-12\/mexico-esta-entre-los-10-paises-con-mas-cibercrimenes-en-el-mundo.html\">Las din\u00e1micas emergentes, como el cibercrimen<\/a>, y las m\u00e1s complejas, como el crimen organizado, plantean desaf\u00edos que \u201cest\u00e1n evolucionando de manera preocupante\u201d, advierte el informe del BID. Los grupos criminales organizados, que cometen la mitad de los homicidios en las Am\u00e9ricas, est\u00e1n aumentando su presencia e influencia, especialmente en las ciudades y territorios cercanos a puertos y rutas comerciales o zonas de industrializaci\u00f3n.<\/p>\n<p>&nbsp;<\/p>\n<figure class=\"a_m a_m-h \">\n<p><div style=\"width: 424px\" class=\"wp-caption alignnone\"><img loading=\"lazy\" decoding=\"async\" class=\"_re lazyload a_m-h\" src=\"https:\/\/imagenes.elpais.com\/resizer\/v2\/SE4ZNNJT4N7YWGF34YD7KO2AGQ.jpg?auth=db268091d0b6275d60715bbe5102f85b8742dc9804404ad55035dfbd5a4241c4&amp;width=414\" sizes=\"auto, (min-width:1199px) 1155px,(min-width:1001px) calc(100vw - 44px),(min-width:768px) 767px, 100vw\" srcset=\"https:\/\/imagenes.elpais.com\/resizer\/v2\/SE4ZNNJT4N7YWGF34YD7KO2AGQ.jpg?auth=db268091d0b6275d60715bbe5102f85b8742dc9804404ad55035dfbd5a4241c4&amp;width=414 414w,https:\/\/imagenes.elpais.com\/resizer\/v2\/SE4ZNNJT4N7YWGF34YD7KO2AGQ.jpg?auth=db268091d0b6275d60715bbe5102f85b8742dc9804404ad55035dfbd5a4241c4&amp;width=828 640w,https:\/\/imagenes.elpais.com\/resizer\/v2\/SE4ZNNJT4N7YWGF34YD7KO2AGQ.jpg?auth=db268091d0b6275d60715bbe5102f85b8742dc9804404ad55035dfbd5a4241c4&amp;width=980 1000w,https:\/\/imagenes.elpais.com\/resizer\/v2\/SE4ZNNJT4N7YWGF34YD7KO2AGQ.jpg?auth=db268091d0b6275d60715bbe5102f85b8742dc9804404ad55035dfbd5a4241c4&amp;width=1960 1960w\" alt=\"Miembros del Ej\u00e9rcito mexicano acuden al sitio donde se encontraron los cuerpos de hombres ejecutados, en el estado de Sinaloa, en octubre pasado. \" width=\"414\" height=\"277\" \/><p class=\"wp-caption-text\">Miembros del Ej\u00e9rcito mexicano acuden al sitio donde se encontraron los cuerpos de hombres ejecutados, en el estado de Sinaloa, en octubre pasado.Jesus Bustamante (Reuters)<\/p><\/div><figcaption class=\"a_m_p\"><\/figcaption><\/figure>\n<p>&nbsp;<\/p>\n<p class=\"\">El BID busca impulsar pol\u00edticas p\u00fablicas como el fortalecimiento las instituciones para mejorar la eficiencia del gasto en seguridad, centrarse en intervenciones basadas en evidencia y vigorizar los sistemas de justicia a trav\u00e9s de la Alianza para la Seguridad, la Justicia y el Desarrollo, una iniciativa que se presentar\u00e1 en la\u00a0<a href=\"https:\/\/elpais.com\/america\/2024-08-20\/america-latina-busca-en-la-cumbre-latinoamericana-de-seguridad-cortar-el-oxigeno-al-crimen-organizado.html\" data-link-track-dtm=\"\" data-mrf-link=\"https:\/\/elpais.com\/america\/2024-08-20\/america-latina-busca-en-la-cumbre-latinoamericana-de-seguridad-cortar-el-oxigeno-al-crimen-organizado.html\">Cumbre Regional de Seguridad y Justicia<\/a>\u00a0de diciembre. La instancia pretende facilitar la coordinaci\u00f3n regional para la implementaci\u00f3n de las medidas y promover la movilizaci\u00f3n de recursos.<\/p>\n<p class=\"\">El 30% identifica el crimen y la inseguridad como el principal desaf\u00edo que enfrentan sus pa\u00edses, por debajo de los niveles m\u00e1ximos registrados en la d\u00e9cada de 2010, pero la preocupaci\u00f3n est\u00e1 al alza desde la pandemia, seg\u00fan el informe del FMI. El aumento de la inflaci\u00f3n por encima del 10%, ejemplifica el estudio, est\u00e1 vinculado con un incremento del 10% en los homicidios al a\u00f1o siguiente. A nivel municipal, un aumento del 10% en los homicidios reduce la actividad econ\u00f3mica alrededor de un 4%. Esto implica que reducir a la mitad las tasas de homicidio podr\u00eda impulsar la actividad a nivel local en un 30%.<\/p>\n<p class=\"\">El gasto en orden y seguridad p\u00fablica en la regi\u00f3n promedian alrededor del 1,9% del PIB, lo que es significativo, aunque tiende a no reaccionar ante los cambios en la delincuencia, se\u00f1ala el informe. Mientras El Salvador ha mostrado mejoras significativas, la tasa de homicidios en Ecuador aument\u00f3 de 5,7 por 100.000 personas en 2018 a 45,1 en 2023, convirti\u00e9ndolo en el pa\u00eds m\u00e1s violento de Am\u00e9rica del Sur. La expansi\u00f3n de la migraci\u00f3n y las pandillas tambi\u00e9n est\u00e1n impactando a los vecinos. Las que se propagan desde Venezuela, por ejemplo, se han relacionado con<a href=\"https:\/\/elpais.com\/chile\/2024-02-13\/la-policia-chilena-lograr-rescatar-a-dos-personas-que-estuvieron-secuestradas-por-30-horas.html\" data-link-track-dtm=\"\" data-mrf-link=\"https:\/\/elpais.com\/chile\/2024-02-13\/la-policia-chilena-lograr-rescatar-a-dos-personas-que-estuvieron-secuestradas-por-30-horas.html\">\u00a0un aumento de los secuestros<\/a>\u00a0y homicidios en Chile. Los migrantes tambi\u00e9n impulsaron el aumento del crimen en Colombia cerca de la frontera.<\/p>\n<p class=\"\">El FMI investig\u00f3 que reducir la tasa de homicidios en Am\u00e9rica Latina al promedio mundial (disminuir un 60%) aumentar\u00eda el crecimiento anual en un 0,5%, lo que implicar\u00eda ganancias del 5% del PIB en 10 a\u00f1os. El an\u00e1lisis sugiere que disminuirlos solo aumentando el gasto en orden p\u00fablico y seguridad probablemente resulte costoso, por lo que se requiere un enfoque m\u00e1s integrado, que mejore la eficacia de los fondos e incluya inversiones sociales para abordar problemas de larga data, como el acceso al trabajo y mejoras en el Estado de derecho.<\/p>\n<p class=\"\">Las tasas de asesinato son m\u00e1s altas donde hay una mayor proporci\u00f3n de habitantes que no ha completado la escuela, donde hay m\u00e1s j\u00f3venes, y en \u00e1reas urbanas. El estudio revela la importancia de oportunidades econ\u00f3micas para los j\u00f3venes, especialmente mejorando el acceso a la educaci\u00f3n y la prestaci\u00f3n de servicios en zonas desatendidas. Las pol\u00edticas econ\u00f3micas tambi\u00e9n pueden mitigar el costo, especialmente mejorando la coordinaci\u00f3n de pol\u00edticas en todos los niveles de gobierno. Se debe \u201cconsiderar seriamente\u201d una plataforma regional para apoyar la recopilaci\u00f3n, el intercambio y el an\u00e1lisis de datos, concluye el estudio, as\u00ed como la difusi\u00f3n de mejores pr\u00e1cticas sobre respuestas efectivas de pol\u00edticas econ\u00f3micas y de seguridad.<\/p>\n","protected":false},"excerpt":{"rendered":"<p>&nbsp; &#8211; El FMI y el BID publican dos investigaciones sobre los costos directos del crimen en la regi\u00f3n, donde se concentra un tercio de&hellip;<\/p>\n","protected":false},"author":99,"featured_media":524857,"comment_status":"open","ping_status":"open","sticky":false,"template":"","format":"standard","meta":{"footnotes":""},"categories":[23],"tags":[],"class_list":["post-524856","post","type-post","status-publish","format-standard","has-post-thumbnail","hentry","category-latinoamerica"],"_links":{"self":[{"href":"https:\/\/diarioelpopular.com\/index.php\/wp-json\/wp\/v2\/posts\/524856","targetHints":{"allow":["GET"]}}],"collection":[{"href":"https:\/\/diarioelpopular.com\/index.php\/wp-json\/wp\/v2\/posts"}],"about":[{"href":"https:\/\/diarioelpopular.com\/index.php\/wp-json\/wp\/v2\/types\/post"}],"author":[{"embeddable":true,"href":"https:\/\/diarioelpopular.com\/index.php\/wp-json\/wp\/v2\/users\/99"}],"replies":[{"embeddable":true,"href":"https:\/\/diarioelpopular.com\/index.php\/wp-json\/wp\/v2\/comments?post=524856"}],"version-history":[{"count":1,"href":"https:\/\/diarioelpopular.com\/index.php\/wp-json\/wp\/v2\/posts\/524856\/revisions"}],"predecessor-version":[{"id":524858,"href":"https:\/\/diarioelpopular.com\/index.php\/wp-json\/wp\/v2\/posts\/524856\/revisions\/524858"}],"wp:featuredmedia":[{"embeddable":true,"href":"https:\/\/diarioelpopular.com\/index.php\/wp-json\/wp\/v2\/media\/524857"}],"wp:attachment":[{"href":"https:\/\/diarioelpopular.com\/index.php\/wp-json\/wp\/v2\/media?parent=524856"}],"wp:term":[{"taxonomy":"category","embeddable":true,"href":"https:\/\/diarioelpopular.com\/index.php\/wp-json\/wp\/v2\/categories?post=524856"},{"taxonomy":"post_tag","embeddable":true,"href":"https:\/\/diarioelpopular.com\/index.php\/wp-json\/wp\/v2\/tags?post=524856"}],"curies":[{"name":"wp","href":"https:\/\/api.w.org\/{rel}","templated":true}]}}