{"id":524883,"date":"2024-11-13T10:41:04","date_gmt":"2024-11-13T14:41:04","guid":{"rendered":"https:\/\/diarioelpopular.com\/?p=524883"},"modified":"2024-11-13T10:41:04","modified_gmt":"2024-11-13T14:41:04","slug":"confirman-la-condena-contra-la-expresidenta-argentina-cristina-fernandez-de-kirchner-pasara-seis-anos-en-prision-y-no-podra-volver-a-ejercer-cargos-publicos","status":"publish","type":"post","link":"https:\/\/diarioelpopular.com\/index.php\/2024\/11\/13\/confirman-la-condena-contra-la-expresidenta-argentina-cristina-fernandez-de-kirchner-pasara-seis-anos-en-prision-y-no-podra-volver-a-ejercer-cargos-publicos\/","title":{"rendered":"Confirman la condena contra la expresidenta argentina Cristina Fern\u00e1ndez de Kirchner: pasar\u00e1 seis a\u00f1os en prisi\u00f3n y no podr\u00e1 volver a ejercer cargos p\u00fablicos"},"content":{"rendered":"<div id=\"attachment_524885\" style=\"width: 646px\" class=\"wp-caption alignnone\"><img loading=\"lazy\" decoding=\"async\" aria-describedby=\"caption-attachment-524885\" class=\"wp-image-524885 size-custom-full-size\" src=\"https:\/\/diarioelpopular.com\/wp-content\/uploads\/2024\/11\/Screen-Shot-2024-11-13-at-9.39.51-AM-636x369.png\" alt=\"\" width=\"636\" height=\"369\" srcset=\"https:\/\/diarioelpopular.com\/wp-content\/uploads\/2024\/11\/Screen-Shot-2024-11-13-at-9.39.51-AM-636x369.png 636w, https:\/\/diarioelpopular.com\/wp-content\/uploads\/2024\/11\/Screen-Shot-2024-11-13-at-9.39.51-AM-300x174.png 300w, https:\/\/diarioelpopular.com\/wp-content\/uploads\/2024\/11\/Screen-Shot-2024-11-13-at-9.39.51-AM-768x446.png 768w, https:\/\/diarioelpopular.com\/wp-content\/uploads\/2024\/11\/Screen-Shot-2024-11-13-at-9.39.51-AM-1200x696.png 1200w, https:\/\/diarioelpopular.com\/wp-content\/uploads\/2024\/11\/Screen-Shot-2024-11-13-at-9.39.51-AM-126x73.png 126w, https:\/\/diarioelpopular.com\/wp-content\/uploads\/2024\/11\/Screen-Shot-2024-11-13-at-9.39.51-AM.png 1024w\" sizes=\"auto, (max-width: 636px) 100vw, 636px\" \/><p id=\"caption-attachment-524885\" class=\"wp-caption-text\">Finalmente va a la cana (c\u00e1rcel) por corrupta<\/p><\/div>\n<p>&nbsp;<\/p>\n<h4><em>&#8211; La exmandataria entre 2007 y 2015 fue hallada culpable en 2022 en un caso de corrupci\u00f3n por irregularidades en obras viales.<\/em><\/h4>\n<p>&nbsp;<\/p>\n<div class=\"paragraph\">La C\u00e1mara Federal de Casaci\u00f3n Penal argentina\u00a0confirm\u00f3 este mi\u00e9rcoles la condena de seis a\u00f1os de prisi\u00f3n e &#8220;inhabilitaci\u00f3n perpetua para ejercer cargos p\u00fablicos&#8221;\u00a0a la expresidente argentina Cristina Fern\u00e1ndez (2007-2015) en un caso por irregularidades en obras viales.<\/div>\n<div><\/div>\n<div>El Tribunal Oral Federal 2\u00a0hab\u00eda condenado en diciembre de 2022 a Fern\u00e1ndez por el delito de administraci\u00f3n fraudulentade fondos p\u00fablicos por la causa conocida como &#8220;Vialidad&#8221;, en la que se investigaron m\u00faltiples irregularidades en la concesi\u00f3n de 51 obras viales a firmas del empresario L\u00e1zaro B\u00e1ez durante el Gobierno del fallecido N\u00e9stor Kirchner (2003-2007) y el de su esposa y sucesora Cristina Fern\u00e1ndez en la austral provincia de Santa Cruz, cuna pol\u00edtica del kirchnerismo.<\/div>\n<div id=\"contenido-meter-piano\" class=\"contenido-meter-piano\"><\/div>\n<div id=\"contenido-cerrado-piano\" class=\"contenido-cerrado-piano\"><\/div>\n<div class=\"the-trust-project\">\n<div class=\"c-title c-title--section-grey \">\n<div class=\"c-title__name\"><\/div>\n<\/div>\n<\/div>\n","protected":false},"excerpt":{"rendered":"<p>&nbsp; &#8211; La exmandataria entre 2007 y 2015 fue hallada culpable en 2022 en un caso de corrupci\u00f3n por irregularidades en obras viales. &nbsp; La&hellip;<\/p>\n","protected":false},"author":99,"featured_media":524885,"comment_status":"open","ping_status":"open","sticky":false,"template":"","format":"standard","meta":{"footnotes":""},"categories":[23],"tags":[],"class_list":["post-524883","post","type-post","status-publish","format-standard","has-post-thumbnail","hentry","category-latinoamerica"],"_links":{"self":[{"href":"https:\/\/diarioelpopular.com\/index.php\/wp-json\/wp\/v2\/posts\/524883","targetHints":{"allow":["GET"]}}],"collection":[{"href":"https:\/\/diarioelpopular.com\/index.php\/wp-json\/wp\/v2\/posts"}],"about":[{"href":"https:\/\/diarioelpopular.com\/index.php\/wp-json\/wp\/v2\/types\/post"}],"author":[{"embeddable":true,"href":"https:\/\/diarioelpopular.com\/index.php\/wp-json\/wp\/v2\/users\/99"}],"replies":[{"embeddable":true,"href":"https:\/\/diarioelpopular.com\/index.php\/wp-json\/wp\/v2\/comments?post=524883"}],"version-history":[{"count":1,"href":"https:\/\/diarioelpopular.com\/index.php\/wp-json\/wp\/v2\/posts\/524883\/revisions"}],"predecessor-version":[{"id":524886,"href":"https:\/\/diarioelpopular.com\/index.php\/wp-json\/wp\/v2\/posts\/524883\/revisions\/524886"}],"wp:featuredmedia":[{"embeddable":true,"href":"https:\/\/diarioelpopular.com\/index.php\/wp-json\/wp\/v2\/media\/524885"}],"wp:attachment":[{"href":"https:\/\/diarioelpopular.com\/index.php\/wp-json\/wp\/v2\/media?parent=524883"}],"wp:term":[{"taxonomy":"category","embeddable":true,"href":"https:\/\/diarioelpopular.com\/index.php\/wp-json\/wp\/v2\/categories?post=524883"},{"taxonomy":"post_tag","embeddable":true,"href":"https:\/\/diarioelpopular.com\/index.php\/wp-json\/wp\/v2\/tags?post=524883"}],"curies":[{"name":"wp","href":"https:\/\/api.w.org\/{rel}","templated":true}]}}