{"id":524913,"date":"2024-11-14T09:17:46","date_gmt":"2024-11-14T13:17:46","guid":{"rendered":"https:\/\/diarioelpopular.com\/?p=524913"},"modified":"2024-11-14T09:17:46","modified_gmt":"2024-11-14T13:17:46","slug":"veronica-abad-vicepresidente-de-ecuador-noboa-perdio-el-horizonte-es-un-totalitario","status":"publish","type":"post","link":"https:\/\/diarioelpopular.com\/index.php\/2024\/11\/14\/veronica-abad-vicepresidente-de-ecuador-noboa-perdio-el-horizonte-es-un-totalitario\/","title":{"rendered":"Ver\u00f3nica Abad, vicepresidente de Ecuador: \u201cNoboa perdi\u00f3 el horizonte, es un totalitario\u201d"},"content":{"rendered":"<div id=\"attachment_524914\" style=\"width: 1210px\" class=\"wp-caption alignnone\"><img loading=\"lazy\" decoding=\"async\" aria-describedby=\"caption-attachment-524914\" class=\"wp-image-524914 size-custom-big-size\" src=\"https:\/\/diarioelpopular.com\/wp-content\/uploads\/2024\/11\/Screen-Shot-2024-11-14-at-8.16.39-AM-1200x720.png\" alt=\"\" width=\"1200\" height=\"720\" srcset=\"https:\/\/diarioelpopular.com\/wp-content\/uploads\/2024\/11\/Screen-Shot-2024-11-14-at-8.16.39-AM-1200x720.png 1200w, https:\/\/diarioelpopular.com\/wp-content\/uploads\/2024\/11\/Screen-Shot-2024-11-14-at-8.16.39-AM-300x180.png 300w, https:\/\/diarioelpopular.com\/wp-content\/uploads\/2024\/11\/Screen-Shot-2024-11-14-at-8.16.39-AM-768x461.png 768w, https:\/\/diarioelpopular.com\/wp-content\/uploads\/2024\/11\/Screen-Shot-2024-11-14-at-8.16.39-AM-636x381.png 636w, https:\/\/diarioelpopular.com\/wp-content\/uploads\/2024\/11\/Screen-Shot-2024-11-14-at-8.16.39-AM-122x73.png 122w, https:\/\/diarioelpopular.com\/wp-content\/uploads\/2024\/11\/Screen-Shot-2024-11-14-at-8.16.39-AM.png 1024w\" sizes=\"auto, (max-width: 1200px) 100vw, 1200px\" \/><p id=\"caption-attachment-524914\" class=\"wp-caption-text\">La vicepresidenta de Ecuador, Ver\u00f3nica Abad, en 2023. Diego Alban (Getty Images)<\/p><\/div>\n<p>&nbsp;<\/p>\n<p>&nbsp;<\/p>\n<h4 class=\"a_st\"><em>&#8211; La dirigente analiza en entrevista con el diario espa\u00f1ol EL PA\u00cdS los recursos presentados ante la justicia y la CIDH contra la suspensi\u00f3n por \u201cabandono injustificado del cargo\u201d ordenada por el Gobierno para evitar que releve al mandatario durante la campa\u00f1a<\/em><\/h4>\n<p>&nbsp;<\/p>\n<p class=\"\">La vicepresidente de Ecuador, Ver\u00f3nica Abad, alista sus maletas para regresar a su pa\u00eds despu\u00e9s de casi un a\u00f1o de haber sido confinada en el exterior como \u201cembajadora de paz\u201d, con la misi\u00f3n de\u00a0<a href=\"https:\/\/elpais.com\/america\/2023-11-29\/noboa-toma-su-primera-medida-presidencial-rompe-con-su-vicepresidenta-y-la-envia-a-israel.html\" data-link-track-dtm=\"\" data-mrf-link=\"https:\/\/elpais.com\/america\/2023-11-29\/noboa-toma-su-primera-medida-presidencial-rompe-con-su-vicepresidenta-y-la-envia-a-israel.html\">\u201cmediar\u201d en el conflicto entre Israel y Palestina.<\/a>\u00a0Hace apenas cuatro d\u00edas\u00a0<a href=\"https:\/\/elpais.com\/america\/2024-11-11\/noboa-echa-a-su-vicepresidenta-y-tiene-el-camino-libre-para-hacer-campana-en-2025.html\" data-link-track-dtm=\"\" data-mrf-link=\"https:\/\/elpais.com\/america\/2024-11-11\/noboa-echa-a-su-vicepresidenta-y-tiene-el-camino-libre-para-hacer-campana-en-2025.html\">fue apartada del Gobierno<\/a>\u00a0mediante una jugada pol\u00edtica y jur\u00eddica sin precedentes. El Ministerio de Trabajo la sancion\u00f3 con 150 d\u00edas de suspensi\u00f3n por \u201cabandono injustificado del cargo\u201d, una figura jur\u00eddica que no se aplica a su situaci\u00f3n, dado que es una funcionaria de elecci\u00f3n popular. Adem\u00e1s, el reglamento invocado por la ministra de Trabajo no establece una sanci\u00f3n de cinco meses, sino de un m\u00e1ximo de 30 d\u00edas.<\/p>\n<p class=\"\">El Gobierno,\u00a0<a href=\"https:\/\/elpais.com\/america\/2024-05-19\/veronica-abad-la-vicepresidenta-de-ecuador-enfrentada-a-noboa-temo-por-mi-vida-sufrir-un-atentado.html\" data-link-track-dtm=\"\" data-mrf-link=\"https:\/\/elpais.com\/america\/2024-05-19\/veronica-abad-la-vicepresidenta-de-ecuador-enfrentada-a-noboa-temo-por-mi-vida-sufrir-un-atentado.html\">que previamente hab\u00eda declarado a Abad una \u201cenemiga pol\u00edtica\u201d<\/a>, busca evitar que Abad asuma la presidencia cuando el mandatario, Daniel Noboa, tenga que dejar el cargo en enero para hacer campa\u00f1a y presentarse a las elecciones del 9 de febrero. El procedimiento administrativo iniciado por el Ministerio de Trabajo se activ\u00f3 tras la \u00faltima orden de la Canciller\u00eda, que decidi\u00f3 trasladarla de Tel Aviv a Ankara, presuntamente para protegerla ante la escalada de violencia en Israel.\u00a0<a href=\"https:\/\/elpais.com\/america\/2024-09-10\/la-vicepresidenta-de-ecuador-veronica-abad-tras-ser-destinada-a-turquia-falta-que-me-quiten-la-vida.html\" data-link-track-dtm=\"\" data-mrf-link=\"https:\/\/elpais.com\/america\/2024-09-10\/la-vicepresidenta-de-ecuador-veronica-abad-tras-ser-destinada-a-turquia-falta-que-me-quiten-la-vida.html\">La orden fue que Abad llegara a Turqu\u00eda el 1 de septiembre, pero ella arrib\u00f3 el 9 de ese mes,<\/a>\u00a0tras enviar a sus dos hijos menores de edad a Ecuador.<\/p>\n<p class=\"\">En un nuevo movimiento pol\u00edtica el presidente Noboa design\u00f3 a Sahira Moya como vicepresidente encargada, apelando al art\u00edculo 150 de la Constituci\u00f3n, por ausencia temporal de la funcionaria, aunque Abad fue sancionada por un per\u00edodo de cinco meses; es decir, hasta la segunda vuelta electoral de 2025, al l\u00edmite del mandato del actual Gobierno. Todo el aparataje gubernamental se ha prestado para reforzar la decisi\u00f3n del Ejecutivo, incluida las Fuerzas Armadas. El jefe del Comando Conjunto, Jaime Vela, se refiri\u00f3 a Abad como \u201cexvicepresidenta\u201d, aun cuando la segunda mandataria todav\u00eda no ha perdido su posici\u00f3n oficial.<\/p>\n<p class=\"\">Sin cargo, sin seguridad, sin sueldo, y sin su familia, Ver\u00f3nica Abad (Cuenca, 48 a\u00f1os) permanece en Turqu\u00eda. Intent\u00f3 regresar al pa\u00eds para presentarse ante el Pleno de la Asamblea, que la hab\u00eda convocado para que explicara su situaci\u00f3n, pero no tuvo \u00e9xito. En una entrevista con EL PA\u00cdS, Abad analiza por videollamada los pormenores de su destituci\u00f3n, califica la maniobra del presidente como un acto de \u201ctotalitarismo\u201d y denuncia el atropello de las leyes a manos de quienes, seg\u00fan ella, carecen de \u201cescr\u00fapulos\u201d.<\/p>\n<p class=\"\"><b>Pregunta.\u00a0<\/b>Usted dijo que el \u00fanico paso que faltaba para que no continuara en el Gobierno era que \u201cla mataran\u201d. \u00bfCrey\u00f3 que el presidente iba a ser capaz de llevar la situaci\u00f3n a ese l\u00edmite?<\/p>\n<p class=\"\"><b>Respuesta.\u00a0<\/b>Le faltaba hacer eso [apartarla] o quitarme la vida para no llegar a la sucesi\u00f3n. Por un lado, no imaginaba que llegar\u00eda tan lejos, pero por otro lado, s\u00ed, porque lo que me hizo solo lo puede hacer alguien sin escr\u00fapulos, que est\u00e1 dispuesto a todo. Esto ya no es solo un tema pol\u00edtico, el presidente est\u00e1 dispuesto a todo. Todo comenz\u00f3 cuando, en nombre de \u201cmi seguridad\u201d, me enviaron a Turqu\u00eda. Me trasladaron de Israel a Ankara con un decreto presidencial que no ten\u00eda ning\u00fan fundamento. No me daban seguridad ni en Israel, ni aqu\u00ed, ni en ning\u00fan lado. Y eso no fue todo. El tema administrativo, como acabamos de ver, est\u00e1 en sus manos.. El Gobierno manipul\u00f3 toda la estructura administrativa a su conveniencia, sin sustento jur\u00eddico, atropellando las leyes y utilizando el poder para intimidar. Por eso mi llamado es a la justicia, para que determinen [la legitimidad de] la actuaci\u00f3n del Gobierno.<\/p>\n<p class=\"\"><b>P.<\/b>\u00a0\u00bfC\u00f3mo ha reaccionado frente a la decisi\u00f3n del Ministerio de Trabajo, que la sancion\u00f3 con 150 d\u00edas de suspensi\u00f3n?<\/p>\n<p class=\"\"><b>R.<\/b>\u00a0Presentamos una acci\u00f3n de protecci\u00f3n de medidas cautelares por el sumario administrativo, que ya fue sorteada a una jueza. Tambi\u00e9n pedimos a la Asamblea que trate este tema, que fiscalice y que se pida a la Corte Constitucional la aclaratoria de este caso. La Vicepresidencia en este momento est\u00e1 pasando momentos de miedo con la designaci\u00f3n de la encargada, as\u00ed que hemos presentado una declaratoria de estado de rebeld\u00eda para que quede por escrito nuestro derecho a la resistencia ante este atropello de colocar una nueva encargada en la Vicepresidencia. Hemos elevado el caso a la Comisi\u00f3n Interamericana de Derechos Humanos (CIDH), para que revise de manera urgente esta sentencia de destituci\u00f3n directa del presidente. Esto no es una decisi\u00f3n de la ministra de Trabajo, esto es una orden del presidente y debe ser juzgado por eso.<\/p>\n<p class=\"\"><b>P.\u00a0<\/b>\u00bfFue una orden del presidente?<\/p>\n<p class=\"\"><b>R.<\/b>\u00a0Totalmente. Y no se va a detener. Hoy [el mi\u00e9rcoles] ya dijo que le encarg\u00f3 al nuevo ministro del Gobierno que averig\u00fce sobre cuentas en para\u00edsos fiscales que se han inventado que tiene mi hijo. Va a tener que responder ante las instancias internacionales que parecen no estar siguiendo lo que \u00e9l est\u00e1 haciendo. \u00c9l es un presidente que sigue mezcl\u00e1ndose en el fango para ensuciar a otros y as\u00ed que los dem\u00e1s se vean malos y no vean la maldad en \u00e9l.<\/p>\n<p class=\"\"><b>P.<\/b>\u00a0\u00bfCree que la decisi\u00f3n de la justicia llegue antes del 5 de enero, cuando usted deber\u00eda asumir el poder?<\/p>\n<p class=\"\"><b>R.\u00a0<\/b>Tengo esperanza de que as\u00ed sea. Pero tambi\u00e9n es cierto que estamos frente a un sistema judicial que est\u00e1 bajo la presi\u00f3n de poderes que no respetan el Estado de Derecho<\/p>\n<p class=\"\"><b>P.\u00a0<\/b>\u00bfHa hablado con alguien de la CIDH para agilizar una medida cautelar y corregir esta sanci\u00f3n?<\/p>\n<p class=\"\"><b>R.\u00a0<\/b>No directamente. Hemos seguido el proceso. Pero hace 15 d\u00edas se dio el examen del Comit\u00e9 de Derechos Humanos de la ONU, en Ginebra, donde la comisi\u00f3n pregunt\u00f3 a las autoridades ecuatorianas sobre el caso de la vicepresidenta. Estaban la ministra de la Mujer y el procurador del Estado, y nunca hablaron del tema, ni dieron respuestas a mi caso y otros que se ventilan. El comit\u00e9 se refiri\u00f3 a la preocupaci\u00f3n que tiene de que la justicia en Ecuador est\u00e1 gravemente coartada por diferentes poderes, entre esos por el Ejecutivo.<\/p>\n<p class=\"\"><b>P.\u00a0<\/b>\u00bfQu\u00e9 tiene pensado decir en la Asamblea a la que fue convocada?<\/p>\n<p class=\"\"><b>R.<\/b>\u00a0La verdad. Ellos est\u00e1n llamados a fiscalizar. Decir que en medio de esto hay capricho y funcionarios que, obedeciendo la orden de un presidente, han hecho cosas ilegales. Tenemos que rescatar la independencia de poderes. Un poder no puede adue\u00f1arse del pa\u00eds.<\/p>\n<p class=\"\"><b>P.\u00a0<\/b>Manteniendo el peor de los escenarios, si no prosperan las medidas cautelares, \u00bfqu\u00e9 tiene planeado hacer?<\/p>\n<p class=\"\"><b>R.<\/b>\u00a0Mantenerme firme, como lo he hecho. Sigo creyendo en la democracia. Las leyes son libertad, para vivir en orden y justicia. Y ahora quiero luchar con mayor fuerza por eso. Esto no me debilita, al contrario.<\/p>\n<p class=\"\"><b>P.\u00a0<\/b>\u00bfQu\u00e9 le incomod\u00f3 tanto al presidente de usted?<\/p>\n<p class=\"\"><b>R.\u00a0<\/b>Desconozco. Pero creo que el presidente perdi\u00f3 el horizonte y ve a Ecuador como su patrimonio, estamos frente a una persona que tiene actos dictatoriales.<\/p>\n<p class=\"\"><b>P.<\/b>\u00a0\u00bfEl presidente es un dictador?<\/p>\n<p class=\"\"><b>R.<\/b>\u00a0S\u00ed, por supuesto. Es un totalitario, lo ha demostrado desde el inicio con mi destierro. El techo de un dem\u00f3crata es la ley, para limitar el poder, y a \u00e9l no le gusta vivir bajo la ley porque se cree todopoderoso.<\/p>\n","protected":false},"excerpt":{"rendered":"<p>&nbsp; &nbsp; &#8211; La dirigente analiza en entrevista con el diario espa\u00f1ol EL PA\u00cdS los recursos presentados ante la justicia y la CIDH contra la&hellip;<\/p>\n","protected":false},"author":99,"featured_media":524914,"comment_status":"open","ping_status":"open","sticky":false,"template":"","format":"standard","meta":{"footnotes":""},"categories":[23],"tags":[],"class_list":["post-524913","post","type-post","status-publish","format-standard","has-post-thumbnail","hentry","category-latinoamerica"],"_links":{"self":[{"href":"https:\/\/diarioelpopular.com\/index.php\/wp-json\/wp\/v2\/posts\/524913","targetHints":{"allow":["GET"]}}],"collection":[{"href":"https:\/\/diarioelpopular.com\/index.php\/wp-json\/wp\/v2\/posts"}],"about":[{"href":"https:\/\/diarioelpopular.com\/index.php\/wp-json\/wp\/v2\/types\/post"}],"author":[{"embeddable":true,"href":"https:\/\/diarioelpopular.com\/index.php\/wp-json\/wp\/v2\/users\/99"}],"replies":[{"embeddable":true,"href":"https:\/\/diarioelpopular.com\/index.php\/wp-json\/wp\/v2\/comments?post=524913"}],"version-history":[{"count":1,"href":"https:\/\/diarioelpopular.com\/index.php\/wp-json\/wp\/v2\/posts\/524913\/revisions"}],"predecessor-version":[{"id":524915,"href":"https:\/\/diarioelpopular.com\/index.php\/wp-json\/wp\/v2\/posts\/524913\/revisions\/524915"}],"wp:featuredmedia":[{"embeddable":true,"href":"https:\/\/diarioelpopular.com\/index.php\/wp-json\/wp\/v2\/media\/524914"}],"wp:attachment":[{"href":"https:\/\/diarioelpopular.com\/index.php\/wp-json\/wp\/v2\/media?parent=524913"}],"wp:term":[{"taxonomy":"category","embeddable":true,"href":"https:\/\/diarioelpopular.com\/index.php\/wp-json\/wp\/v2\/categories?post=524913"},{"taxonomy":"post_tag","embeddable":true,"href":"https:\/\/diarioelpopular.com\/index.php\/wp-json\/wp\/v2\/tags?post=524913"}],"curies":[{"name":"wp","href":"https:\/\/api.w.org\/{rel}","templated":true}]}}