{"id":524926,"date":"2024-11-14T13:57:30","date_gmt":"2024-11-14T17:57:30","guid":{"rendered":"https:\/\/diarioelpopular.com\/?p=524926"},"modified":"2024-11-14T13:57:30","modified_gmt":"2024-11-14T17:57:30","slug":"joven-delincuente-se-enfrenta-a-un-cargo-de-asesinato-en-primer-grado-por-el-tiroteo","status":"publish","type":"post","link":"https:\/\/diarioelpopular.com\/index.php\/2024\/11\/14\/joven-delincuente-se-enfrenta-a-un-cargo-de-asesinato-en-primer-grado-por-el-tiroteo\/","title":{"rendered":"Joven delincuente se enfrenta a un cargo de asesinato en primer grado por el tiroteo"},"content":{"rendered":"<div id=\"attachment_524927\" style=\"width: 646px\" class=\"wp-caption alignnone\"><img loading=\"lazy\" decoding=\"async\" aria-describedby=\"caption-attachment-524927\" class=\"wp-image-524927 size-custom-full-size\" src=\"https:\/\/diarioelpopular.com\/wp-content\/uploads\/2024\/11\/Screen-Shot-2024-11-14-at-12.55.48-PM-636x478.png\" alt=\"\" width=\"636\" height=\"478\" srcset=\"https:\/\/diarioelpopular.com\/wp-content\/uploads\/2024\/11\/Screen-Shot-2024-11-14-at-12.55.48-PM-636x478.png 636w, https:\/\/diarioelpopular.com\/wp-content\/uploads\/2024\/11\/Screen-Shot-2024-11-14-at-12.55.48-PM-300x225.png 300w, https:\/\/diarioelpopular.com\/wp-content\/uploads\/2024\/11\/Screen-Shot-2024-11-14-at-12.55.48-PM-768x577.png 768w, https:\/\/diarioelpopular.com\/wp-content\/uploads\/2024\/11\/Screen-Shot-2024-11-14-at-12.55.48-PM-97x73.png 97w, https:\/\/diarioelpopular.com\/wp-content\/uploads\/2024\/11\/Screen-Shot-2024-11-14-at-12.55.48-PM.png 1024w\" sizes=\"auto, (max-width: 636px) 100vw, 636px\" \/><p id=\"caption-attachment-524927\" class=\"wp-caption-text\">Una imagen de la Polic\u00eda Regional de Waterloo de un segundo criminal buscado por un tiroteo mortal ocurrido el 25 de enero de 2024 en Kitchener.<\/p><\/div>\n<p>&nbsp;<\/p>\n<p>&nbsp;<\/p>\n<p><em><strong>Las autoridades han publicado la imagen de un segundo criminal no identificado<\/strong><\/em><\/p>\n<p>&nbsp;<\/p>\n<p>&nbsp;<\/p>\n<p>Luego de una minuciosa investigaci\u00f3n, un joven delincuente de 17 a\u00f1os ha sido acusado de asesinato en primer grado por la muerte a tiros de un hombre de 28 a\u00f1os de Kitchener en enero.<\/p>\n<p>La polic\u00eda regional de Waterloo dijo que los agentes respondieron el 25 de enero alrededor de las 9 a. m. a informes de disparos en Gray St. cerca de la intersecci\u00f3n de Ottawa St. N. y Lackner Blvd. La polic\u00eda encontr\u00f3 a un hombre muerto fuera de una residencia.<\/p>\n<p>Se buscaba a dos sospechosos y el adolescente fue acusado este martes.<\/p>\n<p>La polic\u00eda dijo que el segundo sospechoso sigue pr\u00f3fugo.<\/p>\n<p>Los investigadores no revelaron los nombres de la v\u00edctima ni de los sospechosos.<\/p>\n<p>Se solicita a cualquier persona que tenga informaci\u00f3n que llame a la polic\u00eda al 519-570-9777, ext. 8191.<\/p>\n","protected":false},"excerpt":{"rendered":"<p>&nbsp; &nbsp; Las autoridades han publicado la imagen de un segundo criminal no identificado &nbsp; &nbsp; Luego de una minuciosa investigaci\u00f3n, un joven delincuente de&hellip;<\/p>\n","protected":false},"author":99,"featured_media":524927,"comment_status":"open","ping_status":"open","sticky":false,"template":"","format":"standard","meta":{"footnotes":""},"categories":[11364],"tags":[],"class_list":["post-524926","post","type-post","status-publish","format-standard","has-post-thumbnail","hentry","category-toronto-gta"],"_links":{"self":[{"href":"https:\/\/diarioelpopular.com\/index.php\/wp-json\/wp\/v2\/posts\/524926","targetHints":{"allow":["GET"]}}],"collection":[{"href":"https:\/\/diarioelpopular.com\/index.php\/wp-json\/wp\/v2\/posts"}],"about":[{"href":"https:\/\/diarioelpopular.com\/index.php\/wp-json\/wp\/v2\/types\/post"}],"author":[{"embeddable":true,"href":"https:\/\/diarioelpopular.com\/index.php\/wp-json\/wp\/v2\/users\/99"}],"replies":[{"embeddable":true,"href":"https:\/\/diarioelpopular.com\/index.php\/wp-json\/wp\/v2\/comments?post=524926"}],"version-history":[{"count":1,"href":"https:\/\/diarioelpopular.com\/index.php\/wp-json\/wp\/v2\/posts\/524926\/revisions"}],"predecessor-version":[{"id":524928,"href":"https:\/\/diarioelpopular.com\/index.php\/wp-json\/wp\/v2\/posts\/524926\/revisions\/524928"}],"wp:featuredmedia":[{"embeddable":true,"href":"https:\/\/diarioelpopular.com\/index.php\/wp-json\/wp\/v2\/media\/524927"}],"wp:attachment":[{"href":"https:\/\/diarioelpopular.com\/index.php\/wp-json\/wp\/v2\/media?parent=524926"}],"wp:term":[{"taxonomy":"category","embeddable":true,"href":"https:\/\/diarioelpopular.com\/index.php\/wp-json\/wp\/v2\/categories?post=524926"},{"taxonomy":"post_tag","embeddable":true,"href":"https:\/\/diarioelpopular.com\/index.php\/wp-json\/wp\/v2\/tags?post=524926"}],"curies":[{"name":"wp","href":"https:\/\/api.w.org\/{rel}","templated":true}]}}