{"id":524929,"date":"2024-11-14T14:09:37","date_gmt":"2024-11-14T18:09:37","guid":{"rendered":"https:\/\/diarioelpopular.com\/?p=524929"},"modified":"2024-11-14T14:09:37","modified_gmt":"2024-11-14T18:09:37","slug":"inmigracion-afirma-que-la-era-de-la-oferta-ilimitada-de-mano-de-obra-extranjera-barata-ha-terminado","status":"publish","type":"post","link":"https:\/\/diarioelpopular.com\/index.php\/2024\/11\/14\/inmigracion-afirma-que-la-era-de-la-oferta-ilimitada-de-mano-de-obra-extranjera-barata-ha-terminado\/","title":{"rendered":"Inmigraci\u00f3n afirma que la era de la \u201coferta ilimitada de mano de obra extranjera barata ha terminado\u201d"},"content":{"rendered":"<p><img loading=\"lazy\" decoding=\"async\" class=\"wp-image-524930 size-custom-full-size\" src=\"https:\/\/diarioelpopular.com\/wp-content\/uploads\/2024\/11\/Screen-Shot-2024-11-14-at-1.08.32-PM-636x391.png\" alt=\"\" width=\"636\" height=\"391\" srcset=\"https:\/\/diarioelpopular.com\/wp-content\/uploads\/2024\/11\/Screen-Shot-2024-11-14-at-1.08.32-PM-636x391.png 636w, https:\/\/diarioelpopular.com\/wp-content\/uploads\/2024\/11\/Screen-Shot-2024-11-14-at-1.08.32-PM-300x185.png 300w, https:\/\/diarioelpopular.com\/wp-content\/uploads\/2024\/11\/Screen-Shot-2024-11-14-at-1.08.32-PM-768x472.png 768w, https:\/\/diarioelpopular.com\/wp-content\/uploads\/2024\/11\/Screen-Shot-2024-11-14-at-1.08.32-PM-119x73.png 119w, https:\/\/diarioelpopular.com\/wp-content\/uploads\/2024\/11\/Screen-Shot-2024-11-14-at-1.08.32-PM.png 866w\" sizes=\"auto, (max-width: 636px) 100vw, 636px\" \/><\/p>\n<p>&nbsp;<\/p>\n<p>&nbsp;<\/p>\n<ul>\n<li><em><strong>El ministro de Inmigraci\u00f3n, Marc Miller, ha dicho que \u201cla era de la oferta ilimitada de mano de obra extranjera barata ha terminado\u201d y que los empleadores pueden tener que ofrecer salarios m\u00e1s altos para atraer a m\u00e1s trabajadores<\/strong><\/em><\/li>\n<\/ul>\n<p>&nbsp;<\/p>\n<p><em><strong>OTTAWA.-<\/strong> <\/em>En declaraciones a los periodistas despu\u00e9s de dirigirse a la Junta de Comercio del Gran Vancouver, Miller tambi\u00e9n sugiri\u00f3 que el gobierno federal podr\u00eda estar considerando aumentar los recursos de aplicaci\u00f3n de la ley para acabar con los inmigrantes irregulares que no abandonan Canad\u00e1, y abord\u00f3 la necesidad de una aplicaci\u00f3n mutua del Acuerdo de Tercer Pa\u00eds Seguro con los EE. UU.<\/p>\n<p>Miller dijo que es importante abordar lo que a veces es una \u201crelaci\u00f3n muy desproporcionada entre empleadores y empleados\u201d cuando se trata de trabajadores extranjeros temporales de bajo costo.<\/p>\n<p>\u201cExisten relaciones de explotaci\u00f3n y debemos acabar con ellas. Eso incluye un salario adecuado\u201d, dijo Miller, se\u00f1alando algunos sectores de bajos salarios como la agricultura y el procesamiento de alimentos.<\/p>\n<p>\u201cEst\u00e1 claro que la era de la oferta ilimitada de mano de obra extranjera barata ha terminado, y creo que eso es algo bueno\u201d, dijo.<\/p>\n<p>Sin embargo, reconoci\u00f3 que las medidas represivas significan que &#8220;este a\u00f1o y el pr\u00f3ximo ser\u00e1n un a\u00f1o de turbulencias&#8221; a medida que esos cambios entren en vigor, &#8220;pero reducir las cifras, creo, es muy importante para asegurarnos de que no estamos simplemente buscando ganancias a corto plazo a cambio de mucho dolor a largo plazo&#8221;.<\/p>\n<p>Canad\u00e1 limit\u00f3 este a\u00f1o el n\u00famero de trabajadores extranjeros temporales de bajos salarios en la mayor\u00eda de los sectores y aument\u00f3 su salario m\u00ednimo en un esfuerzo por poner fin a la dependencia de los empleadores de la mano de obra extranjera barata.<\/p>\n<p>Recientemente, una oferta de trabajo en un Burger King del \u00e1rea de Toronto llev\u00f3 a los observadores y expertos a preguntarse si el programa de trabajadores extranjeros temporales se est\u00e1 utilizando para evitar pagar salarios m\u00e1s altos a los residentes.<\/p>\n<p>Se necesita &#8216;m\u00e1s aplicaci\u00f3n de la ley&#8217; para expulsar a las personas que se quedan ilegalmente: Miller<br \/>\nMiller dijo el mi\u00e9rcoles que Ottawa siempre est\u00e1 buscando &#8220;qu\u00e9 medidas debe tomar Canad\u00e1 para aumentar la aplicaci\u00f3n de la ley&#8221; y se\u00f1al\u00f3 lo que dijo eran niveles r\u00e9cord de expulsiones de titulares de visas temporales y permisos de trabajo que eligen quedarse ilegalmente.<\/p>\n<p>Cuando se le pregunt\u00f3 si eso significa m\u00e1s recursos, incluidos m\u00e1s agentes de la Agencia de Servicios Fronterizos de Canad\u00e1 (CBSA), Miller dijo: &#8220;as\u00ed es como funciona&#8221;.<\/p>\n<p>&#8220;En el contexto de la aplicaci\u00f3n de la ley, en general, en t\u00e9rminos generales, es absolutamente necesario que examinemos los mecanismos de aplicaci\u00f3n de la ley que empleamos para asegurarnos de que las personas que no quieren irse despu\u00e9s del debido proceso realmente lo hagan&#8221;, dijo.<\/p>\n<p>&#8220;No voy a compartir p\u00fablicamente los planes que tenemos sobre la aplicaci\u00f3n de la ley, pero m\u00e1s aplicaci\u00f3n de la ley significa m\u00e1s recursos&#8221;.<\/p>\n<p>Los partidos de la oposici\u00f3n y las provincias han presionado al gobierno sobre su plan de agregar recursos adicionales en la frontera entre Estados Unidos y Canad\u00e1 en previsi\u00f3n de un posible aumento de personas que buscan ingresar ilegalmente a Canad\u00e1 desde Estados Unidos, donde el presidente electo Donald Trump ha prometido deportaciones masivas.<\/p>\n<p>La viceprimera ministra Chrystia Freeland dijo a los periodistas el mi\u00e9rcoles que el gobierno &#8220;garantizar\u00e1 que las fronteras de Canad\u00e1 sean seguras y que tengamos los recursos necesarios para garantizar que sean seguras&#8221;, pero no confirm\u00f3 las necesidades &#8220;hipot\u00e9ticas&#8221; de personal en la CBSA, ni de qu\u00e9 forma lo har\u00e1n.<\/p>\n<p>El gobierno dice que la CBSA llev\u00f3 a cabo 11.444 deportaciones entre 2019 y 2020, que fue la cifra m\u00e1s alta en los cinco a\u00f1os anteriores. Global News ha pedido a la agencia sus cifras actuales de deportaciones.<\/p>\n<p>Sin embargo, las cifras de la CBSA presentadas en el Parlamento a principios de este a\u00f1o sugieren que la mayor\u00eda de las personas que recibieron cartas de deportaci\u00f3n en los \u00faltimos ocho a\u00f1os permanecen ilegalmente en Canad\u00e1, lo que, seg\u00fan el Partido Conservador, sugiere una falta de aplicaci\u00f3n de la ley.<\/p>\n<p>El mes pasado, cuando Miller y el primer ministro Justin Trudeau anunciaron que estaban recortando el n\u00famero de nuevos residentes permanentes en el pa\u00eds en un 21 por ciento para el pr\u00f3ximo a\u00f1o, tambi\u00e9n expusieron planes que, seg\u00fan dicen, detendr\u00edan efectivamente el crecimiento de la poblaci\u00f3n durante dos a\u00f1os al reducir los residentes temporales a menos del cinco por ciento de la poblaci\u00f3n general.<\/p>\n<p>Miller dijo en ese momento que el enfoque del programa de residentes permanentes estar\u00e1 en &#8220;aquellos que ya est\u00e1n aqu\u00ed&#8221;, y el mi\u00e9rcoles dijo que eso significa recurrir al grupo de trabajadores extranjeros, lo que significa que muchos con permisos temporales pueden solicitar posteriormente la residencia permanente.<\/p>\n<p>Miller dijo el mi\u00e9rcoles que, si bien la mayor\u00eda de los titulares de visas temporales se van despu\u00e9s de que sus visas expiran, quienes se quedan est\u00e1n violando la ley, y el gobierno debe dejar eso &#8220;muy claro&#8221;.<\/p>\n<p>&#8220;Cuando tienes un programa temporal, tiene que significar algo&#8221;, dijo. &#8220;Significa que la gente eventualmente puede tener que irse o se espera que se vaya&#8221;.<\/p>\n<p>Una investigaci\u00f3n de Global News en 2018 encontr\u00f3 que el gobierno se hab\u00eda vuelto cada vez m\u00e1s ineficaz a la hora de llevar a cabo deportaciones por razones de seguridad p\u00fablica. Como resultado, el n\u00famero de ciudadanos extranjeros que permanecieron ilegalmente en Canad\u00e1 a pesar de haber recibido \u00f3rdenes de salir aument\u00f3 de solo 291 en 2012 a casi 1.200 a principios de 2018.<\/p>\n","protected":false},"excerpt":{"rendered":"<p>&nbsp; &nbsp; El ministro de Inmigraci\u00f3n, Marc Miller, ha dicho que \u201cla era de la oferta ilimitada de mano de obra extranjera barata ha terminado\u201d&hellip;<\/p>\n","protected":false},"author":99,"featured_media":524930,"comment_status":"open","ping_status":"open","sticky":false,"template":"","format":"standard","meta":{"footnotes":""},"categories":[21],"tags":[],"class_list":["post-524929","post","type-post","status-publish","format-standard","has-post-thumbnail","hentry","category-canada"],"_links":{"self":[{"href":"https:\/\/diarioelpopular.com\/index.php\/wp-json\/wp\/v2\/posts\/524929","targetHints":{"allow":["GET"]}}],"collection":[{"href":"https:\/\/diarioelpopular.com\/index.php\/wp-json\/wp\/v2\/posts"}],"about":[{"href":"https:\/\/diarioelpopular.com\/index.php\/wp-json\/wp\/v2\/types\/post"}],"author":[{"embeddable":true,"href":"https:\/\/diarioelpopular.com\/index.php\/wp-json\/wp\/v2\/users\/99"}],"replies":[{"embeddable":true,"href":"https:\/\/diarioelpopular.com\/index.php\/wp-json\/wp\/v2\/comments?post=524929"}],"version-history":[{"count":1,"href":"https:\/\/diarioelpopular.com\/index.php\/wp-json\/wp\/v2\/posts\/524929\/revisions"}],"predecessor-version":[{"id":524931,"href":"https:\/\/diarioelpopular.com\/index.php\/wp-json\/wp\/v2\/posts\/524929\/revisions\/524931"}],"wp:featuredmedia":[{"embeddable":true,"href":"https:\/\/diarioelpopular.com\/index.php\/wp-json\/wp\/v2\/media\/524930"}],"wp:attachment":[{"href":"https:\/\/diarioelpopular.com\/index.php\/wp-json\/wp\/v2\/media?parent=524929"}],"wp:term":[{"taxonomy":"category","embeddable":true,"href":"https:\/\/diarioelpopular.com\/index.php\/wp-json\/wp\/v2\/categories?post=524929"},{"taxonomy":"post_tag","embeddable":true,"href":"https:\/\/diarioelpopular.com\/index.php\/wp-json\/wp\/v2\/tags?post=524929"}],"curies":[{"name":"wp","href":"https:\/\/api.w.org\/{rel}","templated":true}]}}