{"id":524967,"date":"2024-11-15T10:42:06","date_gmt":"2024-11-15T14:42:06","guid":{"rendered":"https:\/\/diarioelpopular.com\/?p=524967"},"modified":"2024-11-15T10:42:06","modified_gmt":"2024-11-15T14:42:06","slug":"es-como-volver-al-siglo-xviii-los-apagones-que-tienen-a-ecuador-12-horas-sin-luz-por-dia","status":"publish","type":"post","link":"https:\/\/diarioelpopular.com\/index.php\/2024\/11\/15\/es-como-volver-al-siglo-xviii-los-apagones-que-tienen-a-ecuador-12-horas-sin-luz-por-dia\/","title":{"rendered":"&#8220;Es como volver al siglo XVIII&#8221;: los apagones que tienen a Ecuador 12 horas sin luz por d\u00eda"},"content":{"rendered":"<div id=\"attachment_524968\" style=\"width: 646px\" class=\"wp-caption alignnone\"><img loading=\"lazy\" decoding=\"async\" aria-describedby=\"caption-attachment-524968\" class=\"wp-image-524968 size-custom-full-size\" src=\"https:\/\/diarioelpopular.com\/wp-content\/uploads\/2024\/11\/Screen-Shot-2024-11-15-at-9.41.28-AM-636x428.png\" alt=\"\" width=\"636\" height=\"428\" srcset=\"https:\/\/diarioelpopular.com\/wp-content\/uploads\/2024\/11\/Screen-Shot-2024-11-15-at-9.41.28-AM-636x428.png 636w, https:\/\/diarioelpopular.com\/wp-content\/uploads\/2024\/11\/Screen-Shot-2024-11-15-at-9.41.28-AM-300x202.png 300w, https:\/\/diarioelpopular.com\/wp-content\/uploads\/2024\/11\/Screen-Shot-2024-11-15-at-9.41.28-AM-768x517.png 768w, https:\/\/diarioelpopular.com\/wp-content\/uploads\/2024\/11\/Screen-Shot-2024-11-15-at-9.41.28-AM-80x55.png 80w, https:\/\/diarioelpopular.com\/wp-content\/uploads\/2024\/11\/Screen-Shot-2024-11-15-at-9.41.28-AM-108x73.png 108w, https:\/\/diarioelpopular.com\/wp-content\/uploads\/2024\/11\/Screen-Shot-2024-11-15-at-9.41.28-AM.png 1022w\" sizes=\"auto, (max-width: 636px) 100vw, 636px\" \/><p id=\"caption-attachment-524968\" class=\"wp-caption-text\">Ecuador vive sus peores apagones en los \u00faltimos 30 a\u00f1os debido a una fuerte sequ\u00eda.<\/p><\/div>\n<p>&nbsp;<\/p>\n<p>&nbsp;<\/p>\n<div class=\"bbc-19j92fr ebmt73l0\" dir=\"ltr\">\n<ul>\n<li class=\"bbc-hhl7in e17g058b0\" dir=\"ltr\"><em><b>Liz Orozco tiene miedo. Desde que empezaron los racionamientos de energ\u00eda de 12 a 14 horas diarias en Ecuador el 18 de septiembre, el traslado de su oficina en el norte de Guayaquil hacia Dur\u00e1n, una de las ciudades m\u00e1s peligrosas del mundo, se ha vuelto un calvario.<\/b><\/em><\/li>\n<\/ul>\n<\/div>\n<div class=\"bbc-19j92fr ebmt73l0\" dir=\"ltr\">\n<p dir=\"ltr\">\n<p dir=\"ltr\">\n<p class=\"bbc-hhl7in e17g058b0\" dir=\"ltr\">&#8220;Caminar sola es horrible, he visto robos&#8221;, comenta. Dur\u00e1n es un territorio de guerra de pandillas.<\/p>\n<\/div>\n<div class=\"bbc-19j92fr ebmt73l0\" dir=\"ltr\">\n<p class=\"bbc-hhl7in e17g058b0\" dir=\"ltr\">Hasta octubre de 2024, las muertes violentas en esa zona de la costa ecuatoriana superaban las 400, un aumento del 59% en comparaci\u00f3n con 2023, de acuerdo con el\u00a0<i class=\"bbc-h1y5j7 eih42320\">think tank<\/i>\u00a0internacional InSight Crime.<\/p>\n<\/div>\n<div class=\"bbc-19j92fr ebmt73l0\" dir=\"ltr\">\n<p class=\"bbc-hhl7in e17g058b0\" dir=\"ltr\">El pa\u00eds, que sufre los estragos del crimen organizado, ahora tambi\u00e9n enfrenta una crisis energ\u00e9tica que lo obliga a apagarse la mitad del d\u00eda.<\/p>\n<\/div>\n<div class=\"bbc-19j92fr ebmt73l0\" dir=\"ltr\">\n<h2 id=\"Una-crisis-de-gesti\u00f3n\" class=\"bbc-1lgzob2 eglt09e0\" tabindex=\"-1\">&#8220;Una crisis de gesti\u00f3n&#8221;<\/h2>\n<\/div>\n<div class=\"bbc-19j92fr ebmt73l0\" dir=\"ltr\">\n<p class=\"bbc-hhl7in e17g058b0\" dir=\"ltr\">Este escenario es &#8220;el resultado de una crisis de gesti\u00f3n que Ecuador lleva arrastrando por d\u00e9cadas&#8221;, sostiene Jorge Luis Hidalgo, uno de los expertos en energ\u00eda m\u00e1s respetados del pa\u00eds.<\/p>\n<\/div>\n<div class=\"bbc-19j92fr ebmt73l0\" dir=\"ltr\">\n<p class=\"bbc-hhl7in e17g058b0\" dir=\"ltr\">Ecuador enfrenta un d\u00e9ficit energ\u00e9tico de 1.080 megavatios, un 20% de su capacidad de generaci\u00f3n.<\/p>\n<\/div>\n<div class=\"bbc-19j92fr ebmt73l0\" dir=\"ltr\">\n<p class=\"bbc-hhl7in e17g058b0\" dir=\"ltr\">Aunque el gobierno ha intentado atribuirlo a la &#8220;grave falta de lluvias&#8221;, Hidalgo subraya: &#8220;No se trata de una simple sequ\u00eda. Es un problema estructural que no se resolver\u00e1 a corto plazo&#8221;.<\/p>\n<p dir=\"ltr\">\n<\/div>\n<figure class=\"bbc-1qn0xuy\">\n<div class=\"bbc-18ywsw9\">\n<div style=\"width: 1034px\" class=\"wp-caption alignnone\"><img loading=\"lazy\" decoding=\"async\" class=\"bbc-139onq\" src=\"https:\/\/ichef.bbci.co.uk\/ace\/ws\/640\/cpsprodpb\/d5ad\/live\/a45e2940-a345-11ef-bdf5-b7cb2fa86e10.jpg.webp\" alt=\"Ecuatorianos esperando el bus. \" width=\"1024\" height=\"683\" \/><p class=\"wp-caption-text\">Fuente de la imagen,Getty Images.\u00a0\u00a0Los apagones han causado serios estragos en la vida diaria de los ecuatorianos.<\/p><\/div>\n<\/div>\n<\/figure>\n<div class=\"bbc-19j92fr ebmt73l0\" dir=\"ltr\">\n<p dir=\"ltr\">\n<p dir=\"ltr\">\n<p class=\"bbc-hhl7in e17g058b0\" dir=\"ltr\">El 90% de la energ\u00eda en Ecuador depende de las centrales hidroel\u00e9ctricas, pero Hidalgo sugiere que el pa\u00eds debe diversificar sus fuentes.<\/p>\n<\/div>\n<div class=\"bbc-19j92fr ebmt73l0\" dir=\"ltr\">\n<p class=\"bbc-hhl7in e17g058b0\" dir=\"ltr\">&#8220;Ecuador tiene un poderoso potencial h\u00eddrico, una ubicaci\u00f3n en la l\u00ednea ecuatorial ideal para aprovechar el sol, y recursos como biomasa, volcanes para geotermia, gas natural y viento&#8221;, explica.<\/p>\n<\/div>\n<div class=\"bbc-19j92fr ebmt73l0\" dir=\"ltr\">\n<p class=\"bbc-hhl7in e17g058b0\" dir=\"ltr\">&#8220;Hay una enorme oportunidad en Ecuador, pero tambi\u00e9n una muy mala gesti\u00f3n que no se solucionar\u00e1 a corto plazo&#8221;.<\/p>\n<\/div>\n<div class=\"bbc-19j92fr ebmt73l0\" dir=\"ltr\">\n<h2 id=\"Resiliencia-en-medio-del-caos\" class=\"bbc-1lgzob2 eglt09e0\" tabindex=\"-1\">Resiliencia en medio del caos<\/h2>\n<\/div>\n<div class=\"bbc-19j92fr ebmt73l0\" dir=\"ltr\">\n<p class=\"bbc-hhl7in e17g058b0\" dir=\"ltr\">A pesar de la adversidad, los ecuatorianos han tenido que adaptarse.<\/p>\n<\/div>\n<div class=\"bbc-19j92fr ebmt73l0\" dir=\"ltr\">\n<p class=\"bbc-hhl7in e17g058b0\" dir=\"ltr\">En el trabajo de Liz Orozco, por ejemplo, una constructora en Guayaquil, el edificio ha instalado generadores de energ\u00eda di\u00e9sel. &#8220;Es una orquesta a la que te tienes que acostumbrar&#8221;, describe.<\/p>\n<\/div>\n<div class=\"bbc-19j92fr ebmt73l0\" dir=\"ltr\">\n<p class=\"bbc-hhl7in e17g058b0\" dir=\"ltr\">El gerente de la empresa, Guillermo Jouvin Arosemena, dice que cada generador representa un gasto de di\u00e9sel de unos US$8.000 por semana, sumado al mantenimiento mensual que puede llegar hasta US$550, dependiendo del equipo.<\/p>\n<\/div>\n<div class=\"bbc-19j92fr ebmt73l0\" dir=\"ltr\">\n<p class=\"bbc-hhl7in e17g058b0\" dir=\"ltr\"><b>&#8220;La crisis energ\u00e9tica est\u00e1 afectando en todos los sentidos&#8221;, afirma Jouvin. &#8220;El costo de inversi\u00f3n y mantenimiento no estaba previsto y est\u00e1 encareciendo las construcciones. No todas las empresas tienen capacidad para invertir&#8221;.<\/b><\/p>\n<\/div>\n<div class=\"bbc-19j92fr ebmt73l0\" dir=\"ltr\">\n<p class=\"bbc-hhl7in e17g058b0\" dir=\"ltr\">Este primer semestre de 2024, el sector de la construcci\u00f3n registr\u00f3 una ca\u00edda del 17% en comparaci\u00f3n con 2023. &#8220;Fue el sector m\u00e1s afectado de la econom\u00eda ecuatoriana&#8221;, concluye.<\/p>\n<\/div>\n<div class=\"bbc-19j92fr ebmt73l0\" dir=\"ltr\">\n<p class=\"bbc-hhl7in e17g058b0\" dir=\"ltr\">El impacto tambi\u00e9n se siente en otros sectores.<\/p>\n<\/div>\n<div class=\"bbc-19j92fr ebmt73l0\" dir=\"ltr\">\n<p class=\"bbc-hhl7in e17g058b0\" dir=\"ltr\">Este viernes, M\u00f3nica Heller, presidenta de la C\u00e1mara de Comercio de Quito, dijo en una entrevista que solo en los \u00faltimos dos meses las p\u00e9rdidas en el sector industrial alcanzaron los US$4,000 millones y en el sector comercial, US$3.500 millones, lo que ha derivado en numerosos despidos.<\/p>\n<p dir=\"ltr\">\n<\/div>\n<figure class=\"bbc-1qn0xuy\">\n<div class=\"bbc-18ywsw9\">\n<div style=\"width: 1034px\" class=\"wp-caption alignnone\"><img loading=\"lazy\" decoding=\"async\" class=\"bbc-139onq\" src=\"https:\/\/ichef.bbci.co.uk\/ace\/ws\/640\/cpsprodpb\/c050\/live\/d39fa260-a345-11ef-a4fe-a3e9a6c5d640.jpg.webp\" alt=\"Mujer teje con la luz de la luna. \" width=\"1024\" height=\"683\" \/><p class=\"wp-caption-text\">Fuente de la imagen,Getty Images.\u00a0\u00a0&#8220;Hemos vuelto al siglo XVIII&#8221;, dicen muchos en Ecuador.<\/p><\/div>\n<\/div>\n<\/figure>\n<div class=\"bbc-19j92fr ebmt73l0\" dir=\"ltr\">\n<p dir=\"ltr\">\n<p dir=\"ltr\">\n<p class=\"bbc-hhl7in e17g058b0\" dir=\"ltr\">&#8220;Estos cortes de energ\u00eda son devastadores para el comercio y la industria&#8221;, asegura Heller. &#8220;Estamos viendo un impacto directo en los ingresos y en el empleo&#8221;.<\/p>\n<\/div>\n<div class=\"bbc-19j92fr ebmt73l0\" dir=\"ltr\">\n<h2 id=\"Impacto-m\u00e1s-all\u00e1-del-bolsillo\" class=\"bbc-1lgzob2 eglt09e0\" tabindex=\"-1\">Impacto m\u00e1s all\u00e1 del bolsillo<\/h2>\n<\/div>\n<div class=\"bbc-19j92fr ebmt73l0\" dir=\"ltr\">\n<p class=\"bbc-hhl7in e17g058b0\" dir=\"ltr\">Se pierden empleos, dinero, y tambi\u00e9n se arriesgan vidas. Fabricio Palma, paciente renal de 54 a\u00f1os que vive en el suroeste de Guayaquil, ha visto su tratamiento afectado.<\/p>\n<\/div>\n<div class=\"bbc-19j92fr ebmt73l0\" dir=\"ltr\">\n<p class=\"bbc-hhl7in e17g058b0\" dir=\"ltr\">&#8220;Normalmente son cuatro horas de di\u00e1lisis por sesi\u00f3n, pero ahora solo me hacen tres horas&#8221;, cuenta. En una sesi\u00f3n reciente de madrugada, Palma presenci\u00f3 la muerte de un paciente.<\/p>\n<\/div>\n<div class=\"bbc-19j92fr ebmt73l0\" dir=\"ltr\">\n<p class=\"bbc-hhl7in e17g058b0\" dir=\"ltr\">&#8220;Los doctores dijeron que el cuerpo reacciona diferente cuando la di\u00e1lisis se hace de noche&#8221;.<\/p>\n<\/div>\n<div class=\"bbc-19j92fr ebmt73l0\" dir=\"ltr\">\n<h2 id=\"Estr\u00e9s-en-el-tr\u00e1fico\" class=\"bbc-1lgzob2 eglt09e0\" tabindex=\"-1\">Estr\u00e9s en el tr\u00e1fico<\/h2>\n<\/div>\n<div class=\"bbc-19j92fr ebmt73l0\" dir=\"ltr\">\n<p class=\"bbc-hhl7in e17g058b0\" dir=\"ltr\">La crisis tambi\u00e9n se refleja en el caos vial. Christian Calvache, agente de tr\u00e1nsito en Guayaquil, relata el desgaste de intentar regular el tr\u00e1fico sin sem\u00e1foros.<\/p>\n<\/div>\n<div class=\"bbc-19j92fr ebmt73l0\" dir=\"ltr\">\n<p class=\"bbc-hhl7in e17g058b0\" dir=\"ltr\"><b>&#8220;El desgaste es tanto f\u00edsico como emocional. Termino el turno con dolores de cabeza y la paciencia agotada&#8221;, confiesa Calvache.<\/b><\/p>\n<\/div>\n<div class=\"bbc-19j92fr ebmt73l0\" dir=\"ltr\">\n<p class=\"bbc-hhl7in e17g058b0\" dir=\"ltr\">La ciudad cuenta con m\u00e1s de 1.100 intersecciones semaforizadas, algunas de las cuales tienen sistemas de alimentaci\u00f3n con bater\u00edas, pero &#8220;muchas no aguantan cuatro horas de corte&#8221;, reconoce.<\/p>\n<\/div>\n<div class=\"bbc-19j92fr ebmt73l0\" dir=\"ltr\">\n<p class=\"bbc-hhl7in e17g058b0\" dir=\"ltr\">Calvache insta a los conductores a tener paciencia, pero admite que &#8220;la falta de empat\u00eda es evidente&#8221;.<\/p>\n<\/div>\n<div class=\"bbc-19j92fr ebmt73l0\" dir=\"ltr\">\n<h2 id=\"Volver-al-siglo-18\" class=\"bbc-1lgzob2 eglt09e0\" tabindex=\"-1\">&#8220;Volver al siglo 18&#8221;<\/h2>\n<\/div>\n<div class=\"bbc-19j92fr ebmt73l0\" dir=\"ltr\">\n<p class=\"bbc-hhl7in e17g058b0\" dir=\"ltr\">Allen Panchana y Daniela Sangurima, una pareja de esposos con tres hijas, han adoptado medidas para proteger a su familia. Viven en un conjunto residencial cerrado en Samborond\u00f3n, una ciudad vecina a Guayaquil.<\/p>\n<\/div>\n<div class=\"bbc-19j92fr ebmt73l0\" dir=\"ltr\">\n<p class=\"bbc-hhl7in e17g058b0\" dir=\"ltr\">Pero los cortes los afectan diariamente.<\/p>\n<\/div>\n<div class=\"bbc-19j92fr ebmt73l0\" dir=\"ltr\">\n<p class=\"bbc-hhl7in e17g058b0\" dir=\"ltr\"><b>&#8220;No podemos cocinar ni usar agua potable cuando no hay energ\u00eda porque la cocina es de inducci\u00f3n y las bombas de agua necesitan motor<\/b>.<b>\u00a0<\/b>Durante los cortes, nos toca\u00a0<i class=\"bbc-h1y5j7 eih42320\">volver al siglo 18 y agarrar una jarrita<\/i>\u201d, comenta Allen.<\/p>\n<\/div>\n<div class=\"bbc-19j92fr ebmt73l0\" dir=\"ltr\">\n<p class=\"bbc-hhl7in e17g058b0\" dir=\"ltr\">Daniela a\u00f1ade que la crisis afecta la rutina de sus hijas. &#8220;Las inscribimos en actividades para que no sientan el estr\u00e9s de esta situaci\u00f3n, que nadie deber\u00eda normalizar&#8221;, expresa.<\/p>\n<\/div>\n<div class=\"bbc-19j92fr ebmt73l0\" dir=\"ltr\">\n<p class=\"bbc-hhl7in e17g058b0\" dir=\"ltr\">Sin embargo, admite que la falta de energ\u00eda altera su descanso y hace que sus hijas se despierten agotadas.<\/p>\n<p dir=\"ltr\">\n<\/div>\n<figure class=\"bbc-1qn0xuy\">\n<div class=\"bbc-18ywsw9\">\n<div style=\"width: 1034px\" class=\"wp-caption alignnone\"><img loading=\"lazy\" decoding=\"async\" class=\"bbc-139onq\" src=\"https:\/\/ichef.bbci.co.uk\/ace\/ws\/640\/cpsprodpb\/87c8\/live\/3331bab0-a346-11ef-8ab9-9192db313061.jpg.webp\" alt=\"Planta el\u00e9ctrica\" width=\"1024\" height=\"683\" \/><p class=\"wp-caption-text\">Fuente de la imagen,Getty Images.\u00a0\u00a0Las plantas el\u00e9ctricas se han convertido en un objeto habitual del paisaje en Ecuador.<\/p><\/div>\n<\/div>\n<\/figure>\n<div class=\"bbc-19j92fr ebmt73l0\" dir=\"ltr\">\n<h2 tabindex=\"-1\"><\/h2>\n<h2 id=\"Voz-de-aliento\" class=\"bbc-1lgzob2 eglt09e0\" tabindex=\"-1\">Voz de aliento<\/h2>\n<\/div>\n<div class=\"bbc-19j92fr ebmt73l0\" dir=\"ltr\">\n<p class=\"bbc-hhl7in e17g058b0\" dir=\"ltr\">Cuatro ministros han pasado por la cartera de Energ\u00eda en el \u00faltimo a\u00f1o del gobierno de Daniel Noboa.<\/p>\n<\/div>\n<div class=\"bbc-19j92fr ebmt73l0\" dir=\"ltr\">\n<p class=\"bbc-hhl7in e17g058b0\" dir=\"ltr\">Uno de ellos enfrenta actualmente un juicio pol\u00edtico. In\u00e9s Manzano, la actual ministra, ha prometido medidas a corto plazo, como la compra de energ\u00eda a proveedores privados, pero la percepci\u00f3n general es que estas llegan tarde y de manera desigual.<\/p>\n<\/div>\n<div class=\"bbc-19j92fr ebmt73l0\" dir=\"ltr\">\n<p class=\"bbc-hhl7in e17g058b0\" dir=\"ltr\"><b>Hasta el 17 de septiembre, los cortes ser\u00e1n de 12 horas. En esa fecha, el Ministerio de Energ\u00eda decidir\u00e1 si se mantienen o aumentan, dependiendo de las lluvias.<\/b><\/p>\n<\/div>\n<div class=\"bbc-19j92fr ebmt73l0\" dir=\"ltr\">\n<p class=\"bbc-hhl7in e17g058b0\" dir=\"ltr\">Desde varios sectores, se anuncian movilizaciones, con ciudadanos cansados que llaman a &#8220;apagar las velas y encender la llama de la organizaci\u00f3n&#8221;.<\/p>\n<\/div>\n","protected":false},"excerpt":{"rendered":"<p>&nbsp; &nbsp; Liz Orozco tiene miedo. Desde que empezaron los racionamientos de energ\u00eda de 12 a 14 horas diarias en Ecuador el 18 de septiembre,&hellip;<\/p>\n","protected":false},"author":99,"featured_media":524968,"comment_status":"open","ping_status":"open","sticky":false,"template":"","format":"standard","meta":{"footnotes":""},"categories":[23],"tags":[],"class_list":["post-524967","post","type-post","status-publish","format-standard","has-post-thumbnail","hentry","category-latinoamerica"],"_links":{"self":[{"href":"https:\/\/diarioelpopular.com\/index.php\/wp-json\/wp\/v2\/posts\/524967","targetHints":{"allow":["GET"]}}],"collection":[{"href":"https:\/\/diarioelpopular.com\/index.php\/wp-json\/wp\/v2\/posts"}],"about":[{"href":"https:\/\/diarioelpopular.com\/index.php\/wp-json\/wp\/v2\/types\/post"}],"author":[{"embeddable":true,"href":"https:\/\/diarioelpopular.com\/index.php\/wp-json\/wp\/v2\/users\/99"}],"replies":[{"embeddable":true,"href":"https:\/\/diarioelpopular.com\/index.php\/wp-json\/wp\/v2\/comments?post=524967"}],"version-history":[{"count":1,"href":"https:\/\/diarioelpopular.com\/index.php\/wp-json\/wp\/v2\/posts\/524967\/revisions"}],"predecessor-version":[{"id":524969,"href":"https:\/\/diarioelpopular.com\/index.php\/wp-json\/wp\/v2\/posts\/524967\/revisions\/524969"}],"wp:featuredmedia":[{"embeddable":true,"href":"https:\/\/diarioelpopular.com\/index.php\/wp-json\/wp\/v2\/media\/524968"}],"wp:attachment":[{"href":"https:\/\/diarioelpopular.com\/index.php\/wp-json\/wp\/v2\/media?parent=524967"}],"wp:term":[{"taxonomy":"category","embeddable":true,"href":"https:\/\/diarioelpopular.com\/index.php\/wp-json\/wp\/v2\/categories?post=524967"},{"taxonomy":"post_tag","embeddable":true,"href":"https:\/\/diarioelpopular.com\/index.php\/wp-json\/wp\/v2\/tags?post=524967"}],"curies":[{"name":"wp","href":"https:\/\/api.w.org\/{rel}","templated":true}]}}