{"id":525001,"date":"2024-11-16T11:50:21","date_gmt":"2024-11-16T15:50:21","guid":{"rendered":"https:\/\/diarioelpopular.com\/?p=525001"},"modified":"2024-11-16T11:50:21","modified_gmt":"2024-11-16T15:50:21","slug":"la-caida-del-dolar-y-la-debilidad-de-la-economia-perjudican-al-ciudadano-medio-canadiense","status":"publish","type":"post","link":"https:\/\/diarioelpopular.com\/index.php\/2024\/11\/16\/la-caida-del-dolar-y-la-debilidad-de-la-economia-perjudican-al-ciudadano-medio-canadiense\/","title":{"rendered":"La ca\u00edda del d\u00f3lar y la debilidad de la econom\u00eda perjudican al ciudadano medio canadiense"},"content":{"rendered":"<p><img loading=\"lazy\" decoding=\"async\" class=\"alignnone size-custom-full-size wp-image-525002\" src=\"https:\/\/diarioelpopular.com\/wp-content\/uploads\/2024\/11\/Screen-Shot-2024-11-16-at-10.49.51-AM-636x521.png\" alt=\"\" width=\"636\" height=\"521\" srcset=\"https:\/\/diarioelpopular.com\/wp-content\/uploads\/2024\/11\/Screen-Shot-2024-11-16-at-10.49.51-AM-636x521.png 636w, https:\/\/diarioelpopular.com\/wp-content\/uploads\/2024\/11\/Screen-Shot-2024-11-16-at-10.49.51-AM-300x246.png 300w, https:\/\/diarioelpopular.com\/wp-content\/uploads\/2024\/11\/Screen-Shot-2024-11-16-at-10.49.51-AM-768x629.png 768w, https:\/\/diarioelpopular.com\/wp-content\/uploads\/2024\/11\/Screen-Shot-2024-11-16-at-10.49.51-AM-89x73.png 89w, https:\/\/diarioelpopular.com\/wp-content\/uploads\/2024\/11\/Screen-Shot-2024-11-16-at-10.49.51-AM.png 872w\" sizes=\"auto, (max-width: 636px) 100vw, 636px\" \/><\/p>\n<p>&nbsp;<\/p>\n<ul>\n<li><em><strong>El d\u00f3lar canadiense cotiza a 70 centavos por primera vez en a\u00f1os, lo que hace que los precios de los alimentos suban para las familias.<\/strong><\/em><\/li>\n<\/ul>\n<p>&nbsp;<\/p>\n<p>&nbsp;<\/p>\n<p>Las cosas van mal para el d\u00f3lar canadiense y es probable que empeoren, al menos en el corto plazo.<\/p>\n<p>El d\u00f3lar alcanz\u00f3 un m\u00ednimo de 70 centavos por d\u00f3lar estadounidense esta semana, una ca\u00edda que no hemos visto en m\u00e1s de cuatro a\u00f1os.<\/p>\n<p>En febrero de 2020, justo antes de que la pandemia afectara a Canad\u00e1, el d\u00f3lar canadiense cay\u00f3 a 70 centavos.<\/p>\n<p>La debilidad del d\u00f3lar significa que muchas de las cosas que compramos, especialmente cosas como frutas y verduras frescas importadas durante los meses de invierno, van a subir de precio. Justo cuando nos est\u00e1bamos recuperando de tres a\u00f1os de inflaci\u00f3n galopante que hizo subir los precios, ahora tenemos la alegr\u00eda de un d\u00f3lar canadiense m\u00e1s d\u00e9bil que hace subir los precios.<\/p>\n<p>La ca\u00edda del precio del petr\u00f3leo todav\u00eda afecta a la econom\u00eda canadiense a pesar de los intentos del gobierno de Trudeau de asfixiar a la industria. El precio del barril de West Texas Intermediate ha ca\u00eddo de 86 d\u00f3lares a principios de este a\u00f1o a 67 d\u00f3lares ahora y, por supuesto, el petr\u00f3leo canadiense, como el Western Select, se negocia incluso m\u00e1s bajo, a 57 d\u00f3lares el barril.<\/p>\n<p>La ca\u00edda de los precios del petr\u00f3leo puede ser buena para nosotros en la gasolinera, pero tambi\u00e9n puede hacer que todo sea m\u00e1s caro. En este momento, los consumidores est\u00e1n recibiendo la peor parte de la golosina, pase lo que pase.<\/p>\n<p>Los recortes de las tasas de inter\u00e9s del Banco de Canad\u00e1 fueron una buena noticia para muchos. Pero al recortar m\u00e1s agresivamente que la Reserva Federal estadounidense, el Banco de Canad\u00e1 puede haber perseguido la inversi\u00f3n hacia el sur, lo que llev\u00f3 a un d\u00f3lar m\u00e1s bajo.<\/p>\n<p>A todo eso se suma el hecho de que la econom\u00eda canadiense no est\u00e1 funcionando tan bien como la econom\u00eda estadounidense. Lo que da miedo es que la econom\u00eda estadounidense est\u00e1 a punto de recibir un impulso en el A\u00f1o Nuevo de parte del presidente electo Donald Trump, lo que podr\u00eda dejarnos a\u00fan m\u00e1s atr\u00e1s.<\/p>\n<p>En un art\u00edculo para The Hub recientemente, el economista Trevor Tombe estim\u00f3 el PIB real per c\u00e1pita en Canad\u00e1 en 44.400 d\u00f3lares, en comparaci\u00f3n con los 66.300 d\u00f3lares basados \u200b\u200ben d\u00f3lares de 2015. La brecha entre el PIB per c\u00e1pita de los dos pa\u00edses se ha ido ampliando durante a\u00f1os y se ha vuelto m\u00e1s pronunciada a medida que la econom\u00eda estadounidense supera a la nuestra.<\/p>\n<p>Esto se traduce en salarios m\u00e1s bajos para los trabajadores canadienses y un menor poder adquisitivo, que se ha reducido en este pa\u00eds durante la \u00faltima d\u00e9cada.<\/p>\n<p>Hace dos semanas, Statistics Canada public\u00f3 su \u00faltimo informe que muestra que el PIB per c\u00e1pita en Canad\u00e1 se ha reducido, lo que significa que nos estamos volviendo m\u00e1s pobres, en ocho de los \u00faltimos nueve trimestres. Gran parte del pa\u00eds ahora est\u00e1 rezagado con respecto a estados que no considerar\u00edamos ricos, como Alabama o Mississippi.<\/p>\n<p>En medio de todo esto, Justin Trudeau y sus liberales est\u00e1n cantando Sweet Caroline y diciendo a los canadienses &#8220;Los buenos tiempos nunca parecieron tan buenos&#8221;.<\/p>\n<p>El gobierno liberal tambi\u00e9n sigue aumentando los impuestos: los impuestos sobre la n\u00f3mina aumentar\u00e1n el 1 de enero, seguidos por el aumento del impuesto al carbono el 1 de abril junto con el aumento anual del impuesto a la cerveza y el vino ese mismo d\u00eda. Todos estos cambios aparentemente peque\u00f1os tienen un efecto acumulativo mucho mayor en nuestra econom\u00eda, en nuestra riqueza colectiva e individual.<\/p>\n<p>Mientras la econom\u00eda canadiense atraviesa dificultades, los liberales de Trudeau decidieron que ahora ser\u00eda un buen momento para imponer un l\u00edmite a las emisiones, lo que en realidad significa un l\u00edmite a la producci\u00f3n, en el sector del petr\u00f3leo y el gas. Ning\u00fan otro productor de petr\u00f3leo y gas del mundo, ni siquiera la verde y progresista Noruega, est\u00e1 haciendo esto, solo Canad\u00e1.<\/p>\n<p>Tambi\u00e9n estamos haciendo esto justo cuando la administraci\u00f3n entrante de Trump ha prometido aumentar la producci\u00f3n de petr\u00f3leo y gas y expandir las exportaciones de gas natural licuado, para el cual Trudeau dijo que no hab\u00eda mercado. Todas estas razones har\u00e1n que la econom\u00eda canadiense se quede a\u00fan m\u00e1s atr\u00e1s de la econom\u00eda estadounidense, el d\u00f3lar caer\u00e1 a\u00fan m\u00e1s y todos seremos m\u00e1s pobres por ello.<\/p>\n<p>Nuestro pa\u00eds est\u00e1 siendo dirigido por analfabetos econ\u00f3micos: cuanto antes los reemplace un gobierno que ayude a la econom\u00eda canadiense y no la perjudique, mejor.<\/p>\n","protected":false},"excerpt":{"rendered":"<p>&nbsp; El d\u00f3lar canadiense cotiza a 70 centavos por primera vez en a\u00f1os, lo que hace que los precios de los alimentos suban para las&hellip;<\/p>\n","protected":false},"author":99,"featured_media":525002,"comment_status":"open","ping_status":"open","sticky":false,"template":"","format":"standard","meta":{"footnotes":""},"categories":[21,11191],"tags":[],"class_list":["post-525001","post","type-post","status-publish","format-standard","has-post-thumbnail","hentry","category-canada","category-top-news"],"_links":{"self":[{"href":"https:\/\/diarioelpopular.com\/index.php\/wp-json\/wp\/v2\/posts\/525001","targetHints":{"allow":["GET"]}}],"collection":[{"href":"https:\/\/diarioelpopular.com\/index.php\/wp-json\/wp\/v2\/posts"}],"about":[{"href":"https:\/\/diarioelpopular.com\/index.php\/wp-json\/wp\/v2\/types\/post"}],"author":[{"embeddable":true,"href":"https:\/\/diarioelpopular.com\/index.php\/wp-json\/wp\/v2\/users\/99"}],"replies":[{"embeddable":true,"href":"https:\/\/diarioelpopular.com\/index.php\/wp-json\/wp\/v2\/comments?post=525001"}],"version-history":[{"count":1,"href":"https:\/\/diarioelpopular.com\/index.php\/wp-json\/wp\/v2\/posts\/525001\/revisions"}],"predecessor-version":[{"id":525003,"href":"https:\/\/diarioelpopular.com\/index.php\/wp-json\/wp\/v2\/posts\/525001\/revisions\/525003"}],"wp:featuredmedia":[{"embeddable":true,"href":"https:\/\/diarioelpopular.com\/index.php\/wp-json\/wp\/v2\/media\/525002"}],"wp:attachment":[{"href":"https:\/\/diarioelpopular.com\/index.php\/wp-json\/wp\/v2\/media?parent=525001"}],"wp:term":[{"taxonomy":"category","embeddable":true,"href":"https:\/\/diarioelpopular.com\/index.php\/wp-json\/wp\/v2\/categories?post=525001"},{"taxonomy":"post_tag","embeddable":true,"href":"https:\/\/diarioelpopular.com\/index.php\/wp-json\/wp\/v2\/tags?post=525001"}],"curies":[{"name":"wp","href":"https:\/\/api.w.org\/{rel}","templated":true}]}}