{"id":525018,"date":"2024-11-16T12:26:00","date_gmt":"2024-11-16T16:26:00","guid":{"rendered":"https:\/\/diarioelpopular.com\/?p=525018"},"modified":"2024-11-16T12:26:00","modified_gmt":"2024-11-16T16:26:00","slug":"los-campos-de-california-y-la-alimentacion-del-pais-en-vilo-ante-la-amenaza-de-las-deportaciones-de-trump","status":"publish","type":"post","link":"https:\/\/diarioelpopular.com\/index.php\/2024\/11\/16\/los-campos-de-california-y-la-alimentacion-del-pais-en-vilo-ante-la-amenaza-de-las-deportaciones-de-trump\/","title":{"rendered":"Los campos de California (y la alimentaci\u00f3n del pa\u00eds), en vilo ante la amenaza de las deportaciones de Trump"},"content":{"rendered":"<div id=\"attachment_525020\" style=\"width: 646px\" class=\"wp-caption alignnone\"><img loading=\"lazy\" decoding=\"async\" aria-describedby=\"caption-attachment-525020\" class=\"wp-image-525020 size-custom-full-size\" src=\"https:\/\/diarioelpopular.com\/wp-content\/uploads\/2024\/11\/Screen-Shot-2024-11-16-at-11.25.13-AM-e1731774333246-636x380.png\" alt=\"\" width=\"636\" height=\"380\" srcset=\"https:\/\/diarioelpopular.com\/wp-content\/uploads\/2024\/11\/Screen-Shot-2024-11-16-at-11.25.13-AM-e1731774333246-636x380.png 636w, https:\/\/diarioelpopular.com\/wp-content\/uploads\/2024\/11\/Screen-Shot-2024-11-16-at-11.25.13-AM-e1731774333246-300x179.png 300w, https:\/\/diarioelpopular.com\/wp-content\/uploads\/2024\/11\/Screen-Shot-2024-11-16-at-11.25.13-AM-e1731774333246-768x459.png 768w, https:\/\/diarioelpopular.com\/wp-content\/uploads\/2024\/11\/Screen-Shot-2024-11-16-at-11.25.13-AM-e1731774333246-122x73.png 122w, https:\/\/diarioelpopular.com\/wp-content\/uploads\/2024\/11\/Screen-Shot-2024-11-16-at-11.25.13-AM-e1731774333246.png 1023w\" sizes=\"auto, (max-width: 636px) 100vw, 636px\" \/><p id=\"caption-attachment-525020\" class=\"wp-caption-text\">Trabajadores agr\u00edcolas recogen pasas en un vi\u00f1edo en Fresno, California, en una fotograf\u00eda de archivo. Gosia Wozniacka (AP)<\/p><\/div>\n<p>&nbsp;<\/p>\n<h4 class=\"a_st\"><em>&#8211; La industria agraria del Estado, donde la mayor\u00eda de los trabajadores son indocumentados, advierte de un efecto domin\u00f3 que puede desbaratar la cadena de alimentos<\/em><\/h4>\n<p>&nbsp;<\/p>\n<p class=\"\">Estos d\u00edas de oto\u00f1o, los nogales y los almendros est\u00e1n cargados de frutos y el trabajo es intenso: California produce el 100% de las nueces y las almendras del pa\u00eds, y de estas \u00faltimas la producci\u00f3n californiana tambi\u00e9n supone el 80% a nivel global. La agricultura en este Estado es una industria enorme que abarca 400 variedades de cultivos, desde los campos de hortalizas del sur hasta los vi\u00f1edos del norte, y que mueve miles de millones de d\u00f3lares anuales.<\/p>\n<p class=\"\">Pero a pesar de la dimensi\u00f3n del negocio, ahora mismo no se siente la despreocupaci\u00f3n de los tiempos de bonanza, los campos est\u00e1n en vilo ante la amenaza de las deportaciones masivas de Trump. Alrededor de\u00a0<a href=\"https:\/\/www.ers.usda.gov\/topics\/farm-economy\/farm-labor\/\" target=\"_blank\" rel=\"noopener\" data-link-track-dtm=\"\" data-mrf-link=\"https:\/\/www.ers.usda.gov\/topics\/farm-economy\/farm-labor\/\">la mitad de los 2,4 millones de trabajadores\u00a0<\/a>en los campos de Estados Unidos son inmigrantes indocumentados. Y en California, conocido como el granero del pa\u00eds porque produce un tercio de las verduras y tres cuartas partes de las frutas del pa\u00eds, la cifra puede alcanzar a ser el 70% en ciertas zonas.<\/p>\n<p class=\"\">El presidente electo hizo del anuncio de\u00a0<a href=\"https:\/\/elpais.com\/us\/migracion\/2024-09-19\/el-54-de-los-votantes-respalda-la-mayor-deportacion-de-la-historia-que-promete-trump.html\" data-link-track-dtm=\"\" data-mrf-link=\"https:\/\/elpais.com\/us\/migracion\/2024-09-19\/el-54-de-los-votantes-respalda-la-mayor-deportacion-de-la-historia-que-promete-trump.html\">\u201cla mayor deportaci\u00f3n de la historia\u201d<\/a>\u00a0un eje de su campa\u00f1a. El objetivo abiertamente compartido son los millones de migrantes sin papeles \u2014entre 11 millones, la cifra oficial, y 25 millones, el n\u00famero m\u00e1s alto que Trump mismo ha lanzado sin mostrar pruebas\u2014 que est\u00e1n actualmente en Estados Unidos. En los meses anteriores a las elecciones mucho se dijo de<a href=\"https:\/\/elpais.com\/us\/2024-09-21\/mas-de-10-veces-el-presupuesto-para-migracion-y-una-posible-recesion-el-costo-de-la-gran-deportacion-de-trump.html\" data-link-track-dtm=\"\" data-mrf-link=\"https:\/\/elpais.com\/us\/2024-09-21\/mas-de-10-veces-el-presupuesto-para-migracion-y-una-posible-recesion-el-costo-de-la-gran-deportacion-de-trump.html\">\u00a0los costos, inmediatos y a largo plazo, que tal pol\u00edtica tendr\u00eda para la econom\u00eda estadounidense<\/a>, pero ahora que las deportaciones masivas se ven m\u00e1s claramente en el horizonte, la situaci\u00f3n est\u00e1 dejando de ser hipot\u00e9tica. Las advertencias sobre una devastadora campa\u00f1a de deportaci\u00f3n implementada en California dibujan un efecto domin\u00f3 capaz de desbaratar la cadena de alimentos del pa\u00eds y de socavar los<a href=\"https:\/\/elpais.com\/us\/2024-05-31\/el-verano-de-2024-una-amenaza-de-muerte-para-los-trabajadores-agricolas-de-estados-unidos.html\" data-link-track-dtm=\"\" data-mrf-link=\"https:\/\/elpais.com\/us\/2024-05-31\/el-verano-de-2024-una-amenaza-de-muerte-para-los-trabajadores-agricolas-de-estados-unidos.html\">\u00a0ya de por s\u00ed deficientes derechos de los trabajadores agr\u00edcolas.<\/a><\/p>\n<p>&nbsp;<\/p>\n<figure class=\"a_m a_m-h \">\n<p><div style=\"width: 424px\" class=\"wp-caption alignnone\"><img loading=\"lazy\" decoding=\"async\" class=\"_re lazyload a_m-h\" src=\"https:\/\/imagenes.elpais.com\/resizer\/v2\/BUV4ZAOKUSVFMWST5V6W4UV3KA.jpg?auth=8f2894a6d8efb2ad64dab6e5fae99a40933d7fcf5936e43faf72dd827d1209ba&amp;width=414\" sizes=\"auto, (min-width:1199px) 1155px,(min-width:1001px) calc(100vw - 44px),(min-width:768px) 767px, 100vw\" srcset=\"https:\/\/imagenes.elpais.com\/resizer\/v2\/BUV4ZAOKUSVFMWST5V6W4UV3KA.jpg?auth=8f2894a6d8efb2ad64dab6e5fae99a40933d7fcf5936e43faf72dd827d1209ba&amp;width=414 414w,https:\/\/imagenes.elpais.com\/resizer\/v2\/BUV4ZAOKUSVFMWST5V6W4UV3KA.jpg?auth=8f2894a6d8efb2ad64dab6e5fae99a40933d7fcf5936e43faf72dd827d1209ba&amp;width=828 640w,https:\/\/imagenes.elpais.com\/resizer\/v2\/BUV4ZAOKUSVFMWST5V6W4UV3KA.jpg?auth=8f2894a6d8efb2ad64dab6e5fae99a40933d7fcf5936e43faf72dd827d1209ba&amp;width=980 1000w,https:\/\/imagenes.elpais.com\/resizer\/v2\/BUV4ZAOKUSVFMWST5V6W4UV3KA.jpg?auth=8f2894a6d8efb2ad64dab6e5fae99a40933d7fcf5936e43faf72dd827d1209ba&amp;width=1960 1960w\" alt=\"Migrantes deportados de Estados Unidos caminan en el puente fronterizo internacional Paso del Norte, en Ciudad Ju\u00e1rez, en octubre pasado. \" width=\"414\" height=\"277\" \/><p class=\"wp-caption-text\">Migrantes deportados de Estados Unidos caminan en el puente fronterizo internacional Paso del Norte, en Ciudad Ju\u00e1rez, en octubre pasado.Jose Luis Gonzalez (Reuters)<\/p><\/div><figcaption class=\"a_m_p\"><\/figcaption><\/figure>\n<p>&nbsp;<\/p>\n<p class=\"\">\u201cCualquier plan para llevar a cabo deportaciones masivas ser\u00eda devastador tanto para la industria agr\u00edcola como para los consumidores, porque cualquier interrupci\u00f3n en la industria disparar\u00eda los precios en un momento en que los trabajadores ya est\u00e1n preocupados por la inflaci\u00f3n\u201d, se\u00f1ala en una llamada Edward Orozco Flores, director de facultad del Centro de Comunidad y Trabajo de la Universidad de California en Merced, que se enfoca en investigar acerca del trabajo rural, los derechos de los trabajadores, los derechos de los inmigrantes y los efectos ambientales.<\/p>\n<p class=\"\">Ubicado en el coraz\u00f3n del valle de San Joaqu\u00edn, el n\u00facleo de la agricultura californiana, es el mayor centro de investigaci\u00f3n de su tipo en un \u00e1rea rural. \u201cLos economistas estudian c\u00f3mo un cambio de un d\u00edgito en las cifras de desempleo pueden tener\u00a0<a href=\"https:\/\/elpais.com\/us\/2024-09-21\/mas-de-10-veces-el-presupuesto-para-migracion-y-una-posible-recesion-el-costo-de-la-gran-deportacion-de-trump.html\" data-link-track-dtm=\"\" data-mrf-link=\"https:\/\/elpais.com\/us\/2024-09-21\/mas-de-10-veces-el-presupuesto-para-migracion-y-una-posible-recesion-el-costo-de-la-gran-deportacion-de-trump.html\">consecuencias fundamentales para el sistema econ\u00f3mico entero<\/a>. La industria agr\u00edcola no ser\u00eda la excepci\u00f3n\u201d, a\u00f1ade Orozco.<\/p>\n<p class=\"\">Un incremento en el costo de la producci\u00f3n sumada a una disminuci\u00f3n de la misma, que es lo que causar\u00eda un descenso en el n\u00famero de trabajadores disponibles en el campo, se traducir\u00eda en precios m\u00e1s altos para los transportistas y los consumidores, e incluso para los exportadores de productos agr\u00edcolas \u2014que ya tienen el riesgo de una serie de guerras comerciales latente con las amenazas arancelarias del presidente electo Trump que cortar\u00edan sus m\u00e1rgenes\u2014. Adem\u00e1s, las deportaciones tambi\u00e9n afectar\u00edan profundamente a la oferta laboral en la industria c\u00e1rnica o en el procesamiento de alimentos.<\/p>\n<p>&nbsp;<\/p>\n<figure class=\"a_m a_m-h \">\n<p><div style=\"width: 424px\" class=\"wp-caption alignnone\"><img loading=\"lazy\" decoding=\"async\" class=\"_re lazyload a_m-h\" src=\"https:\/\/imagenes.elpais.com\/resizer\/v2\/FQXAOH4ELZJDZMYQERZB72AXJ4.jpg?auth=db6411e818d8d967d86d11ed35e82d7da520a2e8b613d5670a743f37d73c17da&amp;width=414\" sizes=\"auto, (min-width:1199px) 1155px,(min-width:1001px) calc(100vw - 44px),(min-width:768px) 767px, 100vw\" srcset=\"https:\/\/imagenes.elpais.com\/resizer\/v2\/FQXAOH4ELZJDZMYQERZB72AXJ4.jpg?auth=db6411e818d8d967d86d11ed35e82d7da520a2e8b613d5670a743f37d73c17da&amp;width=414 414w,https:\/\/imagenes.elpais.com\/resizer\/v2\/FQXAOH4ELZJDZMYQERZB72AXJ4.jpg?auth=db6411e818d8d967d86d11ed35e82d7da520a2e8b613d5670a743f37d73c17da&amp;width=828 640w,https:\/\/imagenes.elpais.com\/resizer\/v2\/FQXAOH4ELZJDZMYQERZB72AXJ4.jpg?auth=db6411e818d8d967d86d11ed35e82d7da520a2e8b613d5670a743f37d73c17da&amp;width=980 1000w,https:\/\/imagenes.elpais.com\/resizer\/v2\/FQXAOH4ELZJDZMYQERZB72AXJ4.jpg?auth=db6411e818d8d967d86d11ed35e82d7da520a2e8b613d5670a743f37d73c17da&amp;width=1960 1960w\" alt=\"El bracero mexicano Berazmo Venegas, en un descanso durante la cosecha en el valle de San Joaqu\u00edn, California.\" width=\"414\" height=\"276\" \/><p class=\"wp-caption-text\">El bracero mexicano Berazmo Venegas, en un descanso durante la cosecha en el valle de San Joaqu\u00edn, California.Brian Frank<\/p><\/div><figcaption class=\"a_m_p\"><\/figcaption><\/figure>\n<p>&nbsp;<\/p>\n<p>&nbsp;<\/p>\n<p class=\"\">A pesar de todo esto, los ocho condados que componen el valle de San Joaqu\u00edn parece que\u00a0<a href=\"https:\/\/elpais.com\/\/us\/2024-11-14\/la-ola-conservadora-alcanza-tambien-a-california-el-gran-bastion-democrata.html\" data-link-track-dtm=\"\" data-mrf-link=\"https:\/\/elpais.com\/\/us\/2024-11-14\/la-ola-conservadora-alcanza-tambien-a-california-el-gran-bastion-democrata.html\">se han inclinado por elegir a Donald Trump<\/a>; mientras avanza a paso de tortuga<a href=\"https:\/\/www.nbcnews.com\/politics\/2024-elections\/california-president-results\" target=\"_blank\" rel=\"noopener\" data-link-track-dtm=\"\" data-mrf-link=\"https:\/\/www.nbcnews.com\/politics\/2024-elections\/california-president-results\">\u00a0el conteo de votos en California<\/a>, en todos est\u00e1 por delante el republicano. \u201cCualquiera que conduzca por la 99 aqu\u00ed en California, ver\u00e1 carteles de los agricultores en apoyo a Trump\u201d, describe Orozco. \u201cPero sus negocios dependen en gran parte de trabajadores migrantes indocumentados\u201d, contin\u00faa, y pone el foco en una aparente contradicci\u00f3n.<\/p>\n<p class=\"\">Aparente porque aunque pueda parecer que afectar\u00e1 la rentabilidad de sus operaciones, la amenaza de deportaci\u00f3n tambi\u00e9n les da mucho poder sobre sus empleados. El trabajo agr\u00edcola y dom\u00e9stico son los \u00fanicos sectores que no garantizan los mismos derechos laborales que las dem\u00e1s industrias. Es una situaci\u00f3n que se remonta a los a\u00f1os treinta y que se arrastra hasta hoy, cuando los trabajadores agr\u00edcolas, en su gran mayor\u00eda de minor\u00edas, no cuentan con las mismas protecciones sindicales, de trabajo infantil, de salario m\u00ednimo o de horas extras que se disfrutan en otras industrias.<\/p>\n<p class=\"\">\u201cEn los 2010s hubo un caso de una granja de pollos donde los trabajadores se hab\u00edan estado organizando, denunciando las condiciones. Al poco tiempo, hubo una redada migratoria en esa misma planta. Esto tambi\u00e9n deber\u00eda alarmar a la gente, la posibilidad de usar una pol\u00edtica de deportaci\u00f3n masiva como una manera de disciplinar a los trabajadores y empeorar todav\u00eda m\u00e1s las condiciones laborales\u201d, alerta con un ejemplo Orozco.<\/p>\n<p>&nbsp;<\/p>\n<figure class=\"a_m a_m-h \">\n<p><div style=\"width: 424px\" class=\"wp-caption alignnone\"><img loading=\"lazy\" decoding=\"async\" class=\"_re lazyload a_m-h\" src=\"https:\/\/imagenes.elpais.com\/resizer\/v2\/634MUBBT3FE7XIWIF4V4AON2WE.jpg?auth=50fecffb6716937ef1acab6b694a9c3194c601f2ddd8636f58773673d61c3fd9&amp;width=414\" sizes=\"auto, (min-width:1199px) 1155px,(min-width:1001px) calc(100vw - 44px),(min-width:768px) 767px, 100vw\" srcset=\"https:\/\/imagenes.elpais.com\/resizer\/v2\/634MUBBT3FE7XIWIF4V4AON2WE.jpg?auth=50fecffb6716937ef1acab6b694a9c3194c601f2ddd8636f58773673d61c3fd9&amp;width=414 414w,https:\/\/imagenes.elpais.com\/resizer\/v2\/634MUBBT3FE7XIWIF4V4AON2WE.jpg?auth=50fecffb6716937ef1acab6b694a9c3194c601f2ddd8636f58773673d61c3fd9&amp;width=828 640w,https:\/\/imagenes.elpais.com\/resizer\/v2\/634MUBBT3FE7XIWIF4V4AON2WE.jpg?auth=50fecffb6716937ef1acab6b694a9c3194c601f2ddd8636f58773673d61c3fd9&amp;width=980 1000w,https:\/\/imagenes.elpais.com\/resizer\/v2\/634MUBBT3FE7XIWIF4V4AON2WE.jpg?auth=50fecffb6716937ef1acab6b694a9c3194c601f2ddd8636f58773673d61c3fd9&amp;width=1960 1960w\" alt=\"Empleados organizan las papeletas recogidas en las urnas oficiales durante las elecciones en San Francisco, California, el 5 de noviembre.\" width=\"414\" height=\"276\" \/><p class=\"wp-caption-text\">Empleados organizan las papeletas recogidas en las urnas oficiales durante las elecciones en San Francisco, California, el 5 de noviembre.Anadolu (Anadolu via Getty Images)<\/p><\/div><figcaption class=\"a_m_p\"><\/figcaption><\/figure>\n<p>&nbsp;<\/p>\n<p class=\"\">El uso de la amenaza de la deportaci\u00f3n es algo que preocupa a muchos defensores de los derechos laborales de los trabajadores inmigrantes agr\u00edcolas. El hecho de que\u00a0<a href=\"https:\/\/elpais.com\/us\/2024-09-25\/el-largo-costo-de-la-masiva-deportacion-de-trump-podria-reducir-entre-un-26-y-un-6-el-pib-de-estados-unidos.html\" data-link-track-dtm=\"\" data-mrf-link=\"https:\/\/elpais.com\/us\/2024-09-25\/el-largo-costo-de-la-masiva-deportacion-de-trump-podria-reducir-entre-un-26-y-un-6-el-pib-de-estados-unidos.html\">el costo de implementar la deportaci\u00f3n ser\u00eda astron\u00f3mica<\/a>\u00a0e incluso podr\u00eda causar una recesi\u00f3n, seg\u00fan las previsiones m\u00e1s pesimistas, los hace pensar que es mucho m\u00e1s probable que se instrumentalice el miedo a la deportaci\u00f3n para limitar la organizaci\u00f3n sindical y la b\u00fasqueda de una mejora en los trabajos. Les preocupa que est\u00e9n en peligro, especialmente, las protecciones para los trabajadores agr\u00edcolas introducidas por la administraci\u00f3n Biden.<\/p>\n<p class=\"\">Hay precedentes en Estados liderados por republicanos que han demandado al gobierno federal actual por una norma que permite sindicarse a los trabajadores con visado H-2A, dirigida especialmente a personas en industrias con necesidad de mano de obra. Tambi\u00e9n temen que la pr\u00f3xima administraci\u00f3n Trump impugnar\u00eda una pol\u00edtica de Biden denominada Acci\u00f3n Diferida para la Ejecuci\u00f3n Laboral, que protege de la deportaci\u00f3n a los inmigrantes indocumentados que denuncian infracciones laborales.<\/p>\n<p class=\"\">A un poco m\u00e1s de dos meses de la toma de posesi\u00f3n que inaugurar\u00e1 el segundo mandato de Donald Trump, al igual que tantos ciudadanos con ansias sobre lo que implicar\u00e1 la puesta en marcha de su agenda de gobierno, millones de trabajadores que producen los alimentos que dan de comer al pa\u00eds, uno de los eslabones m\u00e1s bajos de la pir\u00e1mide social, se levantan cada d\u00eda con incertidumbre. En unos meses podr\u00edan no tener trabajo ni casa, o en el mejor de los escenarios, ser\u00e1n m\u00e1s vulnerables y su existencia m\u00e1s precaria. No es solo la inflaci\u00f3n, el efecto domin\u00f3 de la pol\u00edtica de deportaciones masivas tiene m\u00e1s de un camino.<\/p>\n<p>&nbsp;<\/p>\n<figure class=\"a_m a_m-h \">\n<p><div style=\"width: 424px\" class=\"wp-caption alignnone\"><img loading=\"lazy\" decoding=\"async\" class=\"_re lazyload a_m-h\" src=\"https:\/\/imagenes.elpais.com\/resizer\/v2\/RXYJ3GQIUBDYTCX2A5RRZULEBY.jpg?auth=9bd94b04c12c59df3c8c1a9d65b21d6eec9810e266c4de95be85f5e2f4398ad5&amp;width=414\" sizes=\"auto, (min-width:1199px) 1155px,(min-width:1001px) calc(100vw - 44px),(min-width:768px) 767px, 100vw\" srcset=\"https:\/\/imagenes.elpais.com\/resizer\/v2\/RXYJ3GQIUBDYTCX2A5RRZULEBY.jpg?auth=9bd94b04c12c59df3c8c1a9d65b21d6eec9810e266c4de95be85f5e2f4398ad5&amp;width=414 414w,https:\/\/imagenes.elpais.com\/resizer\/v2\/RXYJ3GQIUBDYTCX2A5RRZULEBY.jpg?auth=9bd94b04c12c59df3c8c1a9d65b21d6eec9810e266c4de95be85f5e2f4398ad5&amp;width=828 640w,https:\/\/imagenes.elpais.com\/resizer\/v2\/RXYJ3GQIUBDYTCX2A5RRZULEBY.jpg?auth=9bd94b04c12c59df3c8c1a9d65b21d6eec9810e266c4de95be85f5e2f4398ad5&amp;width=980 1000w,https:\/\/imagenes.elpais.com\/resizer\/v2\/RXYJ3GQIUBDYTCX2A5RRZULEBY.jpg?auth=9bd94b04c12c59df3c8c1a9d65b21d6eec9810e266c4de95be85f5e2f4398ad5&amp;width=1960 1960w\" alt=\"Empleadas clasifican las almendras el almac\u00e9n de Travaille &amp; Phippen en Manteca, California, en 2018.\" width=\"414\" height=\"279\" \/><p class=\"wp-caption-text\">Empleadas clasifican las almendras el almac\u00e9n de Travaille &amp; Phippen en Manteca, California, en 2018.San Francisco Chronicle\/Hearst N (San Francisco Chronicle via Gett)<\/p><\/div><figcaption class=\"a_m_p\"><\/figcaption><\/figure>\n","protected":false},"excerpt":{"rendered":"<p>&nbsp; &#8211; La industria agraria del Estado, donde la mayor\u00eda de los trabajadores son indocumentados, advierte de un efecto domin\u00f3 que puede desbaratar la cadena&hellip;<\/p>\n","protected":false},"author":99,"featured_media":525020,"comment_status":"open","ping_status":"open","sticky":false,"template":"","format":"standard","meta":{"footnotes":""},"categories":[24],"tags":[],"class_list":["post-525018","post","type-post","status-publish","format-standard","has-post-thumbnail","hentry","category-mundo"],"_links":{"self":[{"href":"https:\/\/diarioelpopular.com\/index.php\/wp-json\/wp\/v2\/posts\/525018","targetHints":{"allow":["GET"]}}],"collection":[{"href":"https:\/\/diarioelpopular.com\/index.php\/wp-json\/wp\/v2\/posts"}],"about":[{"href":"https:\/\/diarioelpopular.com\/index.php\/wp-json\/wp\/v2\/types\/post"}],"author":[{"embeddable":true,"href":"https:\/\/diarioelpopular.com\/index.php\/wp-json\/wp\/v2\/users\/99"}],"replies":[{"embeddable":true,"href":"https:\/\/diarioelpopular.com\/index.php\/wp-json\/wp\/v2\/comments?post=525018"}],"version-history":[{"count":1,"href":"https:\/\/diarioelpopular.com\/index.php\/wp-json\/wp\/v2\/posts\/525018\/revisions"}],"predecessor-version":[{"id":525021,"href":"https:\/\/diarioelpopular.com\/index.php\/wp-json\/wp\/v2\/posts\/525018\/revisions\/525021"}],"wp:featuredmedia":[{"embeddable":true,"href":"https:\/\/diarioelpopular.com\/index.php\/wp-json\/wp\/v2\/media\/525020"}],"wp:attachment":[{"href":"https:\/\/diarioelpopular.com\/index.php\/wp-json\/wp\/v2\/media?parent=525018"}],"wp:term":[{"taxonomy":"category","embeddable":true,"href":"https:\/\/diarioelpopular.com\/index.php\/wp-json\/wp\/v2\/categories?post=525018"},{"taxonomy":"post_tag","embeddable":true,"href":"https:\/\/diarioelpopular.com\/index.php\/wp-json\/wp\/v2\/tags?post=525018"}],"curies":[{"name":"wp","href":"https:\/\/api.w.org\/{rel}","templated":true}]}}