{"id":525025,"date":"2024-11-17T12:14:51","date_gmt":"2024-11-17T16:14:51","guid":{"rendered":"https:\/\/diarioelpopular.com\/?p=525025"},"modified":"2024-11-17T12:14:51","modified_gmt":"2024-11-17T16:14:51","slug":"montreal-declarara-el-estado-de-emergencia-por-la-situacion-de-las-personas-sin-hogar","status":"publish","type":"post","link":"https:\/\/diarioelpopular.com\/index.php\/2024\/11\/17\/montreal-declarara-el-estado-de-emergencia-por-la-situacion-de-las-personas-sin-hogar\/","title":{"rendered":"\u00bfMontreal declarar\u00e1 el estado de emergencia por la situaci\u00f3n de las personas sin hogar?"},"content":{"rendered":"<p><img loading=\"lazy\" decoding=\"async\" class=\"alignnone size-custom-full-size wp-image-525026\" src=\"https:\/\/diarioelpopular.com\/wp-content\/uploads\/2024\/11\/wp_featured_image-51-636x358.jpg\" alt=\"\" width=\"636\" height=\"358\" srcset=\"https:\/\/diarioelpopular.com\/wp-content\/uploads\/2024\/11\/wp_featured_image-51-636x358.jpg 636w, https:\/\/diarioelpopular.com\/wp-content\/uploads\/2024\/11\/wp_featured_image-51-300x169.jpg 300w, https:\/\/diarioelpopular.com\/wp-content\/uploads\/2024\/11\/wp_featured_image-51-768x432.jpg 768w, https:\/\/diarioelpopular.com\/wp-content\/uploads\/2024\/11\/wp_featured_image-51-130x73.jpg 130w, https:\/\/diarioelpopular.com\/wp-content\/uploads\/2024\/11\/wp_featured_image-51.jpg 1020w\" sizes=\"auto, (max-width: 636px) 100vw, 636px\" \/><\/p>\n<p>&nbsp;<\/p>\n<ul>\n<li><em><strong>A medida que el invierno se hace inminente, dos regidores independientes de Montreal instan a las autoridades a considerar declarar un estado de emergencia enfocado en la creciente crisis de falta de vivienda.<\/strong><\/em><\/li>\n<\/ul>\n<p>&nbsp;<\/p>\n<p>&nbsp;<\/p>\n<p>La propuesta, presentada en el inicio de la semana, pide una serie de medidas, tales como emplear todos los medios disponibles para asegurar refugios para aquellos sin un lugar donde vivir y crear alojamientos temporales antes de que lleguen las temperaturas g\u00e9lidas del invierno. Junto a esto, los regidores solicitan mayor inversi\u00f3n en refugios y solicitar a los gobiernos de Quebec y Canad\u00e1 fondos adicionales para cubrir parte de los gastos.<\/p>\n<p>&#8220;Sabemos que la situaci\u00f3n ha alcanzado un punto cr\u00edtico&#8221;, afirm\u00f3 Craig Sauv\u00e9, uno de los regidores que respalda la iniciativa, &#8220;Hay que asegurar de forma urgente que haya un n\u00famero suficiente de camas y refugios para proteger a las personas y brindarles un techo seguro&#8221;.<\/p>\n<p>El otro regidor, Serge Sasseville, subray\u00f3 que los diferentes niveles de gobierno suelen culparse mutuamente por los problemas de falta de vivienda. Sin embargo, ahora cree que Montreal debe tomar la delantera y actuar para proteger a sus habitantes. Sasseville reprob\u00f3 al gobierno de Quebec por su &#8220;grave negligencia&#8221; y remarca que hasta el momento, la ciudad ha hablado m\u00e1s de lo que ha actuado.<\/p>\n<p>Sauv\u00e9 record\u00f3 que no es la primera vez que se declara un estado de emergencia. Montreal recurri\u00f3 a esta medida durante la pandemia del COVID-19 para incrementar la capacidad de los refugios. Seg\u00fan la Ley de Protecci\u00f3n Civil, los municipios pueden declarar un estado de emergencia por un periodo de 10 d\u00edas cuando los procedimientos habituales sean insuficientes para salvaguardar r\u00e1pidamente la vida humana.<\/p>\n<p>De acuerdo a la autoridad sanitaria regional, en Montreal existen actualmente 1,835 camas en refugios, lo que supone un incremento de m\u00e1s de cien camas respecto al a\u00f1o anterior. Sin embargo, la mayor\u00eda de los refugios ya est\u00e1n saturados. El objetivo es tener disponibilidad de 2,102 camas para diciembre.<\/p>\n<p>Un portavoz de la ciudad de Montreal indic\u00f3 en un comunicado que existen otras medidas que se podr\u00edan implementar y a\u00f1adi\u00f3 que la ciudad est\u00e1 dispuesta a construir m\u00e1s m\u00f3dulos de vivienda.<\/p>\n<p>&#8220;Montreal jam\u00e1s ha declarado un estado de emergencia en relaci\u00f3n a la falta de vivienda&#8221;, se\u00f1al\u00f3 el vocero.<\/p>\n<p>A comienzos de noviembre, la alcaldesa Val\u00e9rie Plante solicit\u00f3 a las autoridades de Quebec y Canad\u00e1 concluir un acuerdo por 100 millones de d\u00f3lares para brindar refugio y otros tipos de ayuda a las personas sin hogar.<\/p>\n<p>En respuesta a las acusaciones de inacci\u00f3n, el Departamento de Salud y servicios Sociales de Quebec indic\u00f3 que ha incrementado el presupuesto destinado al combate contra la falta de vivienda, totalizando cerca de 410 millones de d\u00f3lares en los \u00faltimos cinco a\u00f1os. Las negociaciones sobre los 100 millones de d\u00f3lares que pide Montreal contin\u00faan.<\/p>\n<p>James Hughes, presidente de la Old Brewery Mission, y David Chapman, director ejecutivo de Resilience Montreal, expresaron su apoyo a la solicitud. Chapman se\u00f1al\u00f3 que declarar un estado de emergencia podr\u00eda ayudar a organizaciones como la suya para albergar a m\u00e1s personas, advirtiendo que, sino se toman acciones adecuadas, se aumentar\u00e1 el n\u00famero de muertes entre las personas sin hogar.<\/p>\n<p>Al aceptar la solicitud, Montreal se unir\u00eda a otras ciudades de Canad\u00e1 que han declarado estados de emergencia en los \u00faltimos a\u00f1os, como Edmonton en enero, y Toronto y Hamilton en la primavera de 2023.<\/p>\n","protected":false},"excerpt":{"rendered":"<p>&nbsp; A medida que el invierno se hace inminente, dos regidores independientes de Montreal instan a las autoridades a considerar declarar un estado de emergencia&hellip;<\/p>\n","protected":false},"author":101,"featured_media":525026,"comment_status":"open","ping_status":"open","sticky":false,"template":"","format":"standard","meta":{"footnotes":""},"categories":[21],"tags":[],"class_list":["post-525025","post","type-post","status-publish","format-standard","has-post-thumbnail","hentry","category-canada"],"_links":{"self":[{"href":"https:\/\/diarioelpopular.com\/index.php\/wp-json\/wp\/v2\/posts\/525025","targetHints":{"allow":["GET"]}}],"collection":[{"href":"https:\/\/diarioelpopular.com\/index.php\/wp-json\/wp\/v2\/posts"}],"about":[{"href":"https:\/\/diarioelpopular.com\/index.php\/wp-json\/wp\/v2\/types\/post"}],"author":[{"embeddable":true,"href":"https:\/\/diarioelpopular.com\/index.php\/wp-json\/wp\/v2\/users\/101"}],"replies":[{"embeddable":true,"href":"https:\/\/diarioelpopular.com\/index.php\/wp-json\/wp\/v2\/comments?post=525025"}],"version-history":[{"count":2,"href":"https:\/\/diarioelpopular.com\/index.php\/wp-json\/wp\/v2\/posts\/525025\/revisions"}],"predecessor-version":[{"id":525028,"href":"https:\/\/diarioelpopular.com\/index.php\/wp-json\/wp\/v2\/posts\/525025\/revisions\/525028"}],"wp:featuredmedia":[{"embeddable":true,"href":"https:\/\/diarioelpopular.com\/index.php\/wp-json\/wp\/v2\/media\/525026"}],"wp:attachment":[{"href":"https:\/\/diarioelpopular.com\/index.php\/wp-json\/wp\/v2\/media?parent=525025"}],"wp:term":[{"taxonomy":"category","embeddable":true,"href":"https:\/\/diarioelpopular.com\/index.php\/wp-json\/wp\/v2\/categories?post=525025"},{"taxonomy":"post_tag","embeddable":true,"href":"https:\/\/diarioelpopular.com\/index.php\/wp-json\/wp\/v2\/tags?post=525025"}],"curies":[{"name":"wp","href":"https:\/\/api.w.org\/{rel}","templated":true}]}}