{"id":525042,"date":"2024-11-17T13:04:46","date_gmt":"2024-11-17T17:04:46","guid":{"rendered":"https:\/\/diarioelpopular.com\/?p=525042"},"modified":"2024-11-17T13:04:46","modified_gmt":"2024-11-17T17:04:46","slug":"marco-rubio-el-hijo-de-inmigrantes-que-ataca-con-ferocidad-a-mexico-por-el-paso-de-inmigrantes","status":"publish","type":"post","link":"https:\/\/diarioelpopular.com\/index.php\/2024\/11\/17\/marco-rubio-el-hijo-de-inmigrantes-que-ataca-con-ferocidad-a-mexico-por-el-paso-de-inmigrantes\/","title":{"rendered":"Marco Rubio, el hijo de inmigrantes que ataca con ferocidad a M\u00e9xico por el paso de inmigrantes"},"content":{"rendered":"<div id=\"attachment_525043\" style=\"width: 1210px\" class=\"wp-caption alignnone\"><img loading=\"lazy\" decoding=\"async\" aria-describedby=\"caption-attachment-525043\" class=\"wp-image-525043 size-custom-big-size\" src=\"https:\/\/diarioelpopular.com\/wp-content\/uploads\/2024\/11\/Screen-Shot-2024-11-17-at-12.03.05-PM-1200x874.png\" alt=\"\" width=\"1200\" height=\"874\" srcset=\"https:\/\/diarioelpopular.com\/wp-content\/uploads\/2024\/11\/Screen-Shot-2024-11-17-at-12.03.05-PM-1200x874.png 1200w, https:\/\/diarioelpopular.com\/wp-content\/uploads\/2024\/11\/Screen-Shot-2024-11-17-at-12.03.05-PM-300x219.png 300w, https:\/\/diarioelpopular.com\/wp-content\/uploads\/2024\/11\/Screen-Shot-2024-11-17-at-12.03.05-PM-768x560.png 768w, https:\/\/diarioelpopular.com\/wp-content\/uploads\/2024\/11\/Screen-Shot-2024-11-17-at-12.03.05-PM-636x463.png 636w, https:\/\/diarioelpopular.com\/wp-content\/uploads\/2024\/11\/Screen-Shot-2024-11-17-at-12.03.05-PM-100x73.png 100w, https:\/\/diarioelpopular.com\/wp-content\/uploads\/2024\/11\/Screen-Shot-2024-11-17-at-12.03.05-PM.png 1024w\" sizes=\"auto, (max-width: 1200px) 100vw, 1200px\" \/><p id=\"caption-attachment-525043\" class=\"wp-caption-text\">Marco Rubio, &#8220;el peque\u00f1o hombre de enormes orejas&#8221;, seg\u00fan lo tild\u00f3 Trump. Camina en el Capitolio de los Estados Unidos, el 13 de noviembre de 2024. Kevin Dietsch (Getty Images)<\/p><\/div>\n<p>&nbsp;<\/p>\n<p>&nbsp;<\/p>\n<h4 class=\"a_st\"><em>&#8211; El primer latino en ser jefe de la diplomacia estadounidense personifica el viraje hacia una pol\u00edtica de mano dura que despierta el temor al otro lado de la frontera sur<\/em><\/h4>\n<p>&nbsp;<\/p>\n<p class=\"\">M\u00e9xico y Estados Unidos viv\u00edan un nuevo cap\u00edtulo de tensiones. Andr\u00e9s Manuel L\u00f3pez Obrador confirmaba lo que se rumor\u00f3 durante semanas, que no iba a acudir a la Cumbre de las Am\u00e9ricas en Los \u00c1ngeles por la decisi\u00f3n de la Casa Blanca de no invitar a Cuba y Venezuela. El desaire en junio de 2022 cal\u00f3 hondo en los dem\u00f3cratas y la Administraci\u00f3n de Joe Biden, pero tambi\u00e9n en el Partido Republicano. \u201cMe alegra ver que el presidente mexicano, que ha entregado secciones de su pa\u00eds a los carteles de la droga y es un apologista de la tiran\u00eda en Cuba, de un dictador asesino en Nicaragua y de un narcotraficante en Venezuela no estar\u00e1 esta semana en EE UU\u201d, afirm\u00f3 en espa\u00f1ol\u00a0<a href=\"https:\/\/elpais.com\/internacional\/elecciones-usa\/2024-11-13\/marco-rubio-confirmado-como-secretario-de-estado-duro-con-china-proisraeli-y-contrario-a-la-ayuda-a-ucrania.html\" target=\"_blank\" rel=\"noopener\" data-link-track-dtm=\"\" data-mrf-link=\"https:\/\/elpais.com\/internacional\/elecciones-usa\/2024-11-13\/marco-rubio-confirmado-como-secretario-de-estado-duro-con-china-proisraeli-y-contrario-a-la-ayuda-a-ucrania.html\">Marco Rubio<\/a>, entonces senador por Florida.<\/p>\n<p class=\"\">Dos a\u00f1os despu\u00e9s, tras\u00a0<a href=\"https:\/\/elpais.com\/internacional\/elecciones-usa\/2024-11-06\/trump-presidente-por-segunda-vez.html\" data-link-track-dtm=\"\" data-mrf-link=\"https:\/\/elpais.com\/internacional\/elecciones-usa\/2024-11-06\/trump-presidente-por-segunda-vez.html\">una victoria aplastante en las elecciones<\/a>,\u00a0<a href=\"https:\/\/elpais.com\/internacional\/elecciones-usa\/2024-11-12\/donald-trump-elige-a-marco-rubio-como-secretario-de-estado.html\" data-link-track-dtm=\"\" data-mrf-link=\"https:\/\/elpais.com\/internacional\/elecciones-usa\/2024-11-12\/donald-trump-elige-a-marco-rubio-como-secretario-de-estado.html\">Donald Trump ha confirmado al pol\u00edtico cubanoamericano como su pr\u00f3ximo secretario de Estado<\/a>. Ultraconservador, ferozmente proteccionista y siempre cr\u00edtico con M\u00e9xico, Rubio encaja a la perfecci\u00f3n en un equipo que ha amenazado con poner en marcha un viraje de mano dura en temas como\u00a0<a href=\"https:\/\/elpais.com\/mexico\/2024-11-10\/migracion-comercio-y-seguridad-los-retos-del-gobierno-de-sheinbaum-frente-al-trump-mas-duro.html\" data-link-track-dtm=\"\" data-mrf-link=\"https:\/\/elpais.com\/mexico\/2024-11-10\/migracion-comercio-y-seguridad-los-retos-del-gobierno-de-sheinbaum-frente-al-trump-mas-duro.html\">la migraci\u00f3n, el narcotr\u00e1fico y el comercio<\/a>, cruciales para la relaci\u00f3n bilateral.<\/p>\n<p class=\"\">La llegada del primer latino como jefe de la diplomacia estadounidense ha sido recibida con\u00a0<a href=\"https:\/\/elpais.com\/mexico\/2024-11-07\/trump-20-mucho-mas-peligroso-para-mexico-la-relacion-con-sheinbaum-sera-escabrosa-es-tiempo-de-control-de-danos.html\" data-link-track-dtm=\"\" data-mrf-link=\"https:\/\/elpais.com\/mexico\/2024-11-07\/trump-20-mucho-mas-peligroso-para-mexico-la-relacion-con-sheinbaum-sera-escabrosa-es-tiempo-de-control-de-danos.html\">nerviosismo y pesimismo del otro lado de la frontera<\/a>. \u201cNo parecen buenas noticias para la regi\u00f3n ni para el pa\u00eds\u201d, anticipa P\u00eda Taracena, acad\u00e9mica de la Universidad iberoamericana. \u201cAunque no est\u00e1 todav\u00eda claro qu\u00e9 van a hacer, a veces se dicen muchas cosas en campa\u00f1a que luego no pasan\u201d, agrega.<\/p>\n<p class=\"\">Rubio nunca ha sido un pol\u00edtico que se guarde sus opiniones. Habla mucho y, a menudo, mal sobre M\u00e9xico, aunque no siempre. Hace ocho a\u00f1os contendi\u00f3 con Trump y rivaliz\u00f3 abiertamente con \u00e9l por la candidatura presidencial. \u201cSi Donald Trump construye su muro de la misma forma que construy\u00f3 la Torre Trump, usar\u00e1 a trabajadores inmigrantes ilegales para hacerlo\u201d, dijo en el debate republicano en febrero de 2016. Como\u00a0<i>rara avis<\/i>, hijo de inmigrantes cubanos y candidato predilecto del conservador\u00a0<a href=\"https:\/\/elpais.com\/internacional\/2010\/09\/15\/actualidad\/1284501604_850215.html\" data-link-track-dtm=\"\" data-mrf-link=\"https:\/\/elpais.com\/internacional\/2010\/09\/15\/actualidad\/1284501604_850215.html\"><i>Tea Party<\/i><\/a>, apoyaba medidas como el muro, pero insist\u00eda en que se deb\u00edan abrir caminos legales para la migraci\u00f3n. \u201cEl muro fronterizo no frenar\u00e1 por s\u00ed mismo la inmigraci\u00f3n ilegal, pero las objeciones de los dem\u00f3cratas son irracionales\u201d, afirmaba en 2018, a la mitad del primer mandato del magnate.<\/p>\n<p>&nbsp;<\/p>\n<figure class=\"a_m a_m-h \">\n<p><div style=\"width: 424px\" class=\"wp-caption alignnone\"><img loading=\"lazy\" decoding=\"async\" class=\"_re lazyload a_m-h\" src=\"https:\/\/imagenes.elpais.com\/resizer\/v2\/JZ3EPZITPRFUTNIU3EXRL3SRRI.jpg?auth=a75e34c8508a4fcee9c26bbd32ed5d7b6b083af5985119a34b58e07d8c9ea773&amp;width=414\" sizes=\"auto, (min-width:1199px) 1155px,(min-width:1001px) calc(100vw - 44px),(min-width:768px) 767px, 100vw\" srcset=\"https:\/\/imagenes.elpais.com\/resizer\/v2\/JZ3EPZITPRFUTNIU3EXRL3SRRI.jpg?auth=a75e34c8508a4fcee9c26bbd32ed5d7b6b083af5985119a34b58e07d8c9ea773&amp;width=414 414w,https:\/\/imagenes.elpais.com\/resizer\/v2\/JZ3EPZITPRFUTNIU3EXRL3SRRI.jpg?auth=a75e34c8508a4fcee9c26bbd32ed5d7b6b083af5985119a34b58e07d8c9ea773&amp;width=828 640w,https:\/\/imagenes.elpais.com\/resizer\/v2\/JZ3EPZITPRFUTNIU3EXRL3SRRI.jpg?auth=a75e34c8508a4fcee9c26bbd32ed5d7b6b083af5985119a34b58e07d8c9ea773&amp;width=980 1000w,https:\/\/imagenes.elpais.com\/resizer\/v2\/JZ3EPZITPRFUTNIU3EXRL3SRRI.jpg?auth=a75e34c8508a4fcee9c26bbd32ed5d7b6b083af5985119a34b58e07d8c9ea773&amp;width=1960 1960w\" alt=\"Donald Trump, en Sierra Vista, Arizona, el 22 de agosto de 2024.\" width=\"414\" height=\"277\" \/><p class=\"wp-caption-text\">Donald Trump, en Sierra Vista, Arizona, el 22 de agosto de 2024.Evan Vucci (AP)<\/p><\/div><figcaption class=\"a_m_p\"><\/figcaption><\/figure>\n<p>&nbsp;<\/p>\n<p class=\"\">Ya desde entonces, Rubio se mostraba c\u00f3modo mezclando temas como la migraci\u00f3n y la seguridad. \u201cAbogo por poner un muro en la frontera donde ocurre la mayor\u00eda de la migraci\u00f3n ilegal y donde pasa la mayor\u00eda de las drogas que est\u00e1n matando a estadounidenses de todas las razas y grupos \u00e9tnicos\u201d, comentaba, incluso amagando con tomar la misma medida con Canad\u00e1, en caso de ser necesario. Esa combinaci\u00f3n de agendas, atendidas durante d\u00e9cadas por separado para no entorpecer la relaci\u00f3n bilateral, fue uno de los legados m\u00e1s traum\u00e1ticos de la primera presidencia de Trump para M\u00e9xico.<\/p>\n<p class=\"\">En junio de 2019, el presidente republicano\u00a0<a href=\"https:\/\/elpais.com\/internacional\/2019\/05\/31\/estados_unidos\/1559256743_016777.html\" data-link-track-dtm=\"\" data-mrf-link=\"https:\/\/elpais.com\/internacional\/2019\/05\/31\/estados_unidos\/1559256743_016777.html\">amenaz\u00f3 con tumbar el tratado de libre comercio<\/a>, vital para la econom\u00eda de ambos pa\u00edses, si su vecino no frenaba los flujos de la crisis migratoria. El Gobierno de L\u00f3pez Obrador cedi\u00f3 a los pocos d\u00edas para evitar la cat\u00e1strofe. \u201cLa frustraci\u00f3n del presidente con M\u00e9xico es entendible. Durante a\u00f1os, Estados Unidos ha intentado todo para que M\u00e9xico deje de permitir que su territorio sea usado por migrantes de terceros pa\u00edses como un puente abierto para transitar y cruzar nuestra frontera sur\u201d, se\u00f1al\u00f3 Rubio en plena crisis diplom\u00e1tica. \u201cLos \u00fanicos que se benefician de una frontera porosa son los traficantes de personas y de drogas\u201d, dijo a principios de ese a\u00f1o a Fox News.<\/p>\n<p class=\"\">Hasta ese punto, Rubio todav\u00eda se presentaba como un pol\u00edtico duro, pero m\u00e1s razonable en el frente migratorio, incluso coincid\u00eda en las demandas de M\u00e9xico de atender las causas. Dijo que respetaba que L\u00f3pez Obrador considerara la migraci\u00f3n como un \u201cderecho humano fundamental\u201d y se refer\u00eda a su Gobierno como un aliado \u201camigable y dispuesto a cooperar\u201d, pero enfatiz\u00f3 que la situaci\u00f3n era insostenible, en buena parte por \u201cpol\u00edticas bien intencionadas\u201d de las autoridades mexicanas. Se mov\u00eda por una l\u00f3gica de palos y zanahorias: castigos y recompensas. \u201cTen\u00eda la esperanza de que ser\u00edamos capaces de redefinir la relaci\u00f3n entre M\u00e9xico y Estados Unidos\u201d, dijo su lado amable. \u201cPero el respaldo inexplicable del nuevo Gobierno a Maduro ha puesto todo en duda\u201d, sentenci\u00f3 su lado duro despu\u00e9s de las elecciones en Venezuela de 2019.<\/p>\n<p class=\"\">Para Rubio, los gui\u00f1os de M\u00e9xico \u2015de apoyo a veces y de tolerancia otras\u2015 hacia Cuba, Venezuela y Nicaragua fueron imperdonables. Y vinieron muchos palos. Celebr\u00f3, por ejemplo, el fallo de una disputa comercial para reducir la importaci\u00f3n de tomates mexicanos. Reprob\u00f3\u00a0<a href=\"https:\/\/elpais.com\/mexico\/2024-11-02\/cabos-sueltos-juegos-de-poder-y-nuevas-imagenes-de-la-masacre-de-la-familia-langford-lebaron-reviven-en-una-serie-documental.html\" data-link-track-dtm=\"\" data-mrf-link=\"https:\/\/elpais.com\/mexico\/2024-11-02\/cabos-sueltos-juegos-de-poder-y-nuevas-imagenes-de-la-masacre-de-la-familia-langford-lebaron-reviven-en-una-serie-documental.html\">la masacre de la familia LeBar\u00f3n<\/a>\u00a0a manos del crimen organizado e insinu\u00f3 que Estados Unidos deb\u00eda ayudar a M\u00e9xico a \u201ccombatir asesinos\u201d. Y volvi\u00f3 a mezclar temas: esta vez, pol\u00edtica con seguridad. \u201cEl r\u00e9gimen de Maduro y los carteles en M\u00e9xico son socios comerciales\u201d, afirm\u00f3. Adem\u00e1s, el asilo de Evo Morales en M\u00e9xico le cay\u00f3 en la punta del h\u00edgado y lo acus\u00f3 de sabotear la transici\u00f3n democr\u00e1tica de Bolivia desde tierras mexicanas, en noviembre de 2019.<\/p>\n<p class=\"\">En el inicio del Gobierno de Biden, Rubio perdi\u00f3 el inter\u00e9s en M\u00e9xico, pero pronto se subi\u00f3 a la ola de cr\u00edticas por la crisis migratoria, pieza central del triunfo de Trump este a\u00f1o. \u201cNuestra frontera ha sido rebasada por la migraci\u00f3n ilegal y drogas letales, y la Administraci\u00f3n de Biden no solo lo permite, lo alienta\u201d, dijo en 2022. El designado secretario de Estado entendi\u00f3 que Trump no ten\u00eda rivales reales en el Partido Republicano y se aline\u00f3 poco a poco. Pas\u00f3 de esc\u00e9ptico a convencido con el paso de los a\u00f1os y endureci\u00f3 su discurso. \u201cEs pura pol\u00edtica\u201d, comenta Taracena.<\/p>\n<p class=\"\">\u201cLa izquierda radical va a destruir Estados Unidos si no los detenemos. Adoctrinan a los ni\u00f1os y convierten a los chicos en chicas. Permiten que los inmigrantes ilegales y las drogas inunden el pa\u00eds. Y si lo denuncias, te vetan en redes sociales y te llaman racista\u201d, afirm\u00f3 en un\u00a0<i>spot<\/i>\u00a0de campa\u00f1a para las intermedias de ese a\u00f1o. Gan\u00f3 con una ventaja c\u00f3moda de dos d\u00edgitos sobre su rival dem\u00f3crata, Val Demings.<\/p>\n<p class=\"\">Fue en ese contexto donde\u00a0<a href=\"https:\/\/elpais.com\/mexico\/2022-06-06\/lopez-obrador-no-ira-a-la-cumbre-de-las-americas-por-la-exclusion-de-cuba-venezuela-y-nicaragua.html\" data-link-track-dtm=\"\" data-mrf-link=\"https:\/\/elpais.com\/mexico\/2022-06-06\/lopez-obrador-no-ira-a-la-cumbre-de-las-americas-por-la-exclusion-de-cuba-venezuela-y-nicaragua.html\">se quej\u00f3 amargamente de L\u00f3pez Obrador por no viajar a la Cumbre de las Am\u00e9ricas<\/a>. Dijo que Biden no pod\u00eda permitir \u201cbravuconer\u00edas\u201d ni \u201camenazas de boicot\u201d de M\u00e9xico. Lament\u00f3 que el presidente mexicano era \u201cduro\u201d con los pa\u00edses democr\u00e1ticos, pero se deshac\u00eda en \u201chalagos\u201d para \u201cun dictador en Nicaragua, un narcotraficante en Venezuela y una tiran\u00eda marxista en Cuba\u201d. El excanciller mexicano Jorge Casta\u00f1eda subray\u00f3 la iron\u00eda en su columna de esta semana: \u201cVan a coincidir, por primera vez en la historia, el Gobierno m\u00e1s anticastrista de Estados Unidos desde Kennedy y el m\u00e1s procubano de M\u00e9xico desde L\u00f3pez Mateos\u201d.<\/p>\n<div id=\"sum_twitter\" class=\"a_em _df\" data-oembed-type=\"twitter\">\n<div class=\"twitter-tweet twitter-tweet-rendered\">Rubio volvi\u00f3 a la carga en el terreno migratorio y la lucha contra el narcotr\u00e1fico, con cr\u00edticas m\u00e1s mordaces y vocales. \u201cL\u00f3pez Obrador ha dejado claro que no usar\u00e1 la fuerza para\u00a0<a href=\"https:\/\/elpais.com\/mexico\/2024-11-04\/narcoviolencia-miedo-y-politica-el-fantasma-del-terrorismo-planea-sobre-la-relacion-entre-mexico-y-estados-unidos.html\" data-link-track-dtm=\"\" data-mrf-link=\"https:\/\/elpais.com\/mexico\/2024-11-04\/narcoviolencia-miedo-y-politica-el-fantasma-del-terrorismo-planea-sobre-la-relacion-entre-mexico-y-estados-unidos.html\">combatir a los grupos narcoterroristas en M\u00e9xico<\/a>\u201d, se\u00f1al\u00f3 en marzo del a\u00f1o pasado. \u201cEl resultado tr\u00e1gico y predecible es que son los grupos del crimen organizado, no el Gobierno, quienes ahora controlan amplias porciones de este gran e importante pa\u00eds\u201d, afirm\u00f3.<\/div>\n<\/div>\n<p class=\"\">En el discurso, Rubio abraz\u00f3 de lleno la propuesta de Trump de nombrar a los carteles como grupos terroristas para justificar incursiones militares de Estados Unidos en M\u00e9xico y agit\u00f3 el fantasma del terrorismo, en general. \u201cCon Biden, tenemos a un ISIS fortalecido y una frontera completamente abierta que pueden usar para hacer en Estados Unidos lo que acaban de hacer en Mosc\u00fa\u201d, se\u00f1al\u00f3 tras los atentados de marzo de este a\u00f1o. \u201cCuando escuches que con Biden entraron nueve millones de personas de forma ilegal a Estados Unidos, recuerda que s\u00f3lo se necesit\u00f3 a cuatro terroristas para llevar a cabo la masacre de Mosc\u00fa\u201d, agreg\u00f3.<\/p>\n<p class=\"\">Para mayo, ya eran 11 millones de inmigrantes, de acuerdo con sus datos. \u201cDesafortunadamente tendremos que tomar medidas dram\u00e1ticas al respecto\u201d, advirti\u00f3. Trump defiende las deportaciones masivas y ha prometido expulsar a un mill\u00f3n de personas cada a\u00f1o, una cuota que parece improbable. Rubio tambi\u00e9n enarbol\u00f3 la consigna de que su pa\u00eds \u201cest\u00e1 siendo invadido\u201d desde la frontera sur. \u201cAntes que nada, deber\u00edamos hacer algo REAL contra la invasi\u00f3n de Estados Unidos desde nuestra frontera sur\u201d, dijo en febrero. \u201cHa defendido esta idea de que la verdadera amenaza est\u00e1 en la frontera sur, no en Ucrania o Medio Oriente\u201d, comenta Taracena.<\/p>\n<p class=\"\">En una entrevista reciente con Telemundo, Rubio matiz\u00f3 y dijo que una intervenci\u00f3n militar contra el narco en territorio mexicano no era viable sin el aval de las fuerzas mexicanas. El video, con cr\u00edticas a L\u00f3pez Obrador y loas a la importancia de M\u00e9xico como socio, se ha hecho viral entre los detractores del expresidente, bajo la esperanza de que Estados Unidos sea un contrapeso al poder de Morena, el partido gobernante. Pero la idea ha sido tildada como un mito por Arturo Sarukh\u00e1n, exembajador en Washington y cr\u00edtico del oficialismo. \u201cNo nos equivoquemos, Trump no acotar\u00e1 ni presionar\u00e1 al Gobierno mexicano m\u00e1s all\u00e1 de lo que le interesa\u201d, dijo a este diario la semana pasada. Para muestra, Rubio no ha dedicado un solo mensaje a\u00a0<a href=\"https:\/\/elpais.com\/mexico\/2024-11-07\/sheinbaum-felicita-a-trump-para-apagar-el-nerviosismo-en-mexico-tuvimos-una-llamada-muy-cordial.html\" data-link-track-dtm=\"\" data-mrf-link=\"https:\/\/elpais.com\/mexico\/2024-11-07\/sheinbaum-felicita-a-trump-para-apagar-el-nerviosismo-en-mexico-tuvimos-una-llamada-muy-cordial.html\">la presidenta Claudia Sheinbaum<\/a>\u00a0en su cuenta de X (antes Twitter).<\/p>\n<p class=\"\">La versi\u00f3n m\u00e1s dura de Rubio ha ampliado su baraja de reclamos contra M\u00e9xico en los \u00faltimos meses. \u201cLos senadores dem\u00f3cratas votaron a favor de usar dinero de los contribuyentes estadounidenses para subsidiar que China inunde nuestro pa\u00eds con coches el\u00e9ctricos que est\u00e1n construyendo en M\u00e9xico\u201d, se quej\u00f3 en agosto, dos meses antes de la elecci\u00f3n. Tambi\u00e9n ha sido claro en el mensaje de agradecimiento tras su designaci\u00f3n. \u201cSiempre vamos a poner los intereses de los estadounidenses y de Estados Unidos por encima de todo\u201d, afirm\u00f3 esta semana.<\/p>\n<p class=\"\">M\u00e1s all\u00e1 de las amenazas y las preocupaciones, Rubio personifica tambi\u00e9n\u00a0<a href=\"https:\/\/elpais.com\/us\/2024-11-08\/el-gran-giro-de-los-latinos-hacia-trump-del-auge-en-los-estados-clave-al-crecimiento-entre-hombres-jovenes.html\" data-link-track-dtm=\"\" data-mrf-link=\"https:\/\/elpais.com\/us\/2024-11-08\/el-gran-giro-de-los-latinos-hacia-trump-del-auge-en-los-estados-clave-al-crecimiento-entre-hombres-jovenes.html\">un cambio en el perfil del electorado latino<\/a>\u00a0y tumba el mito del apoyo abrumador de la comunidad hispana a los dem\u00f3cratas. \u201c\u00bfPor qu\u00e9 hay tantos en los medios sorprendidos de que los hispanos votaran para bajar el costo de vida, impedir que sus hijos sean enviados a pelear a una guerra y proteger a sus familias de migrantes ilegales criminales que roban, violan y asesinan a gente en Estados Unidos?\u201d, cuestion\u00f3 un d\u00eda despu\u00e9s de la elecci\u00f3n. Con 53 a\u00f1os, 25 menos que Trump, el cargo de secretario de Estado puede ser un trampol\u00edn para entrar en la pugna por la sucesi\u00f3n, rese\u00f1a Taracena. A falta de una ratificaci\u00f3n protocolaria, el hijo de inmigrantes que promete mano dura contra los inmigrantes ser\u00e1 un interlocutor determinante para los pr\u00f3ximos cuatro a\u00f1os, junto al pr\u00f3ximo embajador, que no se ha anunciado.<\/p>\n","protected":false},"excerpt":{"rendered":"<p>&nbsp; &nbsp; &#8211; El primer latino en ser jefe de la diplomacia estadounidense personifica el viraje hacia una pol\u00edtica de mano dura que despierta el&hellip;<\/p>\n","protected":false},"author":99,"featured_media":525043,"comment_status":"open","ping_status":"open","sticky":false,"template":"","format":"standard","meta":{"footnotes":""},"categories":[24],"tags":[],"class_list":["post-525042","post","type-post","status-publish","format-standard","has-post-thumbnail","hentry","category-mundo"],"_links":{"self":[{"href":"https:\/\/diarioelpopular.com\/index.php\/wp-json\/wp\/v2\/posts\/525042","targetHints":{"allow":["GET"]}}],"collection":[{"href":"https:\/\/diarioelpopular.com\/index.php\/wp-json\/wp\/v2\/posts"}],"about":[{"href":"https:\/\/diarioelpopular.com\/index.php\/wp-json\/wp\/v2\/types\/post"}],"author":[{"embeddable":true,"href":"https:\/\/diarioelpopular.com\/index.php\/wp-json\/wp\/v2\/users\/99"}],"replies":[{"embeddable":true,"href":"https:\/\/diarioelpopular.com\/index.php\/wp-json\/wp\/v2\/comments?post=525042"}],"version-history":[{"count":1,"href":"https:\/\/diarioelpopular.com\/index.php\/wp-json\/wp\/v2\/posts\/525042\/revisions"}],"predecessor-version":[{"id":525046,"href":"https:\/\/diarioelpopular.com\/index.php\/wp-json\/wp\/v2\/posts\/525042\/revisions\/525046"}],"wp:featuredmedia":[{"embeddable":true,"href":"https:\/\/diarioelpopular.com\/index.php\/wp-json\/wp\/v2\/media\/525043"}],"wp:attachment":[{"href":"https:\/\/diarioelpopular.com\/index.php\/wp-json\/wp\/v2\/media?parent=525042"}],"wp:term":[{"taxonomy":"category","embeddable":true,"href":"https:\/\/diarioelpopular.com\/index.php\/wp-json\/wp\/v2\/categories?post=525042"},{"taxonomy":"post_tag","embeddable":true,"href":"https:\/\/diarioelpopular.com\/index.php\/wp-json\/wp\/v2\/tags?post=525042"}],"curies":[{"name":"wp","href":"https:\/\/api.w.org\/{rel}","templated":true}]}}