{"id":525084,"date":"2024-11-18T10:52:26","date_gmt":"2024-11-18T14:52:26","guid":{"rendered":"https:\/\/diarioelpopular.com\/?p=525084"},"modified":"2024-11-18T10:52:26","modified_gmt":"2024-11-18T14:52:26","slug":"trudeau-admite-que-pudo-haber-actuado-mas-rapido-sobre-los-cambios-en-la-inmigracion-y-culpa-a-otros-de-sus-mismos-traspies","status":"publish","type":"post","link":"https:\/\/diarioelpopular.com\/index.php\/2024\/11\/18\/trudeau-admite-que-pudo-haber-actuado-mas-rapido-sobre-los-cambios-en-la-inmigracion-y-culpa-a-otros-de-sus-mismos-traspies\/","title":{"rendered":"Trudeau admite que pudo haber actuado m\u00e1s r\u00e1pido sobre los cambios en la inmigraci\u00f3n y culpa a otros de sus mismos traspi\u00e9s"},"content":{"rendered":"<div id=\"attachment_525085\" style=\"width: 646px\" class=\"wp-caption alignnone\"><img loading=\"lazy\" decoding=\"async\" aria-describedby=\"caption-attachment-525085\" class=\"wp-image-525085 size-custom-full-size\" src=\"https:\/\/diarioelpopular.com\/wp-content\/uploads\/2024\/11\/Screen-Shot-2024-11-18-at-9.50.09-AM-636x406.png\" alt=\"\" width=\"636\" height=\"406\" srcset=\"https:\/\/diarioelpopular.com\/wp-content\/uploads\/2024\/11\/Screen-Shot-2024-11-18-at-9.50.09-AM-636x406.png 636w, https:\/\/diarioelpopular.com\/wp-content\/uploads\/2024\/11\/Screen-Shot-2024-11-18-at-9.50.09-AM-300x191.png 300w, https:\/\/diarioelpopular.com\/wp-content\/uploads\/2024\/11\/Screen-Shot-2024-11-18-at-9.50.09-AM-768x490.png 768w, https:\/\/diarioelpopular.com\/wp-content\/uploads\/2024\/11\/Screen-Shot-2024-11-18-at-9.50.09-AM-85x55.png 85w, https:\/\/diarioelpopular.com\/wp-content\/uploads\/2024\/11\/Screen-Shot-2024-11-18-at-9.50.09-AM-114x73.png 114w, https:\/\/diarioelpopular.com\/wp-content\/uploads\/2024\/11\/Screen-Shot-2024-11-18-at-9.50.09-AM.png 828w\" sizes=\"auto, (max-width: 636px) 100vw, 636px\" \/><p id=\"caption-attachment-525085\" class=\"wp-caption-text\">Con cara &#8220;de yo no fui&#8221;, Trudeau admite que pudo haber actuado m\u00e1s en los cambio de la inmigraci\u00f3n, culpando a otros del desastre causado.<\/p><\/div>\n<p>&nbsp;<\/p>\n<p>&nbsp;<\/p>\n<p><em><strong>El primer ministro Justin Trudeau dijo que el gobierno federal pudo haber actuado m\u00e1s r\u00e1pido para controlar los programas de inmigraci\u00f3n, despu\u00e9s de culpar a los &#8220;malos actores&#8221; por manipular el sistema.<\/strong><\/em><\/p>\n<p>&nbsp;<\/p>\n<p>&nbsp;<\/p>\n<p>Trudeau public\u00f3 un video de casi siete minutos en YouTube el domingo hablando sobre la reciente reducci\u00f3n en la cantidad de residentes permanentes admitidos en Canad\u00e1 y los cambios en el programa de trabajadores extranjeros temporales.<\/p>\n<p>Durante los pr\u00f3ximos dos a\u00f1os, el flujo de residentes permanentes se reducir\u00e1 en aproximadamente un 20 por ciento a 365.000 en 2027.<\/p>\n<p>En el video, cuidadosamente preparado, Trudeau habla sobre la necesidad de aumentar la inmigraci\u00f3n despu\u00e9s de que terminaran los cierres por la pandemia para impulsar el mercado laboral, diciendo que la medida ayud\u00f3 a evitar una recesi\u00f3n en toda regla.<\/p>\n<p>Pero despu\u00e9s de eso, Trudeau dijo que algunos &#8220;malos actores&#8221;\u00a0 (no, por culpa de \u00e9l) se aprovecharon de estos programas.<\/p>\n<p>&#8220;Algunos vieron eso como una ganancia, para manipular el sistema. Vimos demasiadas grandes corporaciones hacer esto&#8221;, dijo Trudeau.<\/p>\n<p>El primer ministro a\u00f1ade que \u201cdemasiados\u201d colegios y universidades utilizaron programas para estudiantes internacionales para \u201cmejorar sus resultados\u201d, ya que los estudiantes no canadienses pagan matr\u00edculas significativamente m\u00e1s altas. Tambi\u00e9n dijo que los estafadores se dirigen a \u201cinmigrantes vulnerables\u201d con caminos falsos hacia la ciudadan\u00eda.<\/p>\n<p>\u201cEn retrospectiva, cuando el auge pospand\u00e9mico se enfri\u00f3 y las empresas ya no necesitaban la ayuda laboral adicional, como equipo federal podr\u00edamos haber actuado m\u00e1s r\u00e1pido y haber cerrado los grifos m\u00e1s r\u00e1pido\u201d, dijo Trudeau.<\/p>\n<p>A partir de ah\u00ed, Trudeau habla sobre el nuevo plan de inmigraci\u00f3n con el objetivo declarado de reducir la cantidad de inmigrantes permanentes y temporales que llegan a Canad\u00e1.<\/p>\n<p>Adem\u00e1s de una reducci\u00f3n gradual de nuevos residentes permanentes durante los pr\u00f3ximos dos a\u00f1os, los cambios recientes han hecho que sea m\u00e1s dif\u00edcil para los empleadores obtener la aprobaci\u00f3n de permisos para trabajadores temporales.<\/p>\n<p>Trudeau dice que el objetivo de la reducci\u00f3n de la inmigraci\u00f3n del gobierno es ayudar a estabilizar el crecimiento de la poblaci\u00f3n mientras las existencias de viviendas se ponen al d\u00eda, y luego considerar aumentar gradualmente las tasas de inmigraci\u00f3n una vez m\u00e1s.<\/p>\n<p>Cuando se le pidi\u00f3 un comentario, el portavoz del l\u00edder conservador Pierre Poilievre, Sebastian Skamski, le refiri\u00f3 a The Canadian Press una entrevista que Poilievre le hizo al programa \u201cThe Jas Johal Show\u201d de CKNW 980 en Vancouver, donde Poilievre habl\u00f3 sobre inmigraci\u00f3n.<\/p>\n<p>En esa entrevista, Poilievre dijo que gran parte de sus cr\u00edticas al sistema de inmigraci\u00f3n actual provienen de lo que el propio Trudeau ha dicho desde que promulg\u00f3 estos cambios recientes.<\/p>\n<p>\u201cAhora, b\u00e1sicamente est\u00e1 denunciando toda su pol\u00edtica de inmigraci\u00f3n y esperando que creamos que puede solucionar los profundos problemas que \u00e9l caus\u00f3\u201d, dijo Poilievre.<\/p>\n<p>\u201cLa conclusi\u00f3n es que tenemos que arreglar nuestra inmigraci\u00f3n, volver al mejor sistema del mundo, el que trajo a mi esposa aqu\u00ed como refugiada legal y l\u00edcitamente, el que trajo a tanta gente aqu\u00ed para cumplir la promesa canadiense y eso es lo que voy a hacer como primer ministro\u201d.<\/p>\n<p>Poilievre dijo anteriormente que vincular\u00eda las tasas de inmigraci\u00f3n a la vivienda disponible, al tiempo que considerar\u00eda otros factores como el acceso a la atenci\u00f3n m\u00e9dica y los empleos.<\/p>\n<p>Un funcionario de la Oficina del Primer Ministro dijo, en un tono informal, que el video se est\u00e1 publicando como otro medio para comunicar la pol\u00edtica del gobierno a los canadienses.<\/p>\n<p>En cuanto a las preocupaciones sobre la posibilidad de que aumente la migraci\u00f3n irregular con las promesas de deportaci\u00f3n del presidente electo de Estados Unidos, Donald Trump, el funcionario dijo que el video se film\u00f3 antes de las elecciones estadounidenses.<\/p>\n","protected":false},"excerpt":{"rendered":"<p>&nbsp; &nbsp; El primer ministro Justin Trudeau dijo que el gobierno federal pudo haber actuado m\u00e1s r\u00e1pido para controlar los programas de inmigraci\u00f3n, despu\u00e9s de&hellip;<\/p>\n","protected":false},"author":99,"featured_media":525085,"comment_status":"open","ping_status":"open","sticky":false,"template":"","format":"standard","meta":{"footnotes":""},"categories":[21],"tags":[],"class_list":["post-525084","post","type-post","status-publish","format-standard","has-post-thumbnail","hentry","category-canada"],"_links":{"self":[{"href":"https:\/\/diarioelpopular.com\/index.php\/wp-json\/wp\/v2\/posts\/525084","targetHints":{"allow":["GET"]}}],"collection":[{"href":"https:\/\/diarioelpopular.com\/index.php\/wp-json\/wp\/v2\/posts"}],"about":[{"href":"https:\/\/diarioelpopular.com\/index.php\/wp-json\/wp\/v2\/types\/post"}],"author":[{"embeddable":true,"href":"https:\/\/diarioelpopular.com\/index.php\/wp-json\/wp\/v2\/users\/99"}],"replies":[{"embeddable":true,"href":"https:\/\/diarioelpopular.com\/index.php\/wp-json\/wp\/v2\/comments?post=525084"}],"version-history":[{"count":1,"href":"https:\/\/diarioelpopular.com\/index.php\/wp-json\/wp\/v2\/posts\/525084\/revisions"}],"predecessor-version":[{"id":525086,"href":"https:\/\/diarioelpopular.com\/index.php\/wp-json\/wp\/v2\/posts\/525084\/revisions\/525086"}],"wp:featuredmedia":[{"embeddable":true,"href":"https:\/\/diarioelpopular.com\/index.php\/wp-json\/wp\/v2\/media\/525085"}],"wp:attachment":[{"href":"https:\/\/diarioelpopular.com\/index.php\/wp-json\/wp\/v2\/media?parent=525084"}],"wp:term":[{"taxonomy":"category","embeddable":true,"href":"https:\/\/diarioelpopular.com\/index.php\/wp-json\/wp\/v2\/categories?post=525084"},{"taxonomy":"post_tag","embeddable":true,"href":"https:\/\/diarioelpopular.com\/index.php\/wp-json\/wp\/v2\/tags?post=525084"}],"curies":[{"name":"wp","href":"https:\/\/api.w.org\/{rel}","templated":true}]}}