{"id":525088,"date":"2024-11-18T11:16:42","date_gmt":"2024-11-18T15:16:42","guid":{"rendered":"https:\/\/diarioelpopular.com\/?p=525088"},"modified":"2024-11-18T11:16:42","modified_gmt":"2024-11-18T15:16:42","slug":"la-convicta-y-corrupta-cristina-kirchner-vuelve-para-dar-pelea-a-milei","status":"publish","type":"post","link":"https:\/\/diarioelpopular.com\/index.php\/2024\/11\/18\/la-convicta-y-corrupta-cristina-kirchner-vuelve-para-dar-pelea-a-milei\/","title":{"rendered":"La convicta y corrupta Cristina Kirchner vuelve para dar pelea a Milei"},"content":{"rendered":"<div id=\"attachment_525089\" style=\"width: 646px\" class=\"wp-caption alignnone\"><img loading=\"lazy\" decoding=\"async\" aria-describedby=\"caption-attachment-525089\" class=\"wp-image-525089 size-custom-full-size\" src=\"https:\/\/diarioelpopular.com\/wp-content\/uploads\/2024\/11\/Screen-Shot-2024-11-18-at-10.14.27-AM-636x374.png\" alt=\"\" width=\"636\" height=\"374\" srcset=\"https:\/\/diarioelpopular.com\/wp-content\/uploads\/2024\/11\/Screen-Shot-2024-11-18-at-10.14.27-AM-636x374.png 636w, https:\/\/diarioelpopular.com\/wp-content\/uploads\/2024\/11\/Screen-Shot-2024-11-18-at-10.14.27-AM-300x177.png 300w, https:\/\/diarioelpopular.com\/wp-content\/uploads\/2024\/11\/Screen-Shot-2024-11-18-at-10.14.27-AM-768x452.png 768w, https:\/\/diarioelpopular.com\/wp-content\/uploads\/2024\/11\/Screen-Shot-2024-11-18-at-10.14.27-AM-1200x706.png 1200w, https:\/\/diarioelpopular.com\/wp-content\/uploads\/2024\/11\/Screen-Shot-2024-11-18-at-10.14.27-AM-124x73.png 124w, https:\/\/diarioelpopular.com\/wp-content\/uploads\/2024\/11\/Screen-Shot-2024-11-18-at-10.14.27-AM.png 1024w\" sizes=\"auto, (max-width: 636px) 100vw, 636px\" \/><p id=\"caption-attachment-525089\" class=\"wp-caption-text\">Cristina Fern\u00e1ndez de Kirchner, el d\u00eda en que la C\u00e1mara Federal de Apelaciones Penales confirm\u00f3 una sentencia de prisi\u00f3n por cargos de corrupci\u00f3n en la adjudicaci\u00f3n de obras p\u00fablicas durante su presidencia, en Buenos Aires, el 13 de noviembre de 2024. Matias Baglietto (REUTERS)<\/p><\/div>\n<p>&nbsp;<\/p>\n<h4 class=\"a_st\"><em>&#8211; La expresidente,\u00a0 con tal desfachatez, se pone al frente de la reconstrucci\u00f3n de peronismo, mientras la justicia confirma una condena de seis a\u00f1os de c\u00e1rcel por corrupci\u00f3n<\/em><\/h4>\n<p>&nbsp;<\/p>\n<p class=\"\">Cristina Kirchner est\u00e1 de vuelta. No es que se hubiese ido del todo, pero ahora ha decidido tomar, por primera vez en su larga y corrupta historia pol\u00edtica, la direcci\u00f3n del Partido Justicialista, la forma legal del peronismo.<\/p>\n<p class=\"\">Kirchner asumi\u00f3 formalmente la presidencia del movimiento fundado por Juan Domingo Per\u00f3n este domingo 17 de noviembre, con un acto por el D\u00eda de la Militancia Peronista en Santiago del Estero (norte). Prometi\u00f3 \u201corganizarlo\u201d tras\u00a0<a href=\"https:\/\/elpais.com\/argentina\/2023-11-20\/el-ultraderechista-milei-arrasa-en-las-elecciones-y-argentina-da-un-salto-a-lo-desconocido.html\" data-link-track-dtm=\"\" data-mrf-link=\"https:\/\/elpais.com\/argentina\/2023-11-20\/el-ultraderechista-milei-arrasa-en-las-elecciones-y-argentina-da-un-salto-a-lo-desconocido.html\">el varapalo electoral que sufri\u00f3 el a\u00f1o pasado frente al ultraderechista Javier Milei.<\/a><\/p>\n<p class=\"\">Se trata, en el fondo, de hacer oposici\u00f3n a un Gobierno que hoy avanza con lanzallamas en tierra arrasada. El liderazgo de Kirchner, sin embargo, ya no tiene los apoyos de anta\u00f1o, cuando su palabra, y antes la de su marido, el expresidente N\u00e9stor Kirchner, no ten\u00edan contrapesos. Hoy le disputan el liderazgo desde el interior de Argentina, donde abundan los peronistas \u201cno kirchneristas\u201d. En la provincia de Buenos Aires, la m\u00e1s grande y rica del pa\u00eds, intenta adem\u00e1s asomar la cabeza\u00a0<a href=\"https:\/\/elpais.com\/argentina\/2024-09-14\/axel-kicillof-gobernador-de-buenos-aires-milei-ni-ajusto-a-la-casta-ni-la-casta-esta-fuera-del-gobierno.html\" data-link-track-dtm=\"\" data-mrf-link=\"https:\/\/elpais.com\/argentina\/2024-09-14\/axel-kicillof-gobernador-de-buenos-aires-milei-ni-ajusto-a-la-casta-ni-la-casta-esta-fuera-del-gobierno.html\">el gobernador, Axel Kicillof,<\/a>\u00a0su \u201chijo pol\u00edtico\u201d y principal apuesta de un sector del partido que busca una renovaci\u00f3n y continuar con el saqueo, nepotismo y corrupci\u00f3n.<\/p>\n<p class=\"\">Los problemas judiciales de Kirchner no ayudan a fortalecer el liderazgo que reclama. En diciembre de 2022, cuando era vicepresidente del otro corrupto y abusador, Alberto Fern\u00e1ndez,\u00a0<a href=\"https:\/\/elpais.com\/argentina\/2022-12-11\/la-condena-a-seis-anos-de-carcel-entierra-las-aspiraciones-de-cristina-kirchner-pero-no-su-poder.html\" data-link-track-dtm=\"\" data-mrf-link=\"https:\/\/elpais.com\/argentina\/2022-12-11\/la-condena-a-seis-anos-de-carcel-entierra-las-aspiraciones-de-cristina-kirchner-pero-no-su-poder.html\">un tribunal federal la conden\u00f3 a seis a\u00f1os de prisi\u00f3n\u00a0<\/a>en una causa por corrupci\u00f3n. Desde su despacho en el Senado, donde escuch\u00f3 el fallo, Kirchner proclam\u00f3 descaradamente su inocencia y se consider\u00f3 v\u00edctima de\u00a0<i>lawfare<\/i>, como se llama al uso pol\u00edtico del sistema judicial para perseguir opositores y a ella por ser mujer. Pero eso no fue todo: cuando nadie lo esperaba,\u00a0<a href=\"https:\/\/elpais.com\/argentina\/2022-12-06\/cristina-kirchner-se-baja-de-la-carrera-presidencial-tras-su-condena-no-voy-a-ser-candidata-a-nada.html\" data-link-track-dtm=\"\" data-mrf-link=\"https:\/\/elpais.com\/argentina\/2022-12-06\/cristina-kirchner-se-baja-de-la-carrera-presidencial-tras-su-condena-no-voy-a-ser-candidata-a-nada.html\">anunci\u00f3 que no ser\u00eda candidata \u201ca nada\u201d en las elecciones generales de 2023\u00a0<\/a>e inst\u00f3 a sus ac\u00f3litos a emprender la construcci\u00f3n de nuevos liderazgos en el peronismo.<\/p>\n<p class=\"\">El Gobierno de Alberto Fern\u00e1ndez, un experimento pol\u00edtico surgido en la cabeza de la expresidente, nombrado por ella misma, ya se hund\u00eda en el descr\u00e9dito y anticipaba lo que ser\u00eda la peor derrota del peronismo en sus casi 80 a\u00f1os de historia. El dolor fue m\u00e1ximo porque el responsable era un personaje estrafalario nacido a golpes de insultos en los programas de variedades de la televisi\u00f3n. El peronismo, forjado al calor de las grandes batallas pol\u00edticas, perd\u00eda con un advenedizo sin pergaminos.<\/p>\n<p class=\"\">Con Milei en el poder, el peronismo se fractur\u00f3. Las facciones son m\u00faltiples: gobernadores de provincia necesitados del dinero federal para sobrevivir, sindicalistas duros o \u201cdialoguistas\u201d; dirigentes del peronismo de centroderecha que siempre detestaron la deriva \u201cizquierdista\u201d del kirchnerismo; aquellos que, pese a todo, son fieles a la expresidente.<\/p>\n<p class=\"\">Si el partido pretende detener a Milei en las legislativas de 2025 y tener posibilidades en las presidenciales de 2027 debe antes resolver los problemas en casa. En el entorno de Kirchner consideran que solo ella puede resolver con \u00e9xito esta atomizaci\u00f3n, una consecuencia natural, dicen, del resultado electoral de 2023. \u201cCuando hay una derrota nacional hay discusiones internas y dispersiones. Cristina tiene como objetivo unificar al peronismo para en 2025 y 2027 tener un frente electoral m\u00e1s armado de lo que est\u00e1 hoy. Ni m\u00e1s ni menos, y siempre por la v\u00eda democr\u00e1tica\u201d, dice un dirigente muy cercano a la expresidente. Es por eso por lo que ha decidido volver al ruedo. Kirchner no busca cargos, asegura, porque \u201cha sido dos veces presidenta\u201d y, por lo tanto, \u201cla apetencia en t\u00e9rminos electorales no est\u00e1 en su mapa de prioridades\u201d&#8230; o porque ya no puede debido al fallo judicial.<\/p>\n<p class=\"\">Esta semana,\u00a0<a href=\"https:\/\/elpais.com\/argentina\/2024-11-13\/un-tribunal-de-apelaciones-ratifica-la-condena-a-seis-anos-de-carcel-contra-cristina-kirchner-por-corrupcion.html\" data-link-track-dtm=\"\" data-mrf-link=\"https:\/\/elpais.com\/argentina\/2024-11-13\/un-tribunal-de-apelaciones-ratifica-la-condena-a-seis-anos-de-carcel-contra-cristina-kirchner-por-corrupcion.html\">un tribunal de apelaciones ratific\u00f3 la condena que Kirchner recibi\u00f3 en 2022.\u00a0<\/a>Solo le queda la Corte Suprema para apelar la decisi\u00f3n y evitar seis a\u00f1os de prisi\u00f3n domiciliaria, un beneficio que se concede a los mayores de 70 a\u00f1os.<\/p>\n<p class=\"\">Pero lo que m\u00e1s preocupa a la expresidente es que el fallo suma a la c\u00e1rcel la inhabilitaci\u00f3n de por vida para ejercer cargos p\u00fablicos. Ella insiste en que eso es \u201cuna proscripci\u00f3n\u201d, similar a la que padecieron o a\u00fan padecen Luiz In\u00e1cio Lula da Silva en Brasil, Evo Morales en Bolivia o Rafael Correa en Ecuador.<\/p>\n<p class=\"\">Pese a la acumulaci\u00f3n de problemas, el votante m\u00e1s duro no abandona Kirchner. \u201cEn t\u00e9rminos de opini\u00f3n p\u00fablica no eludi\u00f3 el desgaste que supuso el Gobierno del Frente de Todos, tanto por haber seleccionado a Alberto Fern\u00e1ndez como por la manera en que se desarroll\u00f3 ese Gobierno\u201d, sostiene Juan Courel, consultor pol\u00edtico y asesor en la campa\u00f1a de Fern\u00e1ndez y Daniel Scioli. \u201cPero a pesar de eso, hoy es la figura m\u00e1s importante del peronismo. Y como el peronismo es opositor, es entonces la principal referente de la oposici\u00f3n\u201d, explica. Kirchner retiene el fervor de entre un tercio y un cuarto del electorado, aunque cosecha tambi\u00e9n niveles r\u00e9cord de desaprobaci\u00f3n. \u201cElla es adem\u00e1s un animal pol\u00edtico, es su esencia, y los animales pol\u00edticos no se jubilan\u201d, advierte Courel.<\/p>\n<p class=\"\">Kirchner pretende moldear bajo su tutela un peronismo que pueda hacer frente a la \u201cguerra cultural\u201d que plantea Milei. El presidente la ha elegido como su enemigo a vencer, en un juego dial\u00e9ctico que ya han usado alguno de sus predecesores, como Mauricio Macri (2015-2019). Como la encarnaci\u00f3n, con causa justa, de todos los males nacionales, Milei coloca al kirchnerismo en el equipo de \u201cla casta\u201d, los \u201czurdos de mierda\u201d que pretende destruir con la ayuda de \u201clas fuerzas del cielo\u201d. Kirchner tiene ante eso un desaf\u00edo enorme, porque no todos est\u00e1n de acuerdo con que sea ella la timonel de la reconstrucci\u00f3n. El gobernador de la provincia de La Rioja,\u00a0<a href=\"https:\/\/elpais.com\/argentina\/2024-10-25\/ricardo-quintela-el-peronista-que-desafia-a-cristina-kirchner.html\" data-link-track-dtm=\"\" data-mrf-link=\"https:\/\/elpais.com\/argentina\/2024-10-25\/ricardo-quintela-el-peronista-que-desafia-a-cristina-kirchner.html\">Ricardo Quintela, intent\u00f3 disputarle sin \u00e9xito la presidencia del peronismo<\/a>. Derrotado, advirti\u00f3 esta semana que el partido finalmente se unir\u00e1, pero \u201cno detr\u00e1s de ella [Kirchner], sino en contra del actual Presidente\u201d.<\/p>\n<p class=\"\">En este escenario de fragmentaci\u00f3n, sobresale el gobernador de dudosa reputaci\u00f3n, Axel Kicillof, al menos hoy el m\u00e1s \u201cpresidenciable\u201d del peronismo \u201cAlgunos imaginaron que su liderazgo pod\u00eda venir acompa\u00f1ado por una jubilaci\u00f3n pol\u00edtica de Cristina\u201d, dice Courel. \u201cPero eso era porque lo ve\u00edan como un heredero, no como un rival.<\/p>\n<p class=\"\">La centralidad de Axel es porque Cristina pareci\u00f3 indicar que al no querer o no poder ser candidata, \u00e9l era el heredero natural. Kicillof es el \u00fanico actor pol\u00edtico que logro construir un liderazgo sin antagonizar con N\u00e9stor o Cristina\u201d, agrega. La situaci\u00f3n se tens\u00f3, sin embargo, cuando Kirchner decidi\u00f3 quedarse con la presidencia del partido. \u201cLa discusi\u00f3n surgi\u00f3 porque muchos hombres y mujeres del peronismo se expresaron a favor de Cristina y el \u00fanico que no lo hizo fue Axel\u201d, explica el dirigente kirchnerista. \u201cPero es un tema que ya pas\u00f3\u201d, dice, \u201cy el futuro nos encontrara unidos\u201d.<\/p>\n<p class=\"\">Est\u00e1 por verse si el futuro del peronismo estar\u00e1 en Kirchner, Kicillof o alg\u00fan otro gobernador del peronismo.<\/p>\n","protected":false},"excerpt":{"rendered":"<p>&nbsp; &#8211; La expresidente,\u00a0 con tal desfachatez, se pone al frente de la reconstrucci\u00f3n de peronismo, mientras la justicia confirma una condena de seis a\u00f1os&hellip;<\/p>\n","protected":false},"author":99,"featured_media":525089,"comment_status":"open","ping_status":"open","sticky":false,"template":"","format":"standard","meta":{"footnotes":""},"categories":[23],"tags":[],"class_list":["post-525088","post","type-post","status-publish","format-standard","has-post-thumbnail","hentry","category-latinoamerica"],"_links":{"self":[{"href":"https:\/\/diarioelpopular.com\/index.php\/wp-json\/wp\/v2\/posts\/525088","targetHints":{"allow":["GET"]}}],"collection":[{"href":"https:\/\/diarioelpopular.com\/index.php\/wp-json\/wp\/v2\/posts"}],"about":[{"href":"https:\/\/diarioelpopular.com\/index.php\/wp-json\/wp\/v2\/types\/post"}],"author":[{"embeddable":true,"href":"https:\/\/diarioelpopular.com\/index.php\/wp-json\/wp\/v2\/users\/99"}],"replies":[{"embeddable":true,"href":"https:\/\/diarioelpopular.com\/index.php\/wp-json\/wp\/v2\/comments?post=525088"}],"version-history":[{"count":1,"href":"https:\/\/diarioelpopular.com\/index.php\/wp-json\/wp\/v2\/posts\/525088\/revisions"}],"predecessor-version":[{"id":525090,"href":"https:\/\/diarioelpopular.com\/index.php\/wp-json\/wp\/v2\/posts\/525088\/revisions\/525090"}],"wp:featuredmedia":[{"embeddable":true,"href":"https:\/\/diarioelpopular.com\/index.php\/wp-json\/wp\/v2\/media\/525089"}],"wp:attachment":[{"href":"https:\/\/diarioelpopular.com\/index.php\/wp-json\/wp\/v2\/media?parent=525088"}],"wp:term":[{"taxonomy":"category","embeddable":true,"href":"https:\/\/diarioelpopular.com\/index.php\/wp-json\/wp\/v2\/categories?post=525088"},{"taxonomy":"post_tag","embeddable":true,"href":"https:\/\/diarioelpopular.com\/index.php\/wp-json\/wp\/v2\/tags?post=525088"}],"curies":[{"name":"wp","href":"https:\/\/api.w.org\/{rel}","templated":true}]}}