{"id":525152,"date":"2024-11-19T11:14:10","date_gmt":"2024-11-19T15:14:10","guid":{"rendered":"https:\/\/diarioelpopular.com\/?p=525152"},"modified":"2024-11-19T11:14:10","modified_gmt":"2024-11-19T15:14:10","slug":"crisis-politica-en-ecuador-las-fricciones-en-el-gobierno-que-llevaron-a-contar-con-dos-vicepresidentes-en-el-pais","status":"publish","type":"post","link":"https:\/\/diarioelpopular.com\/index.php\/2024\/11\/19\/crisis-politica-en-ecuador-las-fricciones-en-el-gobierno-que-llevaron-a-contar-con-dos-vicepresidentes-en-el-pais\/","title":{"rendered":"Crisis pol\u00edtica en Ecuador: las fricciones en el Gobierno que llevaron a contar con dos vicepresidentes en el pa\u00eds"},"content":{"rendered":"<p><img loading=\"lazy\" decoding=\"async\" class=\"alignnone size-custom-big-size wp-image-525153\" src=\"https:\/\/diarioelpopular.com\/wp-content\/uploads\/2024\/11\/Screen-Shot-2024-11-19-at-10.05.29-AM-1200x868.png\" alt=\"\" width=\"1200\" height=\"868\" srcset=\"https:\/\/diarioelpopular.com\/wp-content\/uploads\/2024\/11\/Screen-Shot-2024-11-19-at-10.05.29-AM-1200x868.png 1200w, https:\/\/diarioelpopular.com\/wp-content\/uploads\/2024\/11\/Screen-Shot-2024-11-19-at-10.05.29-AM-300x217.png 300w, https:\/\/diarioelpopular.com\/wp-content\/uploads\/2024\/11\/Screen-Shot-2024-11-19-at-10.05.29-AM-768x555.png 768w, https:\/\/diarioelpopular.com\/wp-content\/uploads\/2024\/11\/Screen-Shot-2024-11-19-at-10.05.29-AM-636x460.png 636w, https:\/\/diarioelpopular.com\/wp-content\/uploads\/2024\/11\/Screen-Shot-2024-11-19-at-10.05.29-AM-101x73.png 101w, https:\/\/diarioelpopular.com\/wp-content\/uploads\/2024\/11\/Screen-Shot-2024-11-19-at-10.05.29-AM.png 1024w\" sizes=\"auto, (max-width: 1200px) 100vw, 1200px\" \/><\/p>\n<p>&nbsp;<\/p>\n<ul>\n<li><em><strong>En Ecuador se design\u00f3 una vicepresidente interina en medio de la fracturada relaci\u00f3n entre la vicepresidente titular, Ver\u00f3nica Abad y el jefe de Gobierno, Daniel Noboa.<\/strong><\/em><\/li>\n<\/ul>\n<p>&nbsp;<\/p>\n<p>Ecuador atraviesa una crisis pol\u00edtica\u00a0que termin\u00f3 con dos personas asociadas a la vicepresidencia:\u00a0Ver\u00f3nica Abad, titular irregularmente suspendida, y Sariha Moya, designada como vicepresidente interina, en el marco de tensiones entre Abad y el presidente Daniel Noboa.<\/p>\n<p>El pasado 11 de noviembre, el gobierno design\u00f3 a la ministra de Planificaci\u00f3n, Sariha Moya, vicepresidente interina por la suspensi\u00f3n por cinco meses de Abad, quien\u00a0sostiene una tensa relaci\u00f3n con el mandatario.<\/p>\n<p>Moya \u201cser\u00e1 la nueva vicepresidente encargada\u201d, se\u00f1al\u00f3 la sede del Ejecutivo en un comunicado, tras la suspensi\u00f3n de Abad ordenada el s\u00e1bado por una funcionaria del ministerio de Trabajo debido\u00a0al supuesto \u201cabandono injustificado\u201d de sus funciones,\u00a0que equivale a una \u201cfalta grave\u201d a la ley de servicio p\u00fablico.<\/p>\n<p>Dami\u00e1n Armijos, abogado de Abad, indic\u00f3 que la defensa present\u00f3 una acci\u00f3n legal \u201cimpugnando\u201d la suspensi\u00f3n, que\u00a0en la pr\u00e1ctica le impedir\u00e1 a Abad asumir la presidencia cuando Noboa se lance en campa\u00f1a por la reelecci\u00f3n\u00a0a partir de enero, como determina la ley.<\/p>\n<p>Su equipo legal tambi\u00e9n acudi\u00f3 ante la Comisi\u00f3n Interamericana de Derechos Humanos (CIDH),\u00a0seg\u00fan el abogado. \u201cHacemos un llamado a la comunidad internacional a estar atenta para que no se rompa el orden constitucional\u201d, expres\u00f3 Armijos a la prensa.<\/p>\n<p>El Ejecutivo sostuvo que Moya, de 36 a\u00f1os y a cargo de la Secretar\u00eda Nacional de Planificaci\u00f3n, fue designada de acuerdo a la Carta Magna, que establece que\u00a0\u201cen caso de ausencia temporal de quien ejerza la Vicepresidencia de la Rep\u00fablica, corresponder\u00e1 el reemplazo a la ministra o ministro de Estado\u00a0que sea designado por la Presidencia\u201d.<\/p>\n<div class=\"paragraph\">\n<p>\u201cCon su experiencia y compromiso (de Moya),\u00a0se mantendr\u00e1n los ejes de trabajo alineados al Gobierno Nacional\u201d, agreg\u00f3 el comunicado.<\/p>\n<p>Moya es m\u00e1ster en econom\u00eda con experiencia en el desarrollo e implementaci\u00f3n de la planificaci\u00f3n estrat\u00e9gica y operativa de programas y proyectos p\u00fablicos, seg\u00fan su despacho.<\/p>\n<\/div>\n<div class=\"paragraph\">\n<p>Noboa y Abad,\u00a0ambos empresarios y con poca experiencia pol\u00edtica, fueron la sorpresa en los comicios anticipados del a\u00f1o pasado al ser elegidos en binomio, pero\u00a0mantienen una tirante relaci\u00f3n desde la campa\u00f1a previa.<\/p>\n<p>Poco despu\u00e9s de asumir sus cargos, en noviembre de 2023, el mandatario, de 36 a\u00f1os y que se autodefine de centro-izquierda y para quit\u00e1rse de en medio, la nombr\u00f3 para que ocupe el cargo de embajadora en Israel, lo que profundiz\u00f3 la ruptura.<\/p>\n<p>En septiembre \u00faltimo, ante una escalada del conflicto en Israel, Abad fue repentinamente trasladada a Turqu\u00eda por seguridad. Para la suspensi\u00f3n de Abad, la cartera de Trabajo argument\u00f3 que la funcionaria deb\u00eda instalarse en Ankara hasta el 1 de septiembre, pero que lleg\u00f3 cinco d\u00edas despu\u00e9s.<\/p>\n<p>En agosto,\u00a0Abad, de 47 a\u00f1os, denunci\u00f3 a Noboa por violencia de g\u00e9nero\u00a0ante el m\u00e1ximo Tribunal Contencioso Electoral (TCE) con miras a inhabilitarlo para el cargo, una acci\u00f3n que a\u00fan est\u00e1 en tr\u00e1mite y que el gobernante tild\u00f3 de \u201ctraici\u00f3n\u201d.<\/p>\n<p>Abad calific\u00f3 de\u00a0\u201cgrosera violaci\u00f3n\u201d a la ley la decisi\u00f3n de suspenderla sin sueldo por 150 d\u00edas\u00a0(hasta abril).<\/p>\n<p>\u201cLuego de tantos\u00a0ataques ejecutados en mi contra por parte del presidente Daniel Noboa, sus ministros y el c\u00edrculo cercano, denuncio que han vuelto a ejecutar una grosera violaci\u00f3n a la Constituci\u00f3n y a las leyes ecuatorianas\u201d, asegur\u00f3 en un video difundido en sus redes sociales.<\/p>\n<p>Sostuvo que se trata de una sucia maniobra\u00a0\u201ccon el solo objetivo de que no asuma la Presidencia de la Rep\u00fablica cuando el presidente candidato entre en su campa\u00f1a\u201d.<\/p>\n<p>Noboa, que seg\u00fan las encuestas lidera la intenci\u00f3n de voto,\u00a0buscar\u00e1 ser reelegido en febrero para el per\u00edodo 2025-2029.\u00a0La campa\u00f1a empezar\u00e1 en enero y en esta ocasi\u00f3n su compa\u00f1era de f\u00f3rmula ser\u00e1 Mar\u00eda Jos\u00e9 Pinto, actual secretaria del programa gubernamental contra la desnutrici\u00f3n infantil.<\/p>\n<p>Tras ser enviada a Israel,\u00a0Abad pas\u00f3 a ser una fuerte cr\u00edtica del gobierno\u00a0y ha protestado por lo que considera una \u201cpersecuci\u00f3n\u201d en su contra tras la detenci\u00f3n de un hijo por presunto tr\u00e1fico de influencias, lo que nunca se ha comprobado. La Fiscal\u00eda maliciosamente tambi\u00e9n incluy\u00f3 a la funcionaria en esa indagaci\u00f3n, pero el Legislativo lo not\u00f3 de inmediato y no autoriz\u00f3 un juicio penal en su contra.<\/p>\n<p>\u201cUtilizando argumentos propios de una dictadura, el presidente Noboa y sus ministros han preparado organizadamente la ruptura del orden constitucional y el evidente golpe de Estado que se prepara (&#8230;) para tomarse la sucesi\u00f3n presidencial y de esta forma pretender asegurar la reelecci\u00f3n\u201d, expres\u00f3 Abad.<\/p>\n<p>El 5 de noviembre,\u00a0el TCE mult\u00f3 a Abad con 8.500 d\u00f3lares\u00a0por considerar que realiz\u00f3 campa\u00f1a anticipada en redes sociales para los comicios de 2023.<\/p>\n<p>&nbsp;<\/p>\n<\/div>\n","protected":false},"excerpt":{"rendered":"<p>&nbsp; En Ecuador se design\u00f3 una vicepresidente interina en medio de la fracturada relaci\u00f3n entre la vicepresidente titular, Ver\u00f3nica Abad y el jefe de Gobierno,&hellip;<\/p>\n","protected":false},"author":99,"featured_media":525153,"comment_status":"open","ping_status":"open","sticky":false,"template":"","format":"standard","meta":{"footnotes":""},"categories":[23],"tags":[],"class_list":["post-525152","post","type-post","status-publish","format-standard","has-post-thumbnail","hentry","category-latinoamerica"],"_links":{"self":[{"href":"https:\/\/diarioelpopular.com\/index.php\/wp-json\/wp\/v2\/posts\/525152","targetHints":{"allow":["GET"]}}],"collection":[{"href":"https:\/\/diarioelpopular.com\/index.php\/wp-json\/wp\/v2\/posts"}],"about":[{"href":"https:\/\/diarioelpopular.com\/index.php\/wp-json\/wp\/v2\/types\/post"}],"author":[{"embeddable":true,"href":"https:\/\/diarioelpopular.com\/index.php\/wp-json\/wp\/v2\/users\/99"}],"replies":[{"embeddable":true,"href":"https:\/\/diarioelpopular.com\/index.php\/wp-json\/wp\/v2\/comments?post=525152"}],"version-history":[{"count":1,"href":"https:\/\/diarioelpopular.com\/index.php\/wp-json\/wp\/v2\/posts\/525152\/revisions"}],"predecessor-version":[{"id":525154,"href":"https:\/\/diarioelpopular.com\/index.php\/wp-json\/wp\/v2\/posts\/525152\/revisions\/525154"}],"wp:featuredmedia":[{"embeddable":true,"href":"https:\/\/diarioelpopular.com\/index.php\/wp-json\/wp\/v2\/media\/525153"}],"wp:attachment":[{"href":"https:\/\/diarioelpopular.com\/index.php\/wp-json\/wp\/v2\/media?parent=525152"}],"wp:term":[{"taxonomy":"category","embeddable":true,"href":"https:\/\/diarioelpopular.com\/index.php\/wp-json\/wp\/v2\/categories?post=525152"},{"taxonomy":"post_tag","embeddable":true,"href":"https:\/\/diarioelpopular.com\/index.php\/wp-json\/wp\/v2\/tags?post=525152"}],"curies":[{"name":"wp","href":"https:\/\/api.w.org\/{rel}","templated":true}]}}