{"id":525179,"date":"2024-11-20T10:02:03","date_gmt":"2024-11-20T14:02:03","guid":{"rendered":"https:\/\/diarioelpopular.com\/?p=525179"},"modified":"2024-11-20T10:02:03","modified_gmt":"2024-11-20T14:02:03","slug":"afluencia-de-refugiados-impulsa-la-construccion-de-viviendas-temporales-en-algunas-ciudades","status":"publish","type":"post","link":"https:\/\/diarioelpopular.com\/index.php\/2024\/11\/20\/afluencia-de-refugiados-impulsa-la-construccion-de-viviendas-temporales-en-algunas-ciudades\/","title":{"rendered":"Afluencia de refugiados impulsa la construcci\u00f3n de viviendas temporales en algunas ciudades"},"content":{"rendered":"<p><img loading=\"lazy\" decoding=\"async\" class=\"alignnone size-custom-full-size wp-image-525180\" src=\"https:\/\/diarioelpopular.com\/wp-content\/uploads\/2024\/11\/Screen-Shot-2024-11-20-at-9.01.38-AM-636x483.png\" alt=\"\" width=\"636\" height=\"483\" srcset=\"https:\/\/diarioelpopular.com\/wp-content\/uploads\/2024\/11\/Screen-Shot-2024-11-20-at-9.01.38-AM-636x483.png 636w, https:\/\/diarioelpopular.com\/wp-content\/uploads\/2024\/11\/Screen-Shot-2024-11-20-at-9.01.38-AM-300x228.png 300w, https:\/\/diarioelpopular.com\/wp-content\/uploads\/2024\/11\/Screen-Shot-2024-11-20-at-9.01.38-AM-768x583.png 768w, https:\/\/diarioelpopular.com\/wp-content\/uploads\/2024\/11\/Screen-Shot-2024-11-20-at-9.01.38-AM-96x73.png 96w, https:\/\/diarioelpopular.com\/wp-content\/uploads\/2024\/11\/Screen-Shot-2024-11-20-at-9.01.38-AM.png 838w\" sizes=\"auto, (max-width: 636px) 100vw, 636px\" \/><\/p>\n<p>&nbsp;<\/p>\n<p>&nbsp;<\/p>\n<ul>\n<li><em><strong>Un aumento significativo en el n\u00famero de refugiados y solicitantes de asilo ha impulsado a algunas ciudades a comenzar a construir viviendas temporales para los reci\u00e9n llegados<\/strong><\/em><\/li>\n<\/ul>\n<p>&nbsp;<\/p>\n<p>&nbsp;<\/p>\n<p>La ciudad de Ottawa est\u00e1 trabajando para establecer lo que se conoce como una estructura flexible que sirve como refugio temporal y centro para proporcionar servicios de asentamiento, como capacitaci\u00f3n en idiomas y asistencia laboral.<\/p>\n<p>Estos centros est\u00e1n destinados a albergar a los refugiados solo durante sus primeras semanas en la ciudad antes de mudarse a viviendas m\u00e1s adecuadas en la infraestructura de asentamiento de Ottawa.<\/p>\n<p>La ciudad ha identificado dos posibles ubicaciones para estos centros, ambos en el extremo oeste de la ciudad. Los documentos de planificaci\u00f3n los describen como &#8220;edificios modulares de tela tensada&#8221;.<\/p>\n<p>Las ubicaciones planificadas para estas estructuras han sido un punto de tensi\u00f3n en los vecindarios afectados. La primera ubicaci\u00f3n propuesta por la ciudad fue cancelada debido a una importante resistencia de los residentes. Luego se presentaron dos nuevas opciones, y el fin de semana pasado se celebraron manifestaciones en ambos lugares tanto a favor como en contra de la idea de colocar las estructuras all\u00ed.<\/p>\n<p>Muchos residentes se quejaron de que no se les consult\u00f3 adecuadamente sobre la ubicaci\u00f3n.<\/p>\n<p>Uno de los lugares planificados es una parcela de tierra propiedad del gobierno federal cerca del complejo deportivo Nepean, que atiende a alrededor de 1,5 millones de personas al a\u00f1o, seg\u00fan datos de la ciudad. El otro est\u00e1 cerca de un aparcamiento de transporte p\u00fablico en el suburbio occidental de Kanata.<\/p>\n<p>El concejal de la ciudad Sean Devine, cuyo distrito incluye el complejo deportivo, dijo que los residentes tienen mucho que decir sobre el tema.<\/p>\n<p>&#8220;Mucho de esto se debe al hecho de que hubiera sido preferible que la ciudad de Ottawa hubiera comunicado adecuadamente la informaci\u00f3n antes, tal vez antes de las recomendaciones&#8221;, dijo en una entrevista.<\/p>\n<p>Devine dijo que Ottawa ha visto un aumento en la cantidad de refugiados que llegan a la capital en los \u00faltimos dos a\u00f1os. Esto se alinea con las tendencias nacionales tanto en las tasas de refugiados como de solicitantes de asilo.<\/p>\n<p>Canad\u00e1 ten\u00eda casi 250.000 solicitudes de refugio en la cola al 30 de septiembre de 2024 y hab\u00eda aprobado m\u00e1s de 33.000 solicitudes entre enero y fines de septiembre, sin contar los otros miles que han ingresado al pa\u00eds\u00a0 ilegalmente.<\/p>\n<p>En todo 2023, Canad\u00e1 acept\u00f3 37.000 solicitudes de asilo y, en 2022, acept\u00f3 28.000.<\/p>\n<p>Devine dijo que la ciudad ha estado utilizando dos gimnasios de centros comunitarios llenos de literas para ayudar a albergar temporalmente a algunos solicitantes antes de que pasen a otros tipos de viviendas.<\/p>\n<p>La Misi\u00f3n de Ottawa dijo en una declaraci\u00f3n publicada en septiembre que comenz\u00f3 a notar un aumento significativo en el n\u00famero de refugiados que ocupaban las camas de sus refugios en el verano de 2023. Para ese octubre, el 61 por ciento de las camas estaban siendo utilizadas por refugiados, un m\u00e1ximo hist\u00f3rico.<\/p>\n<p>Las nuevas estructuras se financiar\u00e1n a trav\u00e9s del programa federal de asistencia provisional para la vivienda, a trav\u00e9s del cual los municipios y las provincias pueden facturar a los federales los costos incurridos para albergar temporalmente a los solicitantes de asilo.<\/p>\n<p>Se han distribuido poco m\u00e1s de mil millones de d\u00f3lares desde 2017, principalmente en Ontario y Quebec, y la ciudad de Ottawa ha recibido 105 millones de d\u00f3lares hasta ahora.<\/p>\n<p>La Ministra de Familias, Ni\u00f1os y Desarrollo Social, Jenna Sudds, que representa al distrito electoral de Kanata-Nepean en Ottawa, dijo que est\u00e1 decepcionada por la forma en que se han comunicado los planes a los residentes.<\/p>\n<p>Despu\u00e9s de que la ciudad anunci\u00f3 las dos nuevas ubicaciones elegidas, Sudds dijo que ha estado hablando con los electores y los funcionarios de la ciudad porque una de las ubicaciones propuestas est\u00e1 en su distrito electoral.<\/p>\n<p>&#8220;Francamente, lo que estoy escuchando es mucha frustraci\u00f3n porque reci\u00e9n se est\u00e1n enterando de esto sin la oportunidad de ser consultados o de brindar informaci\u00f3n. Y tambi\u00e9n escucho mucho miedo, francamente, y creo que eso se debe a una falta de informaci\u00f3n&#8221;, dijo Sudds.<\/p>\n<p>Con la apertura planificada de estos centros de bienvenida dentro de aproximadamente un a\u00f1o, Sudds tambi\u00e9n cuestiona el uso de una estructura flexible, y en cambio quiere ver una instalaci\u00f3n que pueda ofrecer un comienzo m\u00e1s &#8220;digno&#8221; en Ottawa.<\/p>\n<p>&#8220;Somos una ciudad de un mill\u00f3n de personas. \u201cSiempre hemos dado la bienvenida a los reci\u00e9n llegados a nuestra ciudad utilizando diferentes formas y m\u00e9todos, y creo que debemos plantearle a nuestra ciudad, a la gente que vive en esta ciudad, el desaf\u00edo de c\u00f3mo acogemos y preparamos a estas personas para el \u00e9xito, porque no tengo dudas de que recibir\u00edamos algunas sugerencias fabulosas\u201d, dijo Sudds.<\/p>\n<p>Esta respuesta de Sudds tom\u00f3 a Devine por sorpresa, ya que dijo que la ciudad est\u00e1 trabajando \u201cmano a mano\u201d con el gobierno federal en estos planes, quien es directo responsable de esta debacle.<\/p>\n<p>\u201cLa ciudad de Ottawa est\u00e1 trabajando decididamente para implementar soluciones efectivas a una crisis urgente de manera oportuna, y lo mejor que nuestros socios federales pueden hacer es brindar los recursos y el apoyo que necesitamos\u201d, dijo.<\/p>\n<p>Louisa Taylor, directora ejecutiva de la organizaci\u00f3n de servicios de asentamiento 613 Refugee, ha estado trabajando con la ciudad en la coordinaci\u00f3n de recursos para los servicios de asentamiento en los futuros centros. Dijo que est\u00e1 \u201ccautelosamente emocionada\u201d con los planes.<\/p>\n<p>\u201cLo que nos entusiasma es que est\u00e1n intentando crear una v\u00eda formal para que los solicitantes de asilo puedan acceder a una vivienda y a los servicios desde el momento en que llegan a nuestra ciudad. Muy pocas ciudades canadienses, si es que hay alguna, tienen esto\u201d, dijo.<\/p>\n<p>Taylor dijo que el elevado n\u00famero de refugiados en un refugio para personas sin hogar de Ottawa es lo que la impuls\u00f3 a ella y a 613 Refugee a organizar una manifestaci\u00f3n reciente en apoyo de la estructura.<\/p>\n<p>\u201cDesde hace varios a\u00f1os, cientos de solicitantes de asilo han estado viviendo, durmiendo en literas y catres en centros comunitarios y estadios en diferentes partes de la ciudad. Nadie ha salido a protestar por eso. Lo que est\u00e1n protestando es la idea de tener una instalaci\u00f3n en su comunidad de la que no saben lo suficiente\u201d, dijo.<\/p>\n<p>La regi\u00f3n de Peel en el \u00c1rea Metropolitana de Toronto abri\u00f3 una instalaci\u00f3n similar a principios de este mes para abordar los mismos problemas.<\/p>\n<p>La concejal de Mississauga, Natalie Hart, cuyo distrito alberga el centro de recepci\u00f3n cerca del aeropuerto Pearson, dijo que la regi\u00f3n necesitaba abrir una instalaci\u00f3n dedicada a refugiados y solicitantes de asilo para aliviar la presi\u00f3n sobre otros servicios sociales.<\/p>\n<p>Hart dijo que la regi\u00f3n de Peel y Toronto han visto un &#8220;fuerte aumento&#8221; en el n\u00famero de refugiados que llegan al GTA desde la primavera de 2023.<\/p>\n<p>&#8220;Ha sido algo pr\u00e1cticamente sin precedentes, superando con creces la norma que normalmente hemos tenido en Peel. Vienen de pa\u00edses africanos que han huido de sus hogares por miedo a la persecuci\u00f3n y la muerte y estos solicitantes de asilo llegan con recursos muy m\u00ednimos&#8221;, dijo.<\/p>\n<p>El centro de Mississauga est\u00e1 ubicado en un antiguo parque de oficinas de cuatro pisos, sobre el cual la regi\u00f3n de Peel firm\u00f3 un contrato de arrendamiento de 10 a\u00f1os a principios de este a\u00f1o para que funcione como centro de recepci\u00f3n de refugiados.<\/p>\n<p>El primer piso es actualmente el \u00fanico que est\u00e1 abierto, y Hart dijo que ahora tiene 88 camas. La construcci\u00f3n est\u00e1 casi terminada en el resto del edificio y se espera que est\u00e9 completamente abierto a principios del pr\u00f3ximo a\u00f1o.<\/p>\n<p>Anot\u00f3 que la ubicaci\u00f3n en una zona industrial ligera fue elegida debido a su proximidad al transporte p\u00fablico y otros servicios como agencias de empleo.<\/p>\n<p>El documento de planificaci\u00f3n de la ciudad de Ottawa hace referencia a estructuras flexibles similares que se utilizan en California y Oreg\u00f3n. Tampoco son completamente nuevas en Ottawa, ya que el Hospital de Ottawa utiliza actualmente una estructura flexible para acomodar el exceso de su centro de respuesta a emergencias.<\/p>\n<p>&#8220;Si en unos a\u00f1os ya no hay necesidad, se podr\u00edan reutilizar para cubrir alguna otra necesidad. Se podr\u00edan reubicar para satisfacer un tipo diferente de necesidad recreativa en otro lugar&#8221;, dijo Devine.<\/p>\n<p>&#8220;Pero sabiendo que no podemos predecir el futuro, es mejor que nos preparemos para el presente. Creo que conseguir alg\u00fan tipo de soluci\u00f3n manejable y eficaz en algunos lugares es una responsabilidad que todos los niveles de gobierno tienen que abordar&#8221;.<\/p>\n","protected":false},"excerpt":{"rendered":"<p>&nbsp; &nbsp; Un aumento significativo en el n\u00famero de refugiados y solicitantes de asilo ha impulsado a algunas ciudades a comenzar a construir viviendas temporales&hellip;<\/p>\n","protected":false},"author":99,"featured_media":525180,"comment_status":"open","ping_status":"open","sticky":false,"template":"","format":"standard","meta":{"footnotes":""},"categories":[21],"tags":[],"class_list":["post-525179","post","type-post","status-publish","format-standard","has-post-thumbnail","hentry","category-canada"],"_links":{"self":[{"href":"https:\/\/diarioelpopular.com\/index.php\/wp-json\/wp\/v2\/posts\/525179","targetHints":{"allow":["GET"]}}],"collection":[{"href":"https:\/\/diarioelpopular.com\/index.php\/wp-json\/wp\/v2\/posts"}],"about":[{"href":"https:\/\/diarioelpopular.com\/index.php\/wp-json\/wp\/v2\/types\/post"}],"author":[{"embeddable":true,"href":"https:\/\/diarioelpopular.com\/index.php\/wp-json\/wp\/v2\/users\/99"}],"replies":[{"embeddable":true,"href":"https:\/\/diarioelpopular.com\/index.php\/wp-json\/wp\/v2\/comments?post=525179"}],"version-history":[{"count":1,"href":"https:\/\/diarioelpopular.com\/index.php\/wp-json\/wp\/v2\/posts\/525179\/revisions"}],"predecessor-version":[{"id":525181,"href":"https:\/\/diarioelpopular.com\/index.php\/wp-json\/wp\/v2\/posts\/525179\/revisions\/525181"}],"wp:featuredmedia":[{"embeddable":true,"href":"https:\/\/diarioelpopular.com\/index.php\/wp-json\/wp\/v2\/media\/525180"}],"wp:attachment":[{"href":"https:\/\/diarioelpopular.com\/index.php\/wp-json\/wp\/v2\/media?parent=525179"}],"wp:term":[{"taxonomy":"category","embeddable":true,"href":"https:\/\/diarioelpopular.com\/index.php\/wp-json\/wp\/v2\/categories?post=525179"},{"taxonomy":"post_tag","embeddable":true,"href":"https:\/\/diarioelpopular.com\/index.php\/wp-json\/wp\/v2\/tags?post=525179"}],"curies":[{"name":"wp","href":"https:\/\/api.w.org\/{rel}","templated":true}]}}