{"id":525193,"date":"2024-11-20T10:51:05","date_gmt":"2024-11-20T14:51:05","guid":{"rendered":"https:\/\/diarioelpopular.com\/?p=525193"},"modified":"2024-11-20T10:51:05","modified_gmt":"2024-11-20T14:51:05","slug":"el-milagro-aleman-se-ha-terminado-y-europa-sufrira-las-consecuencias-kaput-el-libro-que-explica-la-caida-economica-de-alemania","status":"publish","type":"post","link":"https:\/\/diarioelpopular.com\/index.php\/2024\/11\/20\/el-milagro-aleman-se-ha-terminado-y-europa-sufrira-las-consecuencias-kaput-el-libro-que-explica-la-caida-economica-de-alemania\/","title":{"rendered":"&#8220;El milagro alem\u00e1n se ha terminado y Europa sufrir\u00e1 las consecuencias&#8221;: Kaput, el libro que explica la ca\u00edda econ\u00f3mica de Alemania"},"content":{"rendered":"<div id=\"attachment_525194\" style=\"width: 646px\" class=\"wp-caption alignnone\"><img loading=\"lazy\" decoding=\"async\" aria-describedby=\"caption-attachment-525194\" class=\"wp-image-525194 size-custom-full-size\" src=\"https:\/\/diarioelpopular.com\/wp-content\/uploads\/2024\/11\/Screen-Shot-2024-11-20-at-9.50.25-AM-636x358.png\" alt=\"\" width=\"636\" height=\"358\" srcset=\"https:\/\/diarioelpopular.com\/wp-content\/uploads\/2024\/11\/Screen-Shot-2024-11-20-at-9.50.25-AM-636x358.png 636w, https:\/\/diarioelpopular.com\/wp-content\/uploads\/2024\/11\/Screen-Shot-2024-11-20-at-9.50.25-AM-300x169.png 300w, https:\/\/diarioelpopular.com\/wp-content\/uploads\/2024\/11\/Screen-Shot-2024-11-20-at-9.50.25-AM-768x432.png 768w, https:\/\/diarioelpopular.com\/wp-content\/uploads\/2024\/11\/Screen-Shot-2024-11-20-at-9.50.25-AM-130x73.png 130w, https:\/\/diarioelpopular.com\/wp-content\/uploads\/2024\/11\/Screen-Shot-2024-11-20-at-9.50.25-AM.png 1024w\" sizes=\"auto, (max-width: 636px) 100vw, 636px\" \/><p id=\"caption-attachment-525194\" class=\"wp-caption-text\">Despu\u00e9s de cuatro per\u00edodos como canciller, Merkel dej\u00f3 el poder en diciembre de 2021.<\/p><\/div>\n<p>&nbsp;<\/p>\n<p>&nbsp;<\/p>\n<div class=\"bbc-19j92fr ebmt73l0\" dir=\"ltr\">\n<ul>\n<li class=\"bbc-hhl7in e17g058b0\" dir=\"ltr\"><em><b>Alemania atraviesa tiempos realmente convulsos. Sus indicadores econ\u00f3micos llevan a\u00f1os mostrando debilidad y amenazan su estatus de &#8220;milagro econ\u00f3mico&#8221;. Y con la fragilidad de la principal econom\u00eda de la zona euro, los pa\u00edses de su entorno sufrir\u00e1n tambi\u00e9n.<\/b><\/em><\/li>\n<\/ul>\n<\/div>\n<div class=\"bbc-19j92fr ebmt73l0\" dir=\"ltr\">\n<p dir=\"ltr\">\n<p dir=\"ltr\">\n<p class=\"bbc-hhl7in e17g058b0\" dir=\"ltr\">Tampoco es ya el\u00a0<i class=\"bbc-h1y5j7 eih42320\">Exportweltmeister<\/i>, el &#8220;campe\u00f3n mundial de las exportaciones&#8221;, como se conoc\u00eda en los mercados internacionales.<\/p>\n<\/div>\n<div class=\"bbc-19j92fr ebmt73l0\" dir=\"ltr\">\n<p class=\"bbc-hhl7in e17g058b0\" dir=\"ltr\">En el momento de mayor apogeo de la hiperglobalizaci\u00f3n, lleg\u00f3 a ser el mayor exportador global. El gas ruso abastec\u00eda de combustible barato a sus industrias y China era un gran socio comercial. Los carros, la empresas qu\u00edmicas y de ingenier\u00eda vivieron entonces momentos dulces.<\/p>\n<\/div>\n<div class=\"bbc-19j92fr ebmt73l0\" dir=\"ltr\">\n<p class=\"bbc-hhl7in e17g058b0\" dir=\"ltr\">Pero ese\u00a0mundo en el que Alemania domin\u00f3 ya no existe.\u00a0Eventos como el Brexit, los aranceles de Trump, la invasi\u00f3n de Ucrania por parte de Rusia o el ascenso de China, que de comprador pas\u00f3 ahora a competidor, pasaron factura su modelo industrial.<\/p>\n<\/div>\n<div class=\"bbc-19j92fr ebmt73l0\" dir=\"ltr\">\n<p class=\"bbc-hhl7in e17g058b0\" dir=\"ltr\">No fueron las \u00fanicas causas. &#8220;Tal vez el mayor de todos los\u00a0<i class=\"bbc-h1y5j7 eih42320\">shocks<\/i>\u00a0provino de la tecnolog\u00eda&#8221;, cree Wolfgang M\u00fcnchau, director del medio especializado EuroIntelligence y autor del libro &#8220;Kaput: el fin del milagro econ\u00f3mico alem\u00e1n&#8221;.<\/p>\n<\/div>\n<div class=\"bbc-19j92fr ebmt73l0\" dir=\"ltr\">\n<p class=\"bbc-hhl7in e17g058b0\" dir=\"ltr\">&#8220;La Alemania de hoy tiene una de las peores redes de telefon\u00eda m\u00f3vil de Europa. El\u00a0fax sigue reinando en el ej\u00e9rcito y en los consultorios m\u00e9dicos. Y hay muchos comercios que todav\u00eda s\u00f3lo aceptan dinero en efectivo&#8221;.<\/p>\n<\/div>\n<div class=\"bbc-19j92fr ebmt73l0\" dir=\"ltr\">\n<p class=\"bbc-hhl7in e17g058b0\" dir=\"ltr\">&#8220;Por poner un ejemplo de c\u00f3mo el pa\u00eds se ha quedado atr\u00e1s, al principio los directivos de la industria automovil\u00edstica alemana, en su mayor\u00eda hombres, consideraban que\u00a0los coches el\u00e9ctricos eran juguetes para ni\u00f1as&#8221;, escribi\u00f3 el autor.<\/p>\n<\/div>\n<div class=\"bbc-19j92fr ebmt73l0\" dir=\"ltr\">\n<p class=\"bbc-hhl7in e17g058b0\" dir=\"ltr\">Para M\u00fcnchau, este declive lleva gest\u00e1ndose a\u00f1os. &#8220;Las peores decisiones se tomaron durante el largo reinado de Angela Merkel. En la d\u00e9cada de 2010 Alemania aument\u00f3 su dependencia del gas ruso, invirti\u00f3 menos en fibra \u00f3ptica e infraestructura digital e increment\u00f3 su dependencia de las exportaciones&#8221;.<\/p>\n<\/div>\n<div class=\"bbc-19j92fr ebmt73l0\" dir=\"ltr\">\n<p class=\"bbc-hhl7in e17g058b0\" dir=\"ltr\">&#8220;Es un modelo que por distintos factores\u00a0qued\u00f3 obsoleto&#8221;.<\/p>\n<p dir=\"ltr\">\n<\/div>\n<figure class=\"bbc-1qn0xuy\">\n<div class=\"bbc-18ywsw9\">\n<div style=\"width: 1034px\" class=\"wp-caption alignnone\"><img loading=\"lazy\" decoding=\"async\" class=\"bbc-139onq\" src=\"https:\/\/ichef.bbci.co.uk\/ace\/ws\/640\/cpsprodpb\/09fb\/live\/0292d170-a5d8-11ef-9fb4-fd2d6da57766.jpg.webp\" alt=\"Un hombre ensambla un volante en un carro con una herramienta naranja.\" width=\"1024\" height=\"576\" \/><p class=\"wp-caption-text\">Fuente de la imagen,Getty Images.\u00a0\u00a0En octubre, Volkswagen registr\u00f3 una ca\u00edda del 64% en las ganancias del tercer trimestre. Mercedes-Benz y BMW tambi\u00e9n reportaron p\u00e9rdidas.<\/p><\/div>\n<\/div>\n<\/figure>\n<div class=\"bbc-19j92fr ebmt73l0\" dir=\"ltr\">\n<p dir=\"ltr\">\n<p dir=\"ltr\">\n<p class=\"bbc-hhl7in e17g058b0\" dir=\"ltr\">Pese a ser celebrada como l\u00edder del mundo occidental, hubo -dice M\u00fcnchau- una\u00a0falta de reformas econ\u00f3micas significativas y una excesiva concentraci\u00f3n en la pol\u00edtica exterior\u00a0en detrimento de la innovaci\u00f3n y la planificaci\u00f3n econ\u00f3mica de largo plazo.<\/p>\n<\/div>\n<div class=\"bbc-19j92fr ebmt73l0\" dir=\"ltr\">\n<p class=\"bbc-hhl7in e17g058b0\" dir=\"ltr\">Hoy las grandes empresas qu\u00edmicas, de ingenier\u00eda o autom\u00f3viles est\u00e1n sufriendo, y con ellas el tejido empresarial m\u00e1s peque\u00f1o que abastece de componentes.<\/p>\n<\/div>\n<div class=\"bbc-19j92fr ebmt73l0\" dir=\"ltr\">\n<p class=\"bbc-hhl7in e17g058b0\" dir=\"ltr\">El ejemplo m\u00e1s claro lo pone sobre la mesa estos d\u00edas\u00a0Volkswagen. El mayor empleador del sector privado de Alemania amenaza con cerrar plantas\u00a0en el pa\u00eds por primera vez en sus 87 a\u00f1os de historia.<\/p>\n<\/div>\n<div class=\"bbc-19j92fr ebmt73l0\" dir=\"ltr\">\n<p class=\"bbc-hhl7in e17g058b0\" dir=\"ltr\">&#8220;Made in Germany&#8221; fue en alg\u00fan momento s\u00edmbolo de la tecnolog\u00eda m\u00e1s puntera y confiable, pero\u00a0Alemania no supo adaptar su industria mec\u00e1nica al modelo digital,<b>\u00a0<\/b>seg\u00fan M\u00fcnchau.<\/p>\n<\/div>\n<div class=\"bbc-19j92fr ebmt73l0\" dir=\"ltr\">\n<p class=\"bbc-hhl7in e17g058b0\" dir=\"ltr\">Por si fuera poco, este mes la coalici\u00f3n de gobierno que encabeza Olaf Scholz colaps\u00f3 dejando al pa\u00eds sin presupuestos generales y obligando a convocar nuevas elecciones para febrero de 2025.<\/p>\n<\/div>\n<div class=\"bbc-19j92fr ebmt73l0\" dir=\"ltr\">\n<p class=\"bbc-hhl7in e17g058b0\" dir=\"ltr\"><b>\u00bfC\u00f3mo es posible, entonces, que una de las naciones tecnol\u00f3gicamente m\u00e1s avanzadas del planeta se haya quedado atr\u00e1s?<\/b><\/p>\n<\/div>\n<div class=\"bbc-19j92fr ebmt73l0\" dir=\"ltr\">\n<p class=\"bbc-hhl7in e17g058b0\" dir=\"ltr\">En esta entrevista con Wolfgang M\u00fcnchau se analizan los diversos factores que han arrastrado a la primera econom\u00eda de la zona del euro a este periodo dif\u00edcil.<\/p>\n<\/div>\n<figure class=\"bbc-1qn0xuy\">\n<div class=\"bbc-18ywsw9\"><img loading=\"lazy\" decoding=\"async\" class=\"bbc-139onq\" src=\"https:\/\/ichef.bbci.co.uk\/ace\/ws\/640\/cpsprodpb\/3dcf\/live\/19a57ba0-a5d4-11ef-bdf5-b7cb2fa86e10.png.webp\" sizes=\"auto, (min-width: 1008px) 760px, 100vw\" srcset=\"https:\/\/ichef.bbci.co.uk\/ace\/ws\/240\/cpsprodpb\/3dcf\/live\/19a57ba0-a5d4-11ef-bdf5-b7cb2fa86e10.png.webp 240w, https:\/\/ichef.bbci.co.uk\/ace\/ws\/320\/cpsprodpb\/3dcf\/live\/19a57ba0-a5d4-11ef-bdf5-b7cb2fa86e10.png.webp 320w, https:\/\/ichef.bbci.co.uk\/ace\/ws\/480\/cpsprodpb\/3dcf\/live\/19a57ba0-a5d4-11ef-bdf5-b7cb2fa86e10.png.webp 480w, https:\/\/ichef.bbci.co.uk\/ace\/ws\/624\/cpsprodpb\/3dcf\/live\/19a57ba0-a5d4-11ef-bdf5-b7cb2fa86e10.png.webp 624w, https:\/\/ichef.bbci.co.uk\/ace\/ws\/800\/cpsprodpb\/3dcf\/live\/19a57ba0-a5d4-11ef-bdf5-b7cb2fa86e10.png.webp 800w\" alt=\"l\u00ednea gris que separa el texto \" width=\"800\" height=\"100\" \/><\/div>\n<\/figure>\n<div class=\"bbc-19j92fr ebmt73l0\" dir=\"ltr\">\n<p class=\"bbc-hhl7in e17g058b0\" dir=\"ltr\"><b>Alemania registra hoy una econom\u00eda de crecimiento muy bajo a la que nadie est\u00e1 acostumbrado. \u00bfQu\u00e9 va a pasar con Europa?<\/b><\/p>\n<\/div>\n<div class=\"bbc-19j92fr ebmt73l0\" dir=\"ltr\">\n<p class=\"bbc-hhl7in e17g058b0\" dir=\"ltr\">Europa va a sufrir. Alemania fue su motor del crecimiento pero ahora una Alemania que no crece est\u00e1 pol\u00edticamente menos dispuesta a tener grandes esquemas de apoyo para la Uni\u00f3n Europea (UE). El pa\u00eds es un gran contribuyente neto a su presupuesto.<\/p>\n<\/div>\n<div class=\"bbc-19j92fr ebmt73l0\" dir=\"ltr\">\n<p class=\"bbc-hhl7in e17g058b0\" dir=\"ltr\">Sin embargo, no se puede confiar en que Alemania, que est\u00e1 estancada, financie a la UE en la misma medida que lo hac\u00eda antes y es posible que se muestre reacia a financiar la guerra en Ucrania.<\/p>\n<\/div>\n<div class=\"bbc-19j92fr ebmt73l0\" dir=\"ltr\">\n<p class=\"bbc-hhl7in e17g058b0\" dir=\"ltr\">Porque si no hay crecimiento, no hay margen fiscal para ampliar el presupuesto. As\u00ed que veremos decisiones dif\u00edciles y todas est\u00e1n interrelacionadas.<\/p>\n<\/div>\n<div class=\"bbc-19j92fr ebmt73l0\" dir=\"ltr\">\n<p class=\"bbc-hhl7in e17g058b0\" dir=\"ltr\"><b>\u00bfHay alg\u00fan pa\u00eds que pueda sustituir a Alemania como motor de Europa?<\/b><\/p>\n<\/div>\n<div class=\"bbc-19j92fr ebmt73l0\" dir=\"ltr\">\n<p class=\"bbc-hhl7in e17g058b0\" dir=\"ltr\">No creo que haya ninguno, sobre todo por una cuesti\u00f3n de tama\u00f1o, Alemania tiene 85 millones de habitantes de los 500 millones que tiene la Uni\u00f3n Europea y su econom\u00eda es aproximadamente una quinta parte m\u00e1s grande que la segunda de la UE.<\/p>\n<p dir=\"ltr\">\n<\/div>\n<figure class=\"bbc-1qn0xuy\">\n<div class=\"bbc-18ywsw9\">\n<div style=\"width: 1034px\" class=\"wp-caption alignnone\"><img loading=\"lazy\" decoding=\"async\" class=\"bbc-139onq\" src=\"https:\/\/ichef.bbci.co.uk\/ace\/ws\/640\/cpsprodpb\/74cc\/live\/7677e240-a5d5-11ef-9fb4-fd2d6da57766.jpg.webp\" alt=\"Sala interior del Parlamento europeo con las banderas de los pa\u00edses que forman parte de la Uni\u00f3n.\" width=\"1024\" height=\"576\" \/><p class=\"wp-caption-text\">Fuente de la imagen,Getty Images.\u00a0\u00a0Con sus 80 millones de habitantes y su potencia exportadora. Alemania es la econom\u00eda m\u00e1s fuerte del continente europeo.<\/p><\/div>\n<\/div>\n<\/figure>\n<div class=\"bbc-19j92fr ebmt73l0\" dir=\"ltr\">\n<p dir=\"ltr\">\n<p dir=\"ltr\">\n<p class=\"bbc-hhl7in e17g058b0\" dir=\"ltr\"><b>\u00bfCu\u00e1ndo empez\u00f3 el milagro econ\u00f3mico alem\u00e1n?<\/b><\/p>\n<\/div>\n<div class=\"bbc-19j92fr ebmt73l0\" dir=\"ltr\">\n<p class=\"bbc-hhl7in e17g058b0\" dir=\"ltr\">Comenz\u00f3 realmente despu\u00e9s de la Segunda Guerra Mundial. A fines de la d\u00e9cada de 1940 hubo un per\u00edodo de nuevas empresas y mucho dinamismo en la econom\u00eda, basado en la ingenier\u00eda y la industria.<\/p>\n<\/div>\n<div class=\"bbc-19j92fr ebmt73l0\" dir=\"ltr\">\n<p class=\"bbc-hhl7in e17g058b0\" dir=\"ltr\">Los oleoductos y los reactores nucleares eran los engranajes que impulsaban la econom\u00eda alemana. Eran la fuerza vital de su modelo industrial. Fueron estos oleoductos los que m\u00e1s tarde dar\u00edan a Alemania acceso al petr\u00f3leo noruego y al gas ruso. Esa primera fase del milagro dur\u00f3 hasta bien entrada la d\u00e9cada de 1970.<\/p>\n<\/div>\n<div class=\"bbc-19j92fr ebmt73l0\" dir=\"ltr\">\n<p class=\"bbc-hhl7in e17g058b0\" dir=\"ltr\">El per\u00edodo de 1980 a 1990 fue m\u00e1s problem\u00e1tico porque la unificaci\u00f3n cost\u00f3 mucho dinero. Pero en 2005 llegar\u00eda una segunda fase, que dur\u00f3 hasta aproximadamente 2018.<\/p>\n<\/div>\n<div class=\"bbc-19j92fr ebmt73l0\" dir=\"ltr\">\n<p class=\"bbc-hhl7in e17g058b0\" dir=\"ltr\">Alemania vivi\u00f3 un per\u00edodo de \u00e9xito entre 2005 y 2015, al que se conoce como el &#8220;milagro alem\u00e1n moderno&#8221;.<\/p>\n<p dir=\"ltr\">\n<\/div>\n<figure class=\"bbc-1qn0xuy\">\n<div class=\"bbc-18ywsw9\">\n<div style=\"width: 1034px\" class=\"wp-caption alignnone\"><img loading=\"lazy\" decoding=\"async\" class=\"bbc-139onq\" src=\"https:\/\/ichef.bbci.co.uk\/ace\/ws\/640\/cpsprodpb\/768f\/live\/cb4e3aa0-a344-11ef-8b2c-7bfe2eb25766.jpg.webp\" alt=\"Manifestaci\u00f3n en contra de la energ\u00eda nuclear. \" width=\"1024\" height=\"576\" \/><p class=\"wp-caption-text\">Fuente de la imagen,Getty Images.\u00a0\u00a0El cierre de la centrales nucleares y el fin de la energ\u00eda barata se debi\u00f3 a razones pol\u00edticas, no econ\u00f3micas.<\/p><\/div>\n<\/div>\n<\/figure>\n<div class=\"bbc-19j92fr ebmt73l0\" dir=\"ltr\">\n<p dir=\"ltr\">\n<p dir=\"ltr\">\n<p class=\"bbc-hhl7in e17g058b0\" dir=\"ltr\">Entre los factores que contribuyeron a este \u00e9xito se encuentran las reformas del mercado laboral introducidas por el canciller Gerhard Schr\u00f6der en 2003, que llevaron a una moderaci\u00f3n salarial, as\u00ed como el gas barato procedente de Rusia, la liberalizaci\u00f3n del transporte mar\u00edtimo y la log\u00edstica de contenedores.<\/p>\n<\/div>\n<div class=\"bbc-19j92fr ebmt73l0\" dir=\"ltr\">\n<p class=\"bbc-hhl7in e17g058b0\" dir=\"ltr\">Tambi\u00e9n la fuerte demanda de bienes industriales alemanes por parte de econom\u00edas en r\u00e1pido crecimiento como China o India.<\/p>\n<\/div>\n<div class=\"bbc-19j92fr ebmt73l0\" dir=\"ltr\">\n<p class=\"bbc-hhl7in e17g058b0\" dir=\"ltr\"><b>\u00bfQu\u00e9 indica que &#8220;el milagro&#8221; se termin\u00f3?<\/b><\/p>\n<\/div>\n<div class=\"bbc-19j92fr ebmt73l0\" dir=\"ltr\">\n<p class=\"bbc-hhl7in e17g058b0\" dir=\"ltr\">En t\u00e9rminos de cifras y estad\u00edsticas publicadas, se puede ver esto en torno a 2018. Pero ha sido un proceso progresivo, cuyas causas se remontan muchos a\u00f1os atr\u00e1s.<\/p>\n<\/div>\n<div class=\"bbc-19j92fr ebmt73l0\" dir=\"ltr\">\n<p class=\"bbc-hhl7in e17g058b0\" dir=\"ltr\">Lo que le pas\u00f3 a Alemania es que se volvi\u00f3 muy dependiente de unas pocas industrias, en particular de la industria automotriz. Es bastante raro.<\/p>\n<\/div>\n<div class=\"bbc-19j92fr ebmt73l0\" dir=\"ltr\">\n<p class=\"bbc-hhl7in e17g058b0\" dir=\"ltr\">La mayor\u00eda de los pa\u00edses grandes como Estados Unidos, China, Brasil o Jap\u00f3n tienen industrias diversificadas. No dependen de una o dos.<\/p>\n<p dir=\"ltr\">\n<\/div>\n<figure class=\"bbc-1qn0xuy\">\n<div class=\"bbc-18ywsw9\">\n<div style=\"width: 1034px\" class=\"wp-caption alignnone\"><img loading=\"lazy\" decoding=\"async\" class=\"bbc-139onq\" src=\"https:\/\/ichef.bbci.co.uk\/ace\/ws\/640\/cpsprodpb\/1453\/live\/caed3dd0-a5d4-11ef-9fb4-fd2d6da57766.jpg.webp\" alt=\"La bandera alemana ondea sobre el edificio del parlamento.\" width=\"1024\" height=\"576\" \/><p class=\"wp-caption-text\">Fuente de la imagen,Getty Images.\u00a0\u00a0El gobierno de coalici\u00f3n de Alemania se desintegr\u00f3 a principios de este mes, y ahora se han fijado elecciones generales para el 23 de febrero.<\/p><\/div>\n<\/div>\n<\/figure>\n<div class=\"bbc-19j92fr ebmt73l0\" dir=\"ltr\">\n<p dir=\"ltr\">\n<p dir=\"ltr\">\n<p class=\"bbc-hhl7in e17g058b0\" dir=\"ltr\">Pero Alemania se volvi\u00f3 muy dependiente de los autom\u00f3viles, de los productos qu\u00edmicos y tambi\u00e9n de la ingenier\u00eda mec\u00e1nica de m\u00e1quinas.<\/p>\n<\/div>\n<div class=\"bbc-19j92fr ebmt73l0\" dir=\"ltr\">\n<p class=\"bbc-hhl7in e17g058b0\" dir=\"ltr\">Estas eran tres industrias que eran extremadamente importantes para la econom\u00eda alemana sufrieron problemas similares desde 2018.<\/p>\n<\/div>\n<div class=\"bbc-19j92fr ebmt73l0\" dir=\"ltr\">\n<p class=\"bbc-hhl7in e17g058b0\" dir=\"ltr\"><b>\u00bfCu\u00e1les eran esos problemas?<\/b><\/p>\n<\/div>\n<div class=\"bbc-19j92fr ebmt73l0\" dir=\"ltr\">\n<p class=\"bbc-hhl7in e17g058b0\" dir=\"ltr\">Uno fue la crisis por el aumento de los precios de la energ\u00eda, que se convirti\u00f3 en un problema particular despu\u00e9s de la invasi\u00f3n de Ucrania por parte de Vladimir Putin. Pero en el caso de la industria automotriz, sucedi\u00f3 algo m\u00e1s: no logr\u00f3 innovar.<\/p>\n<\/div>\n<div class=\"bbc-19j92fr ebmt73l0\" dir=\"ltr\">\n<p class=\"bbc-hhl7in e17g058b0\" dir=\"ltr\">No est\u00e1 a la vanguardia de los veh\u00edculos el\u00e9ctricos. Segu\u00eda vendiendo sus viejos autom\u00f3viles impulsados por combustible e invirti\u00f3 en las tecnolog\u00edas equivocadas.<\/p>\n<\/div>\n<div class=\"bbc-19j92fr ebmt73l0\" dir=\"ltr\">\n<p class=\"bbc-hhl7in e17g058b0\" dir=\"ltr\">Lo que tenemos ahora es que Tesla y los chinos son los l\u00edderes en autom\u00f3viles el\u00e9ctricos, y los alemanes se quedaron atr\u00e1s.<\/p>\n<\/div>\n<div class=\"bbc-19j92fr ebmt73l0\" dir=\"ltr\">\n<p class=\"bbc-hhl7in e17g058b0\" dir=\"ltr\">En cierta manera la obsesi\u00f3n alemana con la industria pone de relieve la incapacidad del pa\u00eds para aceptar que las econom\u00edas occidentales modernas se basan en los servicios, no en la fabricaci\u00f3n.<\/p>\n<p dir=\"ltr\">\n<\/div>\n<figure class=\"bbc-1qn0xuy\">\n<div class=\"bbc-18ywsw9\">\n<div style=\"width: 760px\" class=\"wp-caption alignnone\"><img loading=\"lazy\" decoding=\"async\" class=\"bbc-139onq\" src=\"https:\/\/ichef.bbci.co.uk\/ace\/ws\/640\/cpsprodpb\/7a71\/live\/9733efe0-a2ad-11ef-af84-cfccc46c09b9.png.webp\" alt=\"Wolfgang M\u00fcnchau con gafas y barba delante de una librer\u00eda llena de libros. \" width=\"750\" height=\"422\" \/><p class=\"wp-caption-text\">Fuente de la imagen,Swift Press.\u00a0\u00a0Wolfgang M\u00fcnchau, director de EuroIntelligence y autor del libro &#8220;Kaput: el fin del milagro econ\u00f3mico alem\u00e1n&#8221;.<\/p><\/div>\n<\/div>\n<\/figure>\n<div class=\"bbc-19j92fr ebmt73l0\" dir=\"ltr\">\n<p dir=\"ltr\">\n<p dir=\"ltr\">\n<p class=\"bbc-hhl7in e17g058b0\" dir=\"ltr\"><b>Un amigo suyo le dijo que no escribiera este libro, que Alemania tiene un historial de recuperarse cuando menos se espera. \u00bfPodr\u00eda pasar lo mismo esta vez? \u00bfPuede renacer?<\/b><\/p>\n<\/div>\n<div class=\"bbc-19j92fr ebmt73l0\" dir=\"ltr\">\n<p class=\"bbc-hhl7in e17g058b0\" dir=\"ltr\">Esta crisis es diferente a las anteriores, cuando los problemas eran de competitividad y de costos. Esta crisis es una en la que Alemania, como pa\u00eds, est\u00e1 vendiendo productos obsoletos, que ya no est\u00e1n a la vanguardia de la tecnolog\u00eda.<\/p>\n<\/div>\n<div class=\"bbc-19j92fr ebmt73l0\" dir=\"ltr\">\n<p class=\"bbc-hhl7in e17g058b0\" dir=\"ltr\">Esto se debe a que Alemania se perdi\u00f3 el siglo XXI en t\u00e9rminos de toda la revoluci\u00f3n digital. Pas\u00f3 a\u00f1os invirtiendo en tecnolog\u00edas equivocadas. En los autom\u00f3viles, es obvio porque podemos verlo.<\/p>\n<\/div>\n<div class=\"bbc-19j92fr ebmt73l0\" dir=\"ltr\">\n<p class=\"bbc-hhl7in e17g058b0\" dir=\"ltr\">Pero tambi\u00e9n vimos una lenta digitalizaci\u00f3n de las industrias existentes. La tecnolog\u00eda digital invadi\u00f3 los dispositivos mec\u00e1nicos en los que el pa\u00eds era puntero y no supo adaptarse.<\/p>\n<\/div>\n<div class=\"bbc-19j92fr ebmt73l0\" dir=\"ltr\">\n<p class=\"bbc-hhl7in e17g058b0\" dir=\"ltr\"><b>\u00bfEste fen\u00f3meno en la industria est\u00e1 relacionado con la aversi\u00f3n a la digitalizaci\u00f3n que tienen los alemanes que menciona en \u201cKaput\u201d?<\/b><\/p>\n<\/div>\n<div class=\"bbc-19j92fr ebmt73l0\" dir=\"ltr\">\n<p class=\"bbc-hhl7in e17g058b0\" dir=\"ltr\">Creo que s\u00ed. Se puede ver en muchos \u00e1mbitos de la vida p\u00fablica, y en muchos sectores del gobierno que todav\u00eda usan m\u00e1quinas de fax. Lo mismo que en las consultas m\u00e9dicas.<\/p>\n<\/div>\n<div class=\"bbc-19j92fr ebmt73l0\" dir=\"ltr\">\n<p class=\"bbc-hhl7in e17g058b0\" dir=\"ltr\">Tambi\u00e9n se puede ver en la telefon\u00eda y la cobertura m\u00f3vil, que es muy deficiente en muchos lugares, y en el despliegue de la fibra \u00f3ptica, que tambi\u00e9n va muy retrasado.<\/p>\n<p dir=\"ltr\">\n<\/div>\n<figure class=\"bbc-1qn0xuy\">\n<div class=\"bbc-18ywsw9\"><img loading=\"lazy\" decoding=\"async\" class=\"bbc-139onq\" src=\"https:\/\/ichef.bbci.co.uk\/ace\/ws\/640\/cpsprodpb\/e253\/live\/a1036190-a2ad-11ef-bdf5-b7cb2fa86e10.jpg.webp\" sizes=\"auto, (min-width: 1008px) 760px, 100vw\" srcset=\"https:\/\/ichef.bbci.co.uk\/ace\/ws\/240\/cpsprodpb\/e253\/live\/a1036190-a2ad-11ef-bdf5-b7cb2fa86e10.jpg.webp 240w, https:\/\/ichef.bbci.co.uk\/ace\/ws\/320\/cpsprodpb\/e253\/live\/a1036190-a2ad-11ef-bdf5-b7cb2fa86e10.jpg.webp 320w, https:\/\/ichef.bbci.co.uk\/ace\/ws\/480\/cpsprodpb\/e253\/live\/a1036190-a2ad-11ef-bdf5-b7cb2fa86e10.jpg.webp 480w, https:\/\/ichef.bbci.co.uk\/ace\/ws\/624\/cpsprodpb\/e253\/live\/a1036190-a2ad-11ef-bdf5-b7cb2fa86e10.jpg.webp 624w, https:\/\/ichef.bbci.co.uk\/ace\/ws\/800\/cpsprodpb\/e253\/live\/a1036190-a2ad-11ef-bdf5-b7cb2fa86e10.jpg.webp 800w\" alt=\"Portada del libro de Wolfgang M\u00fcnchau, &quot;Kaput&quot; con la bandera alemana en amarillo, rojo y negro.\" width=\"1843\" height=\"2835\" \/><\/p>\n<p class=\"bbc-by8ykd\" role=\"text\"><span class=\"bbc-m04vo2\">Fuente de la imagen,<\/span><span lang=\"en-GB\">Swift Press<\/span><\/p>\n<\/div>\n<\/figure>\n<div class=\"bbc-19j92fr ebmt73l0\" dir=\"ltr\">\n<p dir=\"ltr\">\n<p class=\"bbc-hhl7in e17g058b0\" dir=\"ltr\">Alemania no tiene pr\u00e1cticamente ninguna representaci\u00f3n en materia de inteligencia artificial. No ha realizado estas inversiones. Y ese es el problema de una econom\u00eda que tiene que especializarse demasiado.<\/p>\n<\/div>\n<div class=\"bbc-19j92fr ebmt73l0\" dir=\"ltr\">\n<p class=\"bbc-hhl7in e17g058b0\" dir=\"ltr\">Tambi\u00e9n ha jugado en su contra es el cambio en la geopol\u00edtica. Se juntaron muchas cosas.<\/p>\n<\/div>\n<div class=\"bbc-19j92fr ebmt73l0\" dir=\"ltr\">\n<p class=\"bbc-hhl7in e17g058b0\" dir=\"ltr\"><b>\u00bfCree que la sociedad alemana es tecnof\u00f3bica?<\/b><\/p>\n<\/div>\n<div class=\"bbc-19j92fr ebmt73l0\" dir=\"ltr\">\n<p class=\"bbc-hhl7in e17g058b0\" dir=\"ltr\">S\u00ed. Y no se trata solo de lo digital. Hay una actitud antitecnolog\u00eda que prevalece en la sociedad. Lo mismo ocurre con el dinero electr\u00f3nico o incluso las tarjetas de cr\u00e9dito.<\/p>\n<\/div>\n<div class=\"bbc-19j92fr ebmt73l0\" dir=\"ltr\">\n<p class=\"bbc-hhl7in e17g058b0\" dir=\"ltr\">Pongamos el ejemplo de la energ\u00eda nuclear. Alemania nunca estuvo cerca de un accidente. Y, sin embargo, decidi\u00f3 deshacerse de sus centrales nucleares mientras que en otros pa\u00edses es una parte muy importante de su suministro de energ\u00eda barato.<\/p>\n<\/div>\n<div class=\"bbc-19j92fr ebmt73l0\" dir=\"ltr\">\n<p class=\"bbc-hhl7in e17g058b0\" dir=\"ltr\"><b>En su libro dice que el \u00e9xito de Alemania en las d\u00e9cadas pasadas sent\u00f3 las bases de su crisis actual. Es decir, lo que le permiti\u00f3 tener \u00e9xito en el pasado es ahora lo que le est\u00e1 da\u00f1ando. Esto es un poco parad\u00f3jico, \u00bfno?<\/b><\/p>\n<\/div>\n<div class=\"bbc-19j92fr ebmt73l0\" dir=\"ltr\">\n<p class=\"bbc-hhl7in e17g058b0\" dir=\"ltr\">Exacto. Lo que fue una fortaleza en un per\u00edodo es la base de la debilidad ahora. Depend\u00eda mucho de Rusia y China y, mientras la geopol\u00edtica fue bien, este era un gran modelo que produc\u00eda crecimiento y prosperidad. Lo mismo con la tecnolog\u00eda.<\/p>\n<\/div>\n<div class=\"bbc-19j92fr ebmt73l0\" dir=\"ltr\">\n<p class=\"bbc-hhl7in e17g058b0\" dir=\"ltr\">Pero ambos factores han cambiado mientras que las empresas siguen siendo las mismas, siguen intentando hacer negocios en Rusia y en China.<\/p>\n<\/div>\n<div class=\"bbc-19j92fr ebmt73l0\" dir=\"ltr\">\n<p class=\"bbc-hhl7in e17g058b0\" dir=\"ltr\">Hay buenas empresas alemanas, pero los grandes beneficios no se obtienen ahora en ingenier\u00eda, como sol\u00eda ser el caso, sino que ahora se obtienen en inteligencia artificial y tecnolog\u00edas digitales.<\/p>\n<\/div>\n<div class=\"bbc-19j92fr ebmt73l0\" dir=\"ltr\">\n<p class=\"bbc-hhl7in e17g058b0\" dir=\"ltr\">Los grandes m\u00e1rgenes de beneficio que sol\u00edan disfrutar las empresas alemanas ahora se han reducido. Creo que ese es el punto clave. Alemania no se adapt\u00f3 y es por eso que se encuentra en la situaci\u00f3n actual.<\/p>\n<p dir=\"ltr\">\n<\/div>\n<figure class=\"bbc-1qn0xuy\">\n<div class=\"bbc-18ywsw9\">\n<div style=\"width: 1034px\" class=\"wp-caption alignnone\"><img loading=\"lazy\" decoding=\"async\" class=\"bbc-139onq\" src=\"https:\/\/ichef.bbci.co.uk\/ace\/ws\/640\/cpsprodpb\/120a\/live\/20b81980-a2ae-11ef-af84-cfccc46c09b9.jpg.webp\" alt=\"El ex canciller alem\u00e1n Gerhard Schr\u00f6der y la canciller alemana Angela Merkel asisten a la presentaci\u00f3n de 'Die Biographie' de 'The Biography' del bi\u00f3grafo Gregor Schoellgen.\" width=\"1024\" height=\"576\" \/><p class=\"wp-caption-text\">Fuente de la imagen,Getty Images.\u00a0\u00a0En 2005, el socialdem\u00f3crata Schr\u00f6der cedi\u00f3 paso a la conservadora Merkel.<\/p><\/div>\n<\/div>\n<\/figure>\n<div class=\"bbc-19j92fr ebmt73l0\" dir=\"ltr\">\n<p dir=\"ltr\">\n<p dir=\"ltr\">\n<p class=\"bbc-hhl7in e17g058b0\" dir=\"ltr\"><b>Me sorprendi\u00f3 leer que \u201clas peores decisiones para Alemania se tomaron durante el largo reinado de Angela Merkel, cuando se la celebraba como la l\u00edder del mundo libre\u201d. \u00bfQu\u00e9 pas\u00f3 en ese per\u00edodo?<\/b><\/p>\n<\/div>\n<div class=\"bbc-19j92fr ebmt73l0\" dir=\"ltr\">\n<p class=\"bbc-hhl7in e17g058b0\" dir=\"ltr\">Merkel se centr\u00f3 principalmente en la pol\u00edtica exterior. No le interesaban las reformas econ\u00f3micas; no creo que nadie recuerde ninguna reforma relevante aprobada en su \u00e9poca, con la excepci\u00f3n del aumento de la edad de jubilaci\u00f3n.<\/p>\n<\/div>\n<div class=\"bbc-19j92fr ebmt73l0\" dir=\"ltr\">\n<p class=\"bbc-hhl7in e17g058b0\" dir=\"ltr\">Por supuesto, fue una figura indispensable en Alemania. Era imposible formar una coalici\u00f3n sin su apoyo o su presencia. Tambi\u00e9n era muy popular personalmente, pero fue un buen per\u00edodo.<\/p>\n<\/div>\n<div class=\"bbc-19j92fr ebmt73l0\" dir=\"ltr\">\n<p class=\"bbc-hhl7in e17g058b0\" dir=\"ltr\">El crecimiento econ\u00f3mico era fuerte y, por lo general, los gobiernos no solucionan problemas cuando todo va bien.<\/p>\n<\/div>\n<div class=\"bbc-19j92fr ebmt73l0\" dir=\"ltr\">\n<p class=\"bbc-hhl7in e17g058b0\" dir=\"ltr\">Alemania se despidi\u00f3 de muchos avances t\u00e9cnicos durante ese tiempo. Tambi\u00e9n fue durante su per\u00edodo cuando el pa\u00eds se volvi\u00f3 muy dependiente de China y de Rusia y se decidi\u00f3 apagar la energ\u00eda nuclear.<\/p>\n<\/div>\n<div class=\"bbc-19j92fr ebmt73l0\" dir=\"ltr\">\n<p class=\"bbc-hhl7in e17g058b0\" dir=\"ltr\">Se tomaron muchas decisiones que, en retrospectiva, se consideran equivocadas. Merkel estuvo detr\u00e1s de un acuerdo de cooperaci\u00f3n en materia de inversiones muy amplio con China.<\/p>\n<\/div>\n<div class=\"bbc-19j92fr ebmt73l0\" dir=\"ltr\">\n<p class=\"bbc-hhl7in e17g058b0\" dir=\"ltr\">Ahora bien, no la estoy culpando personalmente de todo lo que ha ido mal en Alemania. No le estoy atribuyendo la culpa a ninguna persona en particular.<\/p>\n<\/div>\n<div class=\"bbc-19j92fr ebmt73l0\" dir=\"ltr\">\n<p class=\"bbc-hhl7in e17g058b0\" dir=\"ltr\">A d\u00eda de hoy, Alemania tiene una econom\u00eda de muy bajo crecimiento y se preguntan qu\u00e9 sucedi\u00f3. Y lo que sostengo en mi libro es que estas malas decisiones se tomaron en las d\u00e9cadas anteriores.<\/p>\n<p dir=\"ltr\">\n<\/div>\n<figure class=\"bbc-1qn0xuy\">\n<div class=\"bbc-18ywsw9\">\n<div style=\"width: 1034px\" class=\"wp-caption alignnone\"><img loading=\"lazy\" decoding=\"async\" class=\"bbc-139onq\" src=\"https:\/\/ichef.bbci.co.uk\/ace\/ws\/640\/cpsprodpb\/8b8a\/live\/4974b810-a2ae-11ef-af84-cfccc46c09b9.jpg.webp\" alt=\"Una central nuclear al lado de un r\u00edo y un peque\u00f1o pueblo\" width=\"1024\" height=\"576\" \/><p class=\"wp-caption-text\">Fuente de la imagen,Getty Images.\u00a0\u00a0Casi la mitad de la PIB alem\u00e1n suele depender de su comercio exterior.<\/p><\/div>\n<\/div>\n<\/figure>\n<div class=\"bbc-19j92fr ebmt73l0\" dir=\"ltr\">\n<p dir=\"ltr\">\n<p dir=\"ltr\">\n<p class=\"bbc-hhl7in e17g058b0\" dir=\"ltr\"><b>\u00bfPero de cara al exterior, Merkel se enfrent\u00f3 a la crisis de la euro en 2008, a la anexi\u00f3n de Crimea por parte de Rusia en 2014, a las olas migratorias hacia Europa y a la pandemia del covid-19?<\/b><\/p>\n<\/div>\n<div class=\"bbc-19j92fr ebmt73l0\" dir=\"ltr\">\n<p class=\"bbc-hhl7in e17g058b0\" dir=\"ltr\">Brill\u00f3 como la jefa diplom\u00e1tica europea en todas esas \u00e1reas. Mantuvo una relaci\u00f3n muy estrecha con Obama en Estados Unidos. Trabaj\u00f3 con Putin.<\/p>\n<\/div>\n<div class=\"bbc-19j92fr ebmt73l0\" dir=\"ltr\">\n<p class=\"bbc-hhl7in e17g058b0\" dir=\"ltr\">Ten\u00eda una presencia muy global, pero no era alguien que pensara estrat\u00e9gicamente sobre la fortaleza econ\u00f3mica y la geopol\u00edtica. Ten\u00eda otras prioridades.<\/p>\n<\/div>\n<div class=\"bbc-19j92fr ebmt73l0\" dir=\"ltr\">\n<p class=\"bbc-hhl7in e17g058b0\" dir=\"ltr\">Su gran fortaleza en la pol\u00edtica alemana fue que era capaz de dirigir coaliciones entre partidos de izquierda y derecha. No es algo f\u00e1cil. Era una muy, muy buena gestora. Y esa es la raz\u00f3n por la que sobrevivi\u00f3 durante tanto tiempo.<\/p>\n<\/div>\n<div class=\"bbc-19j92fr ebmt73l0\" dir=\"ltr\">\n<p class=\"bbc-hhl7in e17g058b0\" dir=\"ltr\">No quiero quitarle m\u00e9rito. S\u00f3lo digo que muchos de los problemas que tiene Alemania hoy en d\u00eda fueron el resultado de errores previsibles que cometi\u00f3 ella y durante su mandato. Eso estaba claro.<\/p>\n<\/div>\n<div class=\"bbc-19j92fr ebmt73l0\" dir=\"ltr\">\n<p class=\"bbc-hhl7in e17g058b0\" dir=\"ltr\">La pol\u00edtica energ\u00e9tica fue probablemente el caso m\u00e1s extremo, pero tambi\u00e9n la industria automovil\u00edstica.<\/p>\n<\/div>\n<div class=\"bbc-19j92fr ebmt73l0\" dir=\"ltr\">\n<p class=\"bbc-hhl7in e17g058b0\" dir=\"ltr\">Mira los grandes gigantes tecnol\u00f3gicos del mundo. Casi todos son de Estados Unidos. Unos pocos de China. No hay ninguno europeo.<\/p>\n<\/div>\n<div class=\"bbc-19j92fr ebmt73l0\" dir=\"ltr\">\n<p class=\"bbc-hhl7in e17g058b0\" dir=\"ltr\">Pero Alemania es un pa\u00eds que podr\u00eda haber tenido eso. Es una gran econom\u00eda. Tiene mucho dinero. Pero esto es parte del legado de Merkel y que va a ser muy dif\u00edcil de reconducir.<\/p>\n<\/div>\n","protected":false},"excerpt":{"rendered":"<p>&nbsp; &nbsp; Alemania atraviesa tiempos realmente convulsos. Sus indicadores econ\u00f3micos llevan a\u00f1os mostrando debilidad y amenazan su estatus de &#8220;milagro econ\u00f3mico&#8221;. Y con la fragilidad&hellip;<\/p>\n","protected":false},"author":99,"featured_media":525194,"comment_status":"open","ping_status":"open","sticky":false,"template":"","format":"standard","meta":{"footnotes":""},"categories":[24],"tags":[],"class_list":["post-525193","post","type-post","status-publish","format-standard","has-post-thumbnail","hentry","category-mundo"],"_links":{"self":[{"href":"https:\/\/diarioelpopular.com\/index.php\/wp-json\/wp\/v2\/posts\/525193","targetHints":{"allow":["GET"]}}],"collection":[{"href":"https:\/\/diarioelpopular.com\/index.php\/wp-json\/wp\/v2\/posts"}],"about":[{"href":"https:\/\/diarioelpopular.com\/index.php\/wp-json\/wp\/v2\/types\/post"}],"author":[{"embeddable":true,"href":"https:\/\/diarioelpopular.com\/index.php\/wp-json\/wp\/v2\/users\/99"}],"replies":[{"embeddable":true,"href":"https:\/\/diarioelpopular.com\/index.php\/wp-json\/wp\/v2\/comments?post=525193"}],"version-history":[{"count":1,"href":"https:\/\/diarioelpopular.com\/index.php\/wp-json\/wp\/v2\/posts\/525193\/revisions"}],"predecessor-version":[{"id":525195,"href":"https:\/\/diarioelpopular.com\/index.php\/wp-json\/wp\/v2\/posts\/525193\/revisions\/525195"}],"wp:featuredmedia":[{"embeddable":true,"href":"https:\/\/diarioelpopular.com\/index.php\/wp-json\/wp\/v2\/media\/525194"}],"wp:attachment":[{"href":"https:\/\/diarioelpopular.com\/index.php\/wp-json\/wp\/v2\/media?parent=525193"}],"wp:term":[{"taxonomy":"category","embeddable":true,"href":"https:\/\/diarioelpopular.com\/index.php\/wp-json\/wp\/v2\/categories?post=525193"},{"taxonomy":"post_tag","embeddable":true,"href":"https:\/\/diarioelpopular.com\/index.php\/wp-json\/wp\/v2\/tags?post=525193"}],"curies":[{"name":"wp","href":"https:\/\/api.w.org\/{rel}","templated":true}]}}