{"id":525196,"date":"2024-11-20T10:55:20","date_gmt":"2024-11-20T14:55:20","guid":{"rendered":"https:\/\/diarioelpopular.com\/?p=525196"},"modified":"2024-11-20T10:55:20","modified_gmt":"2024-11-20T14:55:20","slug":"la-justicia-de-peru-emite-una-orden-de-captura-contra-el-hermano-de-la-presidente-dina-boluarte","status":"publish","type":"post","link":"https:\/\/diarioelpopular.com\/index.php\/2024\/11\/20\/la-justicia-de-peru-emite-una-orden-de-captura-contra-el-hermano-de-la-presidente-dina-boluarte\/","title":{"rendered":"La justicia de Per\u00fa emite una orden de captura contra el hermano de la presidente Dina Boluarte"},"content":{"rendered":"<div id=\"attachment_525198\" style=\"width: 646px\" class=\"wp-caption alignnone\"><img loading=\"lazy\" decoding=\"async\" aria-describedby=\"caption-attachment-525198\" class=\"wp-image-525198 size-custom-full-size\" src=\"https:\/\/diarioelpopular.com\/wp-content\/uploads\/2024\/11\/Screen-Shot-2024-11-20-at-9.54.36-AM-636x360.png\" alt=\"\" width=\"636\" height=\"360\" srcset=\"https:\/\/diarioelpopular.com\/wp-content\/uploads\/2024\/11\/Screen-Shot-2024-11-20-at-9.54.36-AM-636x360.png 636w, https:\/\/diarioelpopular.com\/wp-content\/uploads\/2024\/11\/Screen-Shot-2024-11-20-at-9.54.36-AM-300x170.png 300w, https:\/\/diarioelpopular.com\/wp-content\/uploads\/2024\/11\/Screen-Shot-2024-11-20-at-9.54.36-AM-768x435.png 768w, https:\/\/diarioelpopular.com\/wp-content\/uploads\/2024\/11\/Screen-Shot-2024-11-20-at-9.54.36-AM-129x73.png 129w, https:\/\/diarioelpopular.com\/wp-content\/uploads\/2024\/11\/Screen-Shot-2024-11-20-at-9.54.36-AM.png 1024w\" sizes=\"auto, (max-width: 636px) 100vw, 636px\" \/><p id=\"caption-attachment-525198\" class=\"wp-caption-text\">Esta es la segunda vez que las autoridades peruanas emiten una orden de captura contra Nicanor Boluarte.<\/p><\/div>\n<p>&nbsp;<\/p>\n<div class=\"bbc-19j92fr ebmt73l0\" dir=\"ltr\">\n<ul>\n<li class=\"bbc-hhl7in e17g058b0\" dir=\"ltr\"><em><b>La justicia peruana orden\u00f3 este martes prisi\u00f3n preventiva para el hermano de la presidente Dina Boluarte, mientras la fiscal\u00eda lo investiga por supuesto tr\u00e1fico de influencias, cohecho y por pertenecer a una organizaci\u00f3n criminal.<\/b><\/em><\/li>\n<\/ul>\n<\/div>\n<div class=\"bbc-19j92fr ebmt73l0\" dir=\"ltr\">\n<p dir=\"ltr\">\n<p dir=\"ltr\">\n<p class=\"bbc-hhl7in e17g058b0\" dir=\"ltr\">Nicanor Boluarte\u00a0es buscado por las autoridades dentro y fuera del pa\u00eds, dado que no se present\u00f3 a la audiencia en la que el juez\u00a0Richard Concepci\u00f3n Carhuancho\u00a0emiti\u00f3 la decisi\u00f3n.<\/p>\n<\/div>\n<div class=\"bbc-19j92fr ebmt73l0\" dir=\"ltr\">\n<p class=\"bbc-hhl7in e17g058b0\" dir=\"ltr\">De acuerdo con medios locales, se desconoce la ubicaci\u00f3n del hermano de la mandataria desde el pasado domingo, cuando\u00a0el Ministerio P\u00fablico pidi\u00f3 que fuese detenido por riesgo de fuga, y \u00e9l se conect\u00f3 de &#8220;forma virtual&#8221; para ser parte del proceso legal que fue transmitido por televisi\u00f3n.<\/p>\n<\/div>\n<div class=\"bbc-19j92fr ebmt73l0\" dir=\"ltr\">\n<p class=\"bbc-hhl7in e17g058b0\" dir=\"ltr\">El periodo de prisi\u00f3n preventiva que deber\u00e1 cumplir es de\u00a036 meses.<\/p>\n<\/div>\n<div class=\"bbc-19j92fr ebmt73l0\" dir=\"ltr\">\n<p class=\"bbc-hhl7in e17g058b0\" dir=\"ltr\">La defensa de Boluarte dijo que apelar\u00e1 la decisi\u00f3n, mientras que \u00e9l en el pasado ha negado los se\u00f1alamientos en su contra.<\/p>\n<\/div>\n<div class=\"bbc-19j92fr ebmt73l0\" dir=\"ltr\">\n<p class=\"bbc-hhl7in e17g058b0\" dir=\"ltr\">Las autoridades aseguran que luego de que\u00a0Pedro Castillo\u00a0fuera destituido de la presidencia por intentar disolver el Congreso en diciembre de 2022, y asumiera Dina Boluarte, que para entonces era vicepresidenta, el hermano de esta ejerci\u00f3 un &#8220;poder de facto&#8221; para designar funcionarios.<\/p>\n<\/div>\n<div class=\"bbc-19j92fr ebmt73l0\" dir=\"ltr\">\n<p class=\"bbc-hhl7in e17g058b0\" dir=\"ltr\">Concepci\u00f3n Carhuancho consider\u00f3 que por su conexi\u00f3n con las &#8220;esferas de poder&#8221;, Nicanor Boluarte pod\u00eda intentar huir.<\/p>\n<p dir=\"ltr\">\n<\/div>\n<figure class=\"bbc-1qn0xuy\">\n<div class=\"bbc-18ywsw9\">\n<div style=\"width: 1034px\" class=\"wp-caption alignnone\"><img loading=\"lazy\" decoding=\"async\" class=\"bbc-139onq\" src=\"https:\/\/ichef.bbci.co.uk\/ace\/ws\/640\/cpsprodpb\/0124\/live\/eb766f20-a6df-11ef-a928-6da73ebeca81.jpg.webp\" alt=\"Dina Boluarte \" width=\"1024\" height=\"576\" \/><p class=\"wp-caption-text\">Fuente de la imagen,Getty Images.\u00a0\u00a0La presidente tambi\u00e9n es investigada por presuntamente ser c\u00f3mplice en la muerte de decenas de personas que protestaron por su ascenso al poder en 2022.<\/p><\/div>\n<\/div>\n<\/figure>\n<div class=\"bbc-19j92fr ebmt73l0\" dir=\"ltr\">\n<h2 tabindex=\"-1\"><\/h2>\n<h2 tabindex=\"-1\"><\/h2>\n<h2 id=\"Arrestado-anteriormente\" class=\"bbc-1lgzob2 eglt09e0\" tabindex=\"-1\">Arrestado anteriormente<\/h2>\n<\/div>\n<div class=\"bbc-19j92fr ebmt73l0\" dir=\"ltr\">\n<p class=\"bbc-hhl7in e17g058b0\" dir=\"ltr\">Esta no es la primera vez que la justicia emite una orden de captura contra el hermano de la presidente peruana.<\/p>\n<\/div>\n<div class=\"bbc-19j92fr ebmt73l0\" dir=\"ltr\">\n<p class=\"bbc-hhl7in e17g058b0\" dir=\"ltr\">En mayo fue detenido por unas horas junto al abogado de la mandataria,\u00a0Mateo Casta\u00f1eda.<\/p>\n<\/div>\n<div class=\"bbc-19j92fr ebmt73l0\" dir=\"ltr\">\n<p class=\"bbc-hhl7in e17g058b0\" dir=\"ltr\">El Poder Judicial indic\u00f3 que Nicanor Boluarte hab\u00eda sido imputado de &#8220;influir en la designaci\u00f3n de cargos en el departamento de Cajamarca y en organismos estatales para que fueran elegidas personas dispuestas a contribuir econ\u00f3micamente a la red corrupta que intentaba crear&#8221;.<\/p>\n<\/div>\n<div class=\"bbc-19j92fr ebmt73l0\" dir=\"ltr\">\n<p class=\"bbc-hhl7in e17g058b0\" dir=\"ltr\">Tambi\u00e9n les habr\u00eda exigido su colaboraci\u00f3n en la recogida de firmas y los tr\u00e1mites necesarios para inscribir un nuevo partido pol\u00edtico.<\/p>\n<\/div>\n<div class=\"bbc-19j92fr ebmt73l0\" dir=\"ltr\">\n<p class=\"bbc-hhl7in e17g058b0\" dir=\"ltr\">Al abogado Casta\u00f1eda, la Fiscal\u00eda lo acus\u00f3 de haber intentado\u00a0desactivar la investigaci\u00f3n en curso sobre el hermano de la presidente ofreciendo la protecci\u00f3n de esta a los mandos policiales que le comunicaran informaci\u00f3n relevante al respecto.<\/p>\n<\/div>\n<div class=\"bbc-19j92fr ebmt73l0\" dir=\"ltr\">\n<p class=\"bbc-hhl7in e17g058b0\" dir=\"ltr\">Casta\u00f1eda asesora a la mandataria en un caso de presunto enriquecimiento il\u00edcito por el uso de lujosos relojes de la marca Rolex y art\u00edculos de alta joyer\u00eda.<\/p>\n<\/div>\n<div class=\"bbc-19j92fr ebmt73l0\" dir=\"ltr\">\n<p class=\"bbc-hhl7in e17g058b0\" dir=\"ltr\">Dina Boluarte, cuya popularidad ha ca\u00eddo a niveles hist\u00f3ricos y quien debe gobernar hasta julio de 2026, tambi\u00e9n ha negado los se\u00f1alamientos.<\/p>\n<\/div>\n<div class=\"bbc-19j92fr ebmt73l0\" dir=\"ltr\">\n<p class=\"bbc-hhl7in e17g058b0\" dir=\"ltr\">Pero esta no es la \u00fanica investigaci\u00f3n que enfrenta la primera presidente de Per\u00fa.<\/p>\n<\/div>\n<div class=\"bbc-19j92fr ebmt73l0\" dir=\"ltr\">\n<p class=\"bbc-hhl7in e17g058b0\" dir=\"ltr\">La fiscal\u00eda dirige una pesquisa en su contra por presuntamente ser c\u00f3mplice de decenas de muertes en las protestas antigubernamentales de fines de 2022 y comienzos de 2023, cuando inici\u00f3 su gesti\u00f3n.<\/p>\n<\/div>\n","protected":false},"excerpt":{"rendered":"<p>&nbsp; La justicia peruana orden\u00f3 este martes prisi\u00f3n preventiva para el hermano de la presidente Dina Boluarte, mientras la fiscal\u00eda lo investiga por supuesto tr\u00e1fico&hellip;<\/p>\n","protected":false},"author":99,"featured_media":525198,"comment_status":"open","ping_status":"open","sticky":false,"template":"","format":"standard","meta":{"footnotes":""},"categories":[23],"tags":[],"class_list":["post-525196","post","type-post","status-publish","format-standard","has-post-thumbnail","hentry","category-latinoamerica"],"_links":{"self":[{"href":"https:\/\/diarioelpopular.com\/index.php\/wp-json\/wp\/v2\/posts\/525196","targetHints":{"allow":["GET"]}}],"collection":[{"href":"https:\/\/diarioelpopular.com\/index.php\/wp-json\/wp\/v2\/posts"}],"about":[{"href":"https:\/\/diarioelpopular.com\/index.php\/wp-json\/wp\/v2\/types\/post"}],"author":[{"embeddable":true,"href":"https:\/\/diarioelpopular.com\/index.php\/wp-json\/wp\/v2\/users\/99"}],"replies":[{"embeddable":true,"href":"https:\/\/diarioelpopular.com\/index.php\/wp-json\/wp\/v2\/comments?post=525196"}],"version-history":[{"count":1,"href":"https:\/\/diarioelpopular.com\/index.php\/wp-json\/wp\/v2\/posts\/525196\/revisions"}],"predecessor-version":[{"id":525199,"href":"https:\/\/diarioelpopular.com\/index.php\/wp-json\/wp\/v2\/posts\/525196\/revisions\/525199"}],"wp:featuredmedia":[{"embeddable":true,"href":"https:\/\/diarioelpopular.com\/index.php\/wp-json\/wp\/v2\/media\/525198"}],"wp:attachment":[{"href":"https:\/\/diarioelpopular.com\/index.php\/wp-json\/wp\/v2\/media?parent=525196"}],"wp:term":[{"taxonomy":"category","embeddable":true,"href":"https:\/\/diarioelpopular.com\/index.php\/wp-json\/wp\/v2\/categories?post=525196"},{"taxonomy":"post_tag","embeddable":true,"href":"https:\/\/diarioelpopular.com\/index.php\/wp-json\/wp\/v2\/tags?post=525196"}],"curies":[{"name":"wp","href":"https:\/\/api.w.org\/{rel}","templated":true}]}}