{"id":525223,"date":"2024-11-21T09:21:52","date_gmt":"2024-11-21T13:21:52","guid":{"rendered":"https:\/\/diarioelpopular.com\/?p=525223"},"modified":"2024-11-21T09:21:52","modified_gmt":"2024-11-21T13:21:52","slug":"cuatro-adolescentes-acusados-por-violento-asalto-en-robo-de-auto","status":"publish","type":"post","link":"https:\/\/diarioelpopular.com\/index.php\/2024\/11\/21\/cuatro-adolescentes-acusados-por-violento-asalto-en-robo-de-auto\/","title":{"rendered":"Cuatro adolescentes acusados \u200b\u200bpor violento asalto en robo de auto"},"content":{"rendered":"<div id=\"attachment_525224\" style=\"width: 646px\" class=\"wp-caption alignnone\"><img loading=\"lazy\" decoding=\"async\" aria-describedby=\"caption-attachment-525224\" class=\"wp-image-525224 size-custom-full-size\" src=\"https:\/\/diarioelpopular.com\/wp-content\/uploads\/2024\/11\/Screen-Shot-2024-11-21-at-8.21.04-AM-636x354.png\" alt=\"\" width=\"636\" height=\"354\" srcset=\"https:\/\/diarioelpopular.com\/wp-content\/uploads\/2024\/11\/Screen-Shot-2024-11-21-at-8.21.04-AM-636x354.png 636w, https:\/\/diarioelpopular.com\/wp-content\/uploads\/2024\/11\/Screen-Shot-2024-11-21-at-8.21.04-AM-300x167.png 300w, https:\/\/diarioelpopular.com\/wp-content\/uploads\/2024\/11\/Screen-Shot-2024-11-21-at-8.21.04-AM-768x428.png 768w, https:\/\/diarioelpopular.com\/wp-content\/uploads\/2024\/11\/Screen-Shot-2024-11-21-at-8.21.04-AM-131x73.png 131w, https:\/\/diarioelpopular.com\/wp-content\/uploads\/2024\/11\/Screen-Shot-2024-11-21-at-8.21.04-AM.png 948w\" sizes=\"auto, (max-width: 636px) 100vw, 636px\" \/><p id=\"caption-attachment-525224\" class=\"wp-caption-text\">Foto Global News<\/p><\/div>\n<p>&nbsp;<\/p>\n<ul>\n<li><em><strong>Cuatro adolescentes de entre 13 y 17 a\u00f1os ya convertidos en delincuentes, enfrentan varios cargos criminales despu\u00e9s de lo que la polic\u00eda llama un robo violento de auto en Brampton<\/strong><\/em><\/li>\n<\/ul>\n<p>&nbsp;<\/p>\n<p>&nbsp;<\/p>\n<p>La polic\u00eda regional de Peel ha informado que uno de los sujetos con enga\u00f1os, atrajo a una v\u00edctima masculina para que se reuniera con ellos en un estacionamiento cerca de Goreway Drive y Queen Street East.<\/p>\n<p>La polic\u00eda alega que otros dos atacaron a la v\u00edctima por la espalda, y lo asfixiaron y golpearon varias veces hasta que qued\u00f3 inconsciente.<\/p>\n<p>Cuando la v\u00edctima recuper\u00f3 la conciencia, descubri\u00f3 que le hab\u00edan robado el tel\u00e9fono, la billetera y el veh\u00edculo, y fue llevado a un hospital para recibir tratamiento relacionado con el ataque.<\/p>\n<p>La polic\u00eda dijo que hicieron una \u201cparada de veh\u00edculo de alto riesgo\u201d cerca de Kennedy Road y Twistleton Street en Caledon, Ontario, despu\u00e9s de que los delincuentes viajaran en el auto robado y recogieran a un cuarto sospechoso en su camino.<\/p>\n<p>La polic\u00eda recuper\u00f3 la propiedad de la v\u00edctima y los cuatro sospechosos fueron detenidos a la espera de audiencias de fianza en el Tribunal de Justicia de Ontario en Brampton, para ponerlos en la calle nuevamente.<\/p>\n<p>Una ni\u00f1a de tan solo 13 a\u00f1os de Kitchener, Ontario, se enfrenta a un cargo de posesi\u00f3n de propiedad robada, y otra de 14 a\u00f1os de London, Ontario, ha sido acusada de robo y posesi\u00f3n de propiedad robada.<\/p>\n<p>Dos adolescentes de Brampton, de 16 y 17 a\u00f1os, se enfrentan a cargos de robo, asalto, uso de un disfraz con intenci\u00f3n y posesi\u00f3n de propiedad robada.<\/p>\n<p>Los j\u00f3venes no pueden ser identificados seg\u00fan la Ley de Justicia Penal Juvenil.<\/p>\n<p>La polic\u00eda dijo que uno de los j\u00f3venes era buscado por una orden judicial pendiente y libertada bajo fianza, mientras que otro estaba tambi\u00e9n en libertad bajo una forma de libertad judicial condicional.<\/p>\n<p>Dicen que todav\u00eda est\u00e1n investigando y esperan que se presenten m\u00e1s cargos en el caso.<\/p>\n","protected":false},"excerpt":{"rendered":"<p>&nbsp; Cuatro adolescentes de entre 13 y 17 a\u00f1os ya convertidos en delincuentes, enfrentan varios cargos criminales despu\u00e9s de lo que la polic\u00eda llama un&hellip;<\/p>\n","protected":false},"author":99,"featured_media":525224,"comment_status":"open","ping_status":"open","sticky":false,"template":"","format":"standard","meta":{"footnotes":""},"categories":[11364],"tags":[],"class_list":["post-525223","post","type-post","status-publish","format-standard","has-post-thumbnail","hentry","category-toronto-gta"],"_links":{"self":[{"href":"https:\/\/diarioelpopular.com\/index.php\/wp-json\/wp\/v2\/posts\/525223","targetHints":{"allow":["GET"]}}],"collection":[{"href":"https:\/\/diarioelpopular.com\/index.php\/wp-json\/wp\/v2\/posts"}],"about":[{"href":"https:\/\/diarioelpopular.com\/index.php\/wp-json\/wp\/v2\/types\/post"}],"author":[{"embeddable":true,"href":"https:\/\/diarioelpopular.com\/index.php\/wp-json\/wp\/v2\/users\/99"}],"replies":[{"embeddable":true,"href":"https:\/\/diarioelpopular.com\/index.php\/wp-json\/wp\/v2\/comments?post=525223"}],"version-history":[{"count":1,"href":"https:\/\/diarioelpopular.com\/index.php\/wp-json\/wp\/v2\/posts\/525223\/revisions"}],"predecessor-version":[{"id":525225,"href":"https:\/\/diarioelpopular.com\/index.php\/wp-json\/wp\/v2\/posts\/525223\/revisions\/525225"}],"wp:featuredmedia":[{"embeddable":true,"href":"https:\/\/diarioelpopular.com\/index.php\/wp-json\/wp\/v2\/media\/525224"}],"wp:attachment":[{"href":"https:\/\/diarioelpopular.com\/index.php\/wp-json\/wp\/v2\/media?parent=525223"}],"wp:term":[{"taxonomy":"category","embeddable":true,"href":"https:\/\/diarioelpopular.com\/index.php\/wp-json\/wp\/v2\/categories?post=525223"},{"taxonomy":"post_tag","embeddable":true,"href":"https:\/\/diarioelpopular.com\/index.php\/wp-json\/wp\/v2\/tags?post=525223"}],"curies":[{"name":"wp","href":"https:\/\/api.w.org\/{rel}","templated":true}]}}