{"id":525227,"date":"2024-11-21T10:10:20","date_gmt":"2024-11-21T14:10:20","guid":{"rendered":"https:\/\/diarioelpopular.com\/?p=525227"},"modified":"2024-11-21T10:10:48","modified_gmt":"2024-11-21T14:10:48","slug":"un-numero-preocupante-de-inmigrantes-altamente-cualificados-abandonan-canada","status":"publish","type":"post","link":"https:\/\/diarioelpopular.com\/index.php\/2024\/11\/21\/un-numero-preocupante-de-inmigrantes-altamente-cualificados-abandonan-canada\/","title":{"rendered":"Un n\u00famero preocupante de inmigrantes altamente cualificados abandonan Canad\u00e1"},"content":{"rendered":"<p><img loading=\"lazy\" decoding=\"async\" class=\"alignnone size-custom-full-size wp-image-525228\" src=\"https:\/\/diarioelpopular.com\/wp-content\/uploads\/2024\/11\/Screen-Shot-2024-11-21-at-9.09.50-AM-636x359.png\" alt=\"\" width=\"636\" height=\"359\" srcset=\"https:\/\/diarioelpopular.com\/wp-content\/uploads\/2024\/11\/Screen-Shot-2024-11-21-at-9.09.50-AM-636x359.png 636w, https:\/\/diarioelpopular.com\/wp-content\/uploads\/2024\/11\/Screen-Shot-2024-11-21-at-9.09.50-AM-300x169.png 300w, https:\/\/diarioelpopular.com\/wp-content\/uploads\/2024\/11\/Screen-Shot-2024-11-21-at-9.09.50-AM-768x434.png 768w, https:\/\/diarioelpopular.com\/wp-content\/uploads\/2024\/11\/Screen-Shot-2024-11-21-at-9.09.50-AM-129x73.png 129w, https:\/\/diarioelpopular.com\/wp-content\/uploads\/2024\/11\/Screen-Shot-2024-11-21-at-9.09.50-AM.png 864w\" sizes=\"auto, (max-width: 636px) 100vw, 636px\" \/><\/p>\n<p>&nbsp;<\/p>\n<ul>\n<li><em><strong>Seg\u00fan un nuevo informe, los inmigrantes se est\u00e1n marchando en cifras r\u00e9cord, en particular los inmigrantes altamente cualificados<\/strong><\/em><\/li>\n<\/ul>\n<p>&nbsp;<\/p>\n<p>&nbsp;<\/p>\n<p>El Instituto de Ciudadan\u00eda Canadiense (ICC) public\u00f3 unos resultados que considera &#8220;preocupantes&#8221; en su segundo estudio &#8220;Leaky Bucket&#8221; realizado por el Conference Board of Canada.<\/p>\n<p>&#8220;Se trata de comerciantes que construyen nuestras casas, enfermeras que cuidan a nuestros seres queridos, camioneros que facilitan el comercio y empresarios que impulsan la innovaci\u00f3n&#8221;, entre muchos otros, dijo el director ejecutivo del ICC, Daniel Bernhard, en un comunicado. &#8220;Y cada vez m\u00e1s se van&#8221;.<\/p>\n<p>El estudio encontr\u00f3 que la proporci\u00f3n de inmigrantes que abandonan Canad\u00e1, tambi\u00e9n conocida como migraci\u00f3n continua, ha alcanzado un &#8220;m\u00e1ximo hist\u00f3rico&#8221;, creando un enorme desbalance entre los inmigrantes cualificados y aquellos que no tienen ning\u00fan tipo de preparaci\u00f3n.<\/p>\n<p>&#8220;Los datos disponibles m\u00e1s recientes, de 2020, muestran que la migraci\u00f3n continua anual aumenta hasta alcanzar el porcentaje m\u00e1s alto registrado en los 20 a\u00f1os anteriores&#8221;, se lee en el informe.<\/p>\n<p>En promedio, los inmigrantes que llegaron desde 1982 se van a una tasa anual del 0,9 por ciento, agreg\u00f3.<\/p>\n<p>Seg\u00fan los hallazgos del Conference Board of Canada, la mayor\u00eda de los inmigrantes que contin\u00faan su migraci\u00f3n (34 por ciento) se van del pa\u00eds dentro de los primeros cinco a\u00f1os despu\u00e9s de su llegada. Los inmigrantes restantes se van entre seis y 20 a\u00f1os, y solo el 12 por ciento lo hace entre 21 y 38 a\u00f1os.<\/p>\n<p>&#8220;Esto enfatiza la importancia de los primeros a\u00f1os despu\u00e9s de la llegada para determinar la trayectoria de asentamiento a largo plazo de un inmigrante&#8221;, se lee en el informe.<\/p>\n<p>El ICC utiliz\u00f3 esta tasa ponderada para determinar el impacto de la migraci\u00f3n continua en futuras cohortes.<\/p>\n<p>Por ejemplo, bas\u00e1ndose en el objetivo de inmigraci\u00f3n del gobierno canadiense de 2025 a 2027 de 395.000 residentes permanentes en 2025, el ICC pronostica que el 0,8 por ciento (3.225) de esos inmigrantes se marchar\u00e1n despu\u00e9s de un a\u00f1o, el 1 por ciento (3.954 y 3.870) despu\u00e9s de dos a tres a\u00f1os, el 1,1 por ciento (4.221) despu\u00e9s de cuatro a\u00f1os y el 1,2 por ciento (4.799) despu\u00e9s de cinco a\u00f1os.<\/p>\n<p>&#8220;En general, se espera que el 5,1 por ciento (o 25.500) de las 395.000 admisiones de residentes permanentes planificadas en 2025 se vayan en 2030&#8221;, se lee en el informe.<\/p>\n<p>El informe profundiz\u00f3 en las caracter\u00edsticas de los inmigrantes que abandonan Canad\u00e1 en cantidades cada vez mayores.<\/p>\n<p>Encontr\u00f3 que los inmigrantes franc\u00f3fonos en Quebec y Ontario tienen muchas m\u00e1s probabilidades que los inmigrantes angl\u00f3fonos de abandonar Canad\u00e1 para buscar mejores oportunidades en otros lugares.<br \/>\nAdem\u00e1s, las ciudades m\u00e1s pobladas de Canad\u00e1, como Montreal, Toronto y Vancouver, est\u00e1n registrando mayores tasas de rotaci\u00f3n de inmigrantes debido a los elevados costo de vida y la creciente violencia.<\/p>\n<p>Esto refleja una encuesta reciente del Angus Reid Institute, que encontr\u00f3 que un n\u00famero alarmante de inmigrantes quieren abandonar provincias como British Columbia y Ontario debido a los altos costos de la vivienda.<\/p>\n<p>En contraste, las ciudades de tama\u00f1o mediano y r\u00e1pido crecimiento en otras provincias como Calgary, Halifax y Moncton registran tasas de rotaci\u00f3n m\u00e1s bajas, pero tienen potencialmente mayores desaf\u00edos para retener a los inmigrantes cualificados en comunidades fuera de las ciudades m\u00e1s grandes, seg\u00fan el informe.<\/p>\n<p>Las provincias del Atl\u00e1ntico registran las tasas m\u00e1s altas de migraci\u00f3n continua en Canad\u00e1 en el corto plazo (tres a siete a\u00f1os despu\u00e9s de la llegada), pero las tasas m\u00e1s bajas en el largo plazo (25 a\u00f1os y m\u00e1s despu\u00e9s de la llegada).<\/p>\n<p>El estudio tambi\u00e9n encontr\u00f3 que las dos principales naciones de origen de los inmigrantes que abandonan Canad\u00e1 son una combinaci\u00f3n de pa\u00edses que permiten la doble ciudadan\u00eda y aquellos que restringen la ciudadan\u00eda solo a ese pa\u00eds.<\/p>\n<p>Este informe llega en un momento en que el apoyo de los ciudadanos a la inmigraci\u00f3n disminuye dr\u00e1sticamente, y la opini\u00f3n p\u00fablica en contra de las malas pol\u00edticas del gobierno liberal, alcanza su nivel m\u00e1s bajo en d\u00e9cadas.<\/p>\n","protected":false},"excerpt":{"rendered":"<p>&nbsp; Seg\u00fan un nuevo informe, los inmigrantes se est\u00e1n marchando en cifras r\u00e9cord, en particular los inmigrantes altamente cualificados &nbsp; &nbsp; El Instituto de Ciudadan\u00eda&hellip;<\/p>\n","protected":false},"author":99,"featured_media":525228,"comment_status":"open","ping_status":"open","sticky":false,"template":"","format":"standard","meta":{"footnotes":""},"categories":[21,11191],"tags":[],"class_list":["post-525227","post","type-post","status-publish","format-standard","has-post-thumbnail","hentry","category-canada","category-top-news"],"_links":{"self":[{"href":"https:\/\/diarioelpopular.com\/index.php\/wp-json\/wp\/v2\/posts\/525227","targetHints":{"allow":["GET"]}}],"collection":[{"href":"https:\/\/diarioelpopular.com\/index.php\/wp-json\/wp\/v2\/posts"}],"about":[{"href":"https:\/\/diarioelpopular.com\/index.php\/wp-json\/wp\/v2\/types\/post"}],"author":[{"embeddable":true,"href":"https:\/\/diarioelpopular.com\/index.php\/wp-json\/wp\/v2\/users\/99"}],"replies":[{"embeddable":true,"href":"https:\/\/diarioelpopular.com\/index.php\/wp-json\/wp\/v2\/comments?post=525227"}],"version-history":[{"count":2,"href":"https:\/\/diarioelpopular.com\/index.php\/wp-json\/wp\/v2\/posts\/525227\/revisions"}],"predecessor-version":[{"id":525230,"href":"https:\/\/diarioelpopular.com\/index.php\/wp-json\/wp\/v2\/posts\/525227\/revisions\/525230"}],"wp:featuredmedia":[{"embeddable":true,"href":"https:\/\/diarioelpopular.com\/index.php\/wp-json\/wp\/v2\/media\/525228"}],"wp:attachment":[{"href":"https:\/\/diarioelpopular.com\/index.php\/wp-json\/wp\/v2\/media?parent=525227"}],"wp:term":[{"taxonomy":"category","embeddable":true,"href":"https:\/\/diarioelpopular.com\/index.php\/wp-json\/wp\/v2\/categories?post=525227"},{"taxonomy":"post_tag","embeddable":true,"href":"https:\/\/diarioelpopular.com\/index.php\/wp-json\/wp\/v2\/tags?post=525227"}],"curies":[{"name":"wp","href":"https:\/\/api.w.org\/{rel}","templated":true}]}}