{"id":525234,"date":"2024-11-21T10:41:30","date_gmt":"2024-11-21T14:41:30","guid":{"rendered":"https:\/\/diarioelpopular.com\/?p=525234"},"modified":"2024-11-21T10:41:30","modified_gmt":"2024-11-21T14:41:30","slug":"veronica-abad-la-suspendida-vicepresidenta-de-ecuador-regresa-al-pais-para-reclamar-su-derecho-a-asumir-la-presidencia","status":"publish","type":"post","link":"https:\/\/diarioelpopular.com\/index.php\/2024\/11\/21\/veronica-abad-la-suspendida-vicepresidenta-de-ecuador-regresa-al-pais-para-reclamar-su-derecho-a-asumir-la-presidencia\/","title":{"rendered":"Ver\u00f3nica Abad, la suspendida vicepresidenta de Ecuador, regresa al pa\u00eds para reclamar su derecho a asumir la Presidencia"},"content":{"rendered":"<div id=\"attachment_525236\" style=\"width: 646px\" class=\"wp-caption alignnone\"><img loading=\"lazy\" decoding=\"async\" aria-describedby=\"caption-attachment-525236\" class=\"wp-image-525236 size-custom-full-size\" src=\"https:\/\/diarioelpopular.com\/wp-content\/uploads\/2024\/11\/Screen-Shot-2024-11-21-at-9.40.37-AM-636x372.png\" alt=\"\" width=\"636\" height=\"372\" srcset=\"https:\/\/diarioelpopular.com\/wp-content\/uploads\/2024\/11\/Screen-Shot-2024-11-21-at-9.40.37-AM-636x372.png 636w, https:\/\/diarioelpopular.com\/wp-content\/uploads\/2024\/11\/Screen-Shot-2024-11-21-at-9.40.37-AM-300x175.png 300w, https:\/\/diarioelpopular.com\/wp-content\/uploads\/2024\/11\/Screen-Shot-2024-11-21-at-9.40.37-AM-768x449.png 768w, https:\/\/diarioelpopular.com\/wp-content\/uploads\/2024\/11\/Screen-Shot-2024-11-21-at-9.40.37-AM-125x73.png 125w, https:\/\/diarioelpopular.com\/wp-content\/uploads\/2024\/11\/Screen-Shot-2024-11-21-at-9.40.37-AM.png 1024w\" sizes=\"auto, (max-width: 636px) 100vw, 636px\" \/><p id=\"caption-attachment-525236\" class=\"wp-caption-text\">Abad a su llegada a Quito<\/p><\/div>\n<p>&nbsp;<\/p>\n<h4><em>&#8211; Abad regres\u00f3 al pa\u00eds despu\u00e9s de un a\u00f1o en Israel para exigir que se respete su derecho constitucional de ocupar el cargo presidencial durante la ausencia de Daniel Noboa.<\/em><\/h4>\n<p>&nbsp;<\/p>\n<p>La irregularmente suspendida\u00a0vicepresidente de Ecuador y embajadora en Israel, Ver\u00f3nica Abad, regres\u00f3 este mi\u00e9rcoles al pa\u00eds para reivindicar su derecho de asumir temporalmente las funciones presidenciales conforme contempla la Constituci\u00f3n, cuando el jefe de Estado, Daniel Noboa, pida licencia para la campa\u00f1a electoral.<\/p>\n<p>Abad, quien mantiene un abierto enfrentamiento con Noboa, viaj\u00f3 a Israel hace casi un a\u00f1o para asumir las funciones de embajadora que le design\u00f3 el gobernante en una maniobra para sacarla de en medio, y desde entonces no hab\u00eda regresado al pa\u00eds.<\/p>\n<div class=\"paragraph\">&#8220;Aqu\u00ed estoy pueblo ecuatoriano para dar la cara en mi pa\u00eds, que se me ha prohibido hablar, se me ha tenido casi encadenada, encerrada pr\u00e1cticamente en un hotel en Turqu\u00eda, en Alkara&#8221;, dijo a la prensa en la salida internacional del aeropuerto de Quito.<\/div>\n<div><\/div>\n<div class=\"paragraph\">Abad anot\u00f3 que la han dejado en &#8220;total indefensi\u00f3n&#8221; con la &#8220;sentencia abrupta como parte el sumario administrativo ilegal e ileg\u00edtimo&#8221; que le abri\u00f3 el Ministerio de Trabajo.<\/div>\n<div><\/div>\n<div class=\"paragraph\">El pasado 9 de noviembre, ese Ministerio sancion\u00f3 con 150 d\u00edas de suspensi\u00f3n, sin remuneraci\u00f3n, a Abad por &#8220;abandono injustificado del trabajo por tres o m\u00e1s d\u00edas laborales&#8221;, al considerar que no lleg\u00f3 desde Israel a Turqu\u00eda en la fecha establecida por el Gobierno, en momentos en que se produc\u00eda una escalada de tensi\u00f3n en Oriente Medio.<\/div>\n<div class=\"paragraph\"><\/div>\n<div>\n<div class=\"paragraph\">La vicepresidente electa en las urnas asever\u00f3 que viaj\u00f3 a Ecuador con sus propios recursos &#8220;en un acto de rebeld\u00eda ante todo lo que est\u00e1 aconteciendo en Ecuador&#8221;.<\/div>\n<div><\/div>\n<div class=\"paragraph\">&#8220;La ruptura constitucional, el atentado de romper la independencia de poderes ha hecho que est\u00e9 aqu\u00ed de manera urgente. Es necesario la unidad de los ecuatorianos ante el atropello que est\u00e1 aconteciendo en nuestro pa\u00eds. Nuestro Estado de Derecho, es sagrado, la supremac\u00eda de nuestra Constituci\u00f3n es sagrada y estamos aqu\u00ed para defender eso&#8221;, subray\u00f3.<\/div>\n<div><\/div>\n<div class=\"paragraph\">Abad volvi\u00f3 a Ecuador para reivindicar su derecho a asumir temporalmente la Presidencia cuando Noboa pida licencia para hacer campa\u00f1a con miras a las elecciones presidenciales de 2025, porque &#8220;el orden constitucional debe respetarse&#8221;, dijo a<i>\u00a0Efe<\/i>\u00a0una fuente cercana a la vicepresidenta suspendida.<\/div>\n<div><\/div>\n<div>Abad indic\u00f3 que ha regresado a Ecuador para pedir &#8220;una vez m\u00e1s&#8221; a Noboa &#8220;que recapacite, que con el pa\u00eds no se juega, que la ruptura constitucional nos va a llevar a un abismo, del que el Ecuador no va a poder regresar los pr\u00f3ximos 20 a\u00f1os por lo menos&#8221;.<\/div>\n<div>\n<div><\/div>\n<div class=\"paragraph\">&#8220;Estoy dando la cara al presidente de la Rep\u00fablica porque esta persecuci\u00f3n debe terminar ya. No puede ser posible que sigan levantando juicios e investigaciones a mi hijo&#8221;, dijo en referencia a un caso en el que su hijo Sebasti\u00e1n Barreiro ha sido llamado a juicio por supuesta oferta de tr\u00e1fico de influencias.<\/div>\n<div><\/div>\n<div class=\"paragraph\">Al avanzar que ahora investigan a su hijo por otro caso, que no detall\u00f3, Abad reiter\u00f3: &#8220;Esta persecuci\u00f3n tiene que parar ya. Estoy para darle la cara al presidente para que me diga qu\u00e9 es lo que tiene conmigo&#8221;.<\/div>\n<div><\/div>\n<div class=\"paragraph\">Abad denunci\u00f3 que no regres\u00f3 antes porque intencionalmente le negaron el permiso que pidi\u00f3 a cargo de sus vacaciones para defenderse en las instancias judiciales.<\/div>\n<h2>Esperanza en la Justicia<\/h2>\n<div class=\"paragraph\">El pasado viernes, una jueza de la Unidad Judicial de la Familia de Quito convoc\u00f3 a audiencia para el 27 de noviembre por la acci\u00f3n de protecci\u00f3n que present\u00f3 la defensa de Abad, pero neg\u00f3 las medidas cautelares con las que pretend\u00eda que se deje sin efecto la decisi\u00f3n del Ministerio de Trabajo.<\/div>\n<div><\/div>\n<div class=\"paragraph\">Abad avanz\u00f3 este mi\u00e9rcoles que usar\u00e1 los medios legales para &#8220;hacer una agenda inmediata con las autoridades de control&#8221;.<\/div>\n<div>\n<div><\/div>\n<div class=\"paragraph\">Asever\u00f3 que a\u00fan tiene la esperanza de resultados positivos en la audiencia del 27, y tild\u00f3 de &#8220;aberraci\u00f3n&#8221; que le hayan negado las medidas de protecci\u00f3n.<\/div>\n<div><\/div>\n<div class=\"paragraph\">&#8220;Estamos para mostrar la cara a la justicia, para pedir que nos d\u00e9 esas medidas cautelares&#8221;, insisti\u00f3 Abad, quien dijo que al arribar a Quito le asignaron una persona para seguridad, pero que viaj\u00f3 desde Turqu\u00eda sin &#8220;ning\u00fan tipo de seguridad&#8221;.<\/div>\n<div><\/div>\n<div class=\"paragraph\">&#8220;Llego no con el permiso de un presidente o un Estado que me abandon\u00f3 el momento que fue la suspensi\u00f3n. Hoy vengo con mis recursos, con mi propia agenda para poder resolver los problemas de los ecuatorianos&#8221;, dijo Abad, quien avanz\u00f3 que se reunir\u00e1 con organizaciones sociales.<\/div>\n<div><\/div>\n<\/div>\n<\/div>\n<\/div>\n","protected":false},"excerpt":{"rendered":"<p>&nbsp; &#8211; Abad regres\u00f3 al pa\u00eds despu\u00e9s de un a\u00f1o en Israel para exigir que se respete su derecho constitucional de ocupar el cargo presidencial&hellip;<\/p>\n","protected":false},"author":99,"featured_media":525236,"comment_status":"open","ping_status":"open","sticky":false,"template":"","format":"standard","meta":{"footnotes":""},"categories":[23],"tags":[],"class_list":["post-525234","post","type-post","status-publish","format-standard","has-post-thumbnail","hentry","category-latinoamerica"],"_links":{"self":[{"href":"https:\/\/diarioelpopular.com\/index.php\/wp-json\/wp\/v2\/posts\/525234","targetHints":{"allow":["GET"]}}],"collection":[{"href":"https:\/\/diarioelpopular.com\/index.php\/wp-json\/wp\/v2\/posts"}],"about":[{"href":"https:\/\/diarioelpopular.com\/index.php\/wp-json\/wp\/v2\/types\/post"}],"author":[{"embeddable":true,"href":"https:\/\/diarioelpopular.com\/index.php\/wp-json\/wp\/v2\/users\/99"}],"replies":[{"embeddable":true,"href":"https:\/\/diarioelpopular.com\/index.php\/wp-json\/wp\/v2\/comments?post=525234"}],"version-history":[{"count":1,"href":"https:\/\/diarioelpopular.com\/index.php\/wp-json\/wp\/v2\/posts\/525234\/revisions"}],"predecessor-version":[{"id":525237,"href":"https:\/\/diarioelpopular.com\/index.php\/wp-json\/wp\/v2\/posts\/525234\/revisions\/525237"}],"wp:featuredmedia":[{"embeddable":true,"href":"https:\/\/diarioelpopular.com\/index.php\/wp-json\/wp\/v2\/media\/525236"}],"wp:attachment":[{"href":"https:\/\/diarioelpopular.com\/index.php\/wp-json\/wp\/v2\/media?parent=525234"}],"wp:term":[{"taxonomy":"category","embeddable":true,"href":"https:\/\/diarioelpopular.com\/index.php\/wp-json\/wp\/v2\/categories?post=525234"},{"taxonomy":"post_tag","embeddable":true,"href":"https:\/\/diarioelpopular.com\/index.php\/wp-json\/wp\/v2\/tags?post=525234"}],"curies":[{"name":"wp","href":"https:\/\/api.w.org\/{rel}","templated":true}]}}