{"id":525239,"date":"2024-11-21T10:53:26","date_gmt":"2024-11-21T14:53:26","guid":{"rendered":"https:\/\/diarioelpopular.com\/?p=525239"},"modified":"2024-11-21T10:53:26","modified_gmt":"2024-11-21T14:53:26","slug":"rosario-murillo-la-esposa-de-daniel-ortega-a-la-que-una-nueva-reforma-constitucional-hara-oficialmente-copresidente-de-nicaragua","status":"publish","type":"post","link":"https:\/\/diarioelpopular.com\/index.php\/2024\/11\/21\/rosario-murillo-la-esposa-de-daniel-ortega-a-la-que-una-nueva-reforma-constitucional-hara-oficialmente-copresidente-de-nicaragua\/","title":{"rendered":"Rosario Murillo, la esposa de Daniel Ortega a la que una nueva reforma constitucional har\u00e1 oficialmente copresidente de Nicaragua"},"content":{"rendered":"<div id=\"attachment_525240\" style=\"width: 646px\" class=\"wp-caption alignnone\"><img loading=\"lazy\" decoding=\"async\" aria-describedby=\"caption-attachment-525240\" class=\"wp-image-525240 size-custom-full-size\" src=\"https:\/\/diarioelpopular.com\/wp-content\/uploads\/2024\/11\/Screen-Shot-2024-11-21-at-9.52.47-AM-636x357.png\" alt=\"\" width=\"636\" height=\"357\" srcset=\"https:\/\/diarioelpopular.com\/wp-content\/uploads\/2024\/11\/Screen-Shot-2024-11-21-at-9.52.47-AM-636x357.png 636w, https:\/\/diarioelpopular.com\/wp-content\/uploads\/2024\/11\/Screen-Shot-2024-11-21-at-9.52.47-AM-300x168.png 300w, https:\/\/diarioelpopular.com\/wp-content\/uploads\/2024\/11\/Screen-Shot-2024-11-21-at-9.52.47-AM-768x431.png 768w, https:\/\/diarioelpopular.com\/wp-content\/uploads\/2024\/11\/Screen-Shot-2024-11-21-at-9.52.47-AM-130x73.png 130w, https:\/\/diarioelpopular.com\/wp-content\/uploads\/2024\/11\/Screen-Shot-2024-11-21-at-9.52.47-AM.png 1024w\" sizes=\"auto, (max-width: 636px) 100vw, 636px\" \/><p id=\"caption-attachment-525240\" class=\"wp-caption-text\">Rosario Murillo ostenta el cargo de vicepresidente de Nicaragua desde 2017.<\/p><\/div>\n<p>&nbsp;<\/p>\n<div class=\"bbc-19j92fr ebmt73l0\" dir=\"ltr\">\n<ul>\n<li class=\"bbc-hhl7in e17g058b0\" dir=\"ltr\"><em><b>Rosario Murillo lleva a\u00f1os ejerciendo &#8220;de facto&#8221; el cargo, pero una vez se apruebe la reforma constitucional propuesta este mi\u00e9rcoles por su marido, Daniel Ortega, ser\u00e1 oficialmente la copresidente de Nicaragua.<\/b><\/em><\/li>\n<\/ul>\n<\/div>\n<div class=\"bbc-19j92fr ebmt73l0\" dir=\"ltr\">\n<p dir=\"ltr\">\n<p class=\"bbc-hhl7in e17g058b0\" dir=\"ltr\">Solo falta que la\u00a0Asamblea Nacional le d\u00e9 el visto bueno, pero el presidente de la C\u00e1mara, esbirro de los Ortega, ya dej\u00f3 entrever que no tardar\u00e1n en hacerlo, ya que se pondr\u00e1n a trabajar &#8220;r\u00e1pidamente&#8221; en los cambios ideados por el &#8220;comandante&#8221; Ortega y la &#8220;compa\u00f1era&#8221; Murillo.<\/p>\n<\/div>\n<div class=\"bbc-19j92fr ebmt73l0\" dir=\"ltr\">\n<p class=\"bbc-hhl7in e17g058b0\" dir=\"ltr\">Estos afectan a m\u00e1s de un centenar de art\u00edculos de la Carta Magna, seg\u00fan adelanta la prensa local, y entre otras cuestiones contempla la ampliaci\u00f3n en un a\u00f1o del mandato presidencial y permitir al jefe de gobierno acumular m\u00e1s competencias, como &#8220;coordinador&#8221; \u00faltimo de los poderes legislativo y judicial.<\/p>\n<\/div>\n<div class=\"bbc-19j92fr ebmt73l0\" dir=\"ltr\">\n<p class=\"bbc-hhl7in e17g058b0\" dir=\"ltr\">Mientras se aprueba la reforma, Murillo seguir\u00e1 siendo formalmente\u00a0vicepresidente, puesto que ostenta desde 2017,\u00a0aunque para la poblaci\u00f3n y los medios sea parte integrante de la &#8220;pareja presidencial&#8221; y su esposo lleve tiempo refiri\u00e9ndose a ella como &#8220;copresidenta&#8221;.<\/p>\n<\/div>\n<div class=\"bbc-19j92fr ebmt73l0\" dir=\"ltr\">\n<p class=\"bbc-hhl7in e17g058b0\" dir=\"ltr\">&#8220;Aqu\u00ed tenemos dos presidentes porque respetamos el principio de 50-50, aqu\u00ed tenemos una copresidencia con la compa\u00f1era Rosario&#8221;, dijo de ella Ortega en 2021.<\/p>\n<p dir=\"ltr\">\n<\/div>\n<figure class=\"bbc-1qn0xuy\">\n<div class=\"bbc-18ywsw9\">\n<div style=\"width: 1034px\" class=\"wp-caption alignnone\"><img loading=\"lazy\" decoding=\"async\" class=\"bbc-139onq\" src=\"https:\/\/ichef.bbci.co.uk\/ace\/ws\/640\/cpsprodpb\/dde0\/live\/8928b900-a77e-11ef-a4fe-a3e9a6c5d640.jpg.webp\" alt=\"Esta fotograf\u00eda publicada por la Presidencia de Nicaragua muestra al presidente de Nicaragua, Daniel Ortega (derecha), hablando junto a su esposa y vicepresidenta, Rosario Murillo y frente a una fotograf\u00eda gigante del fallecido presidente venezolano Hugo Ch\u00e1vez (derecha) durante el XI ALBA. -Cumbre Extraordinaria del TCP (virtual) en Managua el 26 de agosto de 2024. (Foto de C\u00e9sar PEREZ\/Presidencia de Nicaragua\/AFP)\" width=\"1024\" height=\"717\" \/><p class=\"wp-caption-text\">Fuente de la imagen,Getty Images.\u00a0\u00a0Rosario Murillo y Daniel Ortega, la &#8220;pareja presidencial&#8221; de Nicaragua.<\/p><\/div>\n<\/div>\n<\/figure>\n<div class=\"bbc-19j92fr ebmt73l0\" dir=\"ltr\">\n<p dir=\"ltr\">\n<p dir=\"ltr\">\n<p class=\"bbc-hhl7in e17g058b0\" dir=\"ltr\">&#8220;En realidad es la\u00a0oficializaci\u00f3n\u00a0de lo que ya ha venido ocurriendo durante a\u00f1os&#8221;, dijo una periodista nicarag\u00fcense que prefiere mantenerse en el anonimato por seguridad.<\/p>\n<\/div>\n<div class=\"bbc-19j92fr ebmt73l0\" dir=\"ltr\">\n<p class=\"bbc-hhl7in e17g058b0\" dir=\"ltr\">Y es que, en los \u00faltimos tiempos, el gobierno sandinista ha recrudecido la persecuci\u00f3n de opositores, organizaciones civiles que no considera afines y miembros de la prensa no oficialista.<\/p>\n<\/div>\n<div class=\"bbc-19j92fr ebmt73l0\" dir=\"ltr\">\n<p class=\"bbc-hhl7in e17g058b0\" dir=\"ltr\">&#8220;Lo que\u00a0no est\u00e1 claro es si implica alg\u00fan cambio en lo relativo a las funciones&#8221;, agrega.<\/p>\n<\/div>\n<div class=\"bbc-19j92fr ebmt73l0\" dir=\"ltr\">\n<p class=\"bbc-hhl7in e17g058b0\" dir=\"ltr\">Por su parte, varios analistas que tambi\u00e9n prefieren no ser citados con nombre y apellido apuntan que la reforma anunciada es la respuesta de Ortega al inter\u00e9s que siempre habr\u00eda mostrado Murillo por reemplazarlo y gobernar el pa\u00eds.<\/p>\n<\/div>\n<div class=\"bbc-19j92fr ebmt73l0\" dir=\"ltr\">\n<h2 id=\"El-t\u00e1ndem-OrtegaMurillo\" class=\"bbc-1lgzob2 eglt09e0\" tabindex=\"-1\">El t\u00e1ndem Ortega-Murillo<\/h2>\n<\/div>\n<div class=\"bbc-19j92fr ebmt73l0\" dir=\"ltr\">\n<p class=\"bbc-hhl7in e17g058b0\" dir=\"ltr\">Compa\u00f1era incondicional de Ortega durante d\u00e9cadas,\u00a0&#8220;la Chayo&#8221;\u00a0\u2013como se la conoce popularmente\u2013, una mujer de 73 a\u00f1os f\u00e1cilmente reconocible por sus chillonas de poca clase elecciones de vestuario y joyer\u00eda, es una persona fundamental en la toma de decisiones en Nicaragua.<\/p>\n<\/div>\n<div class=\"bbc-19j92fr ebmt73l0\" dir=\"ltr\">\n<p class=\"bbc-hhl7in e17g058b0\" dir=\"ltr\">Juntos concurrieron a las\u00a0elecciones de 2021, en las que Ortega result\u00f3 reelegido y que Occidente tach\u00f3 de &#8220;farsa&#8221;\u00a0ya que sus posibles rivales hab\u00edan sido encarcelados. Y juntos han hecho frente al aislamiento de la comunidad internacional \u2014en enero de 2022 prestaron juramento frente a escasos representantes gubernamentales, entre ellos sus cl\u00e1sicos aliados de Cuba y Venezuela, y de Honduras\u2013 y al aumento de las sanciones.<\/p>\n<\/div>\n<div class=\"bbc-19j92fr ebmt73l0\" dir=\"ltr\">\n<p class=\"bbc-hhl7in e17g058b0\" dir=\"ltr\">&#8220;La parte estrat\u00e9gica de la conducci\u00f3n del gobierno la lleva Ortega, mientras que la\u00a0aplicaci\u00f3n cotidiana y pr\u00e1ctica\u00a0de esas decisiones estrat\u00e9gicas las lleva Rosario. Ortega siempre ha tenido esa posici\u00f3n definida en cuanto a lo estrat\u00e9gico y lo pr\u00e1ctico&#8221;, le dijo el historiador sandinista Aldo D\u00edaz Lacayo a BBC Mundo para un perfil que este medio public\u00f3 sobre ella en 2021.<\/p>\n<\/div>\n<div class=\"bbc-19j92fr ebmt73l0\" dir=\"ltr\">\n<p class=\"bbc-hhl7in e17g058b0\" dir=\"ltr\">Seg\u00fan Fabi\u00e1n Medina, autor de la biograf\u00eda no autorizada de Ortega &#8220;El preso 198&#8221;, Murillo es\u00a0&#8220;la mano ejecutiva&#8221;\u00a0de un binomio &#8220;que se complementa a la perfecci\u00f3n&#8221;.<\/p>\n<p dir=\"ltr\">\n<\/div>\n<figure class=\"bbc-1qn0xuy\">\n<div class=\"bbc-18ywsw9\">\n<div style=\"width: 1034px\" class=\"wp-caption alignnone\"><img loading=\"lazy\" decoding=\"async\" class=\"bbc-139onq\" src=\"https:\/\/ichef.bbci.co.uk\/ace\/ws\/640\/cpsprodpb\/5259\/live\/db93d030-a77e-11ef-8ab9-9192db313061.jpg.webp\" alt=\"Un motociclista pasa junto a una pancarta del presidente de Nicaragua -y candidato presidencial- Daniel Ortega y su esposa y compa\u00f1era de f\u00f3rmula Rosario Murillo, colocada en una cl\u00ednica m\u00f3vil, en Masaya el 2 de noviembre de 2021.\" width=\"1024\" height=\"619\" \/><p class=\"wp-caption-text\">Fuente de la imagen,Getty Images.\u00a0\u00a0Rosario Murillo y Daniel Ortega gobiernan en t\u00e1ndem, dicen los analistas, con funciones bien definidas.<\/p><\/div>\n<\/div>\n<\/figure>\n<div class=\"bbc-19j92fr ebmt73l0\" dir=\"ltr\">\n<p dir=\"ltr\">\n<p dir=\"ltr\">\n<p class=\"bbc-hhl7in e17g058b0\" dir=\"ltr\">&#8220;Murillo es m\u00e1s extrovertida,\u00a0m\u00e1s impetuosa, m\u00e1s col\u00e9rica e impulsiva. Ortega es m\u00e1s retirado e introvertido&#8221;, le dijo el periodista nicarag\u00fcense.<\/p>\n<\/div>\n<div class=\"bbc-19j92fr ebmt73l0\" dir=\"ltr\">\n<p class=\"bbc-hhl7in e17g058b0\" dir=\"ltr\">&#8220;Pero ella es diferente. No le gusta que le contradigan, toma sus decisiones y es muy vengativa, rencorosa y muy en\u00e9rgica, trabaja todo el tiempo&#8221;.<\/p>\n<\/div>\n<div class=\"bbc-19j92fr ebmt73l0\" dir=\"ltr\">\n<p class=\"bbc-hhl7in e17g058b0\" dir=\"ltr\">Por eso, la eterna pregunta es si Murillo acabar\u00e1 siendo la sucesora natural de Ortega al frente del gobierno, ya no como copresidente, sino como presidente \u00fanica.<\/p>\n<\/div>\n<div class=\"bbc-19j92fr ebmt73l0\" dir=\"ltr\">\n<p class=\"bbc-hhl7in e17g058b0\" dir=\"ltr\">Y es que los analistas siempre han apuntado a una resistencia a que eso ocurra en\u00a0la vieja guardia del Frente Sandinista, entre la cual cuenta con menos apoyos que su marido.<\/p>\n<\/div>\n<div class=\"bbc-19j92fr ebmt73l0\" dir=\"ltr\">\n<p class=\"bbc-hhl7in e17g058b0\" dir=\"ltr\">Pero seg\u00fan analistas, el mayor freno a sus aspiraciones presidenciales lleg\u00f3 en abril de 2018, cuando varias fuentes la se\u00f1alaron como la persona que dirigi\u00f3 la represi\u00f3n contra las protestas ciudadanas que dejaron m\u00e1s de 300 muertos y por las que Estados Unidos le impuso sanciones.<\/p>\n<\/div>\n<div class=\"bbc-19j92fr ebmt73l0\" dir=\"ltr\">\n<h2 id=\"Entre-la-poes\u00eda-y-el-poder\" class=\"bbc-1lgzob2 eglt09e0\" tabindex=\"-1\">Entre la poes\u00eda y el poder<\/h2>\n<\/div>\n<div class=\"bbc-19j92fr ebmt73l0\" dir=\"ltr\">\n<p class=\"bbc-hhl7in e17g058b0\" dir=\"ltr\">Ortega y Murillo\u00a0se conocieron a finales de los a\u00f1os 70, cuando \u00e9l se hab\u00eda autoexiliado en Costa Rica\u00a0por su participaci\u00f3n en el movimiento sandinista que en julio de 1979 sac\u00f3 a la dinast\u00eda de los Somoza del poder tras una guerra civil de dos a\u00f1os.<\/p>\n<\/div>\n<div class=\"bbc-19j92fr ebmt73l0\" dir=\"ltr\">\n<p class=\"bbc-hhl7in e17g058b0\" dir=\"ltr\">Ya luego, como l\u00edder de la junta de lo que se denomin\u00f3 como\u00a0&#8220;Gobierno de reconstrucci\u00f3n nacional&#8221;, Ortega comenz\u00f3 una serie de giras internacionales en b\u00fasqueda de apoyo externo a la joven revoluci\u00f3n nicarag\u00fcense.<\/p>\n<\/div>\n<div class=\"bbc-19j92fr ebmt73l0\" dir=\"ltr\">\n<p class=\"bbc-hhl7in e17g058b0\" dir=\"ltr\">Murillo siempre estaba a su lado. Muchos a\u00f1os despu\u00e9s,\u00a0en 2005, se casaron por la iglesia.<\/p>\n<\/div>\n<div class=\"bbc-19j92fr ebmt73l0\" dir=\"ltr\">\n<p class=\"bbc-hhl7in e17g058b0\" dir=\"ltr\">Pero &#8220;la Chayo&#8221; siempre fue mucho m\u00e1s que una primera dama. De hecho, nunca le gust\u00f3 el apelativo.<\/p>\n<\/div>\n<div class=\"bbc-19j92fr ebmt73l0\" dir=\"ltr\">\n<p class=\"bbc-hhl7in e17g058b0\" dir=\"ltr\">Ten\u00eda a su favor ser hija de Zoilam\u00e9rica Zambrana Sandino, sobrinanieta de Augusto Sandino, el h\u00e9roe nacional de Nicaragua e inspirador del movimiento revolucionario sandinista.<\/p>\n<\/div>\n<div class=\"bbc-19j92fr ebmt73l0\" dir=\"ltr\">\n<p class=\"bbc-hhl7in e17g058b0\" dir=\"ltr\">Por esa \u00e9poca\u00a0se perfilaba como poeta y una de las principales representantes femeninas de las letras nicarag\u00fcenses. Seg\u00fan ella misma cont\u00f3, comenz\u00f3 a escribir como una necesidad de expresi\u00f3n, tras la muerte de su primer hijo en un terremoto en 1973.<\/p>\n<p dir=\"ltr\">\n<\/div>\n<figure class=\"bbc-1qn0xuy\">\n<div class=\"bbc-18ywsw9\">\n<div style=\"width: 1034px\" class=\"wp-caption alignnone\"><img loading=\"lazy\" decoding=\"async\" class=\"bbc-139onq\" src=\"https:\/\/ichef.bbci.co.uk\/ace\/ws\/640\/cpsprodpb\/96fd\/live\/37480780-a77e-11ef-a4fe-a3e9a6c5d640.jpg.webp\" alt=\"Daniel Ortega y su esposa, Rosario Murillo, en una foto de junio de 1990.\" width=\"1024\" height=\"684\" \/><p class=\"wp-caption-text\">Fuente de la imagen,Getty Images.\u00a0\u00a0Daniel Ortega y su esposa, Rosario Murillo, en una foto de junio de 1990.<\/p><\/div>\n<p class=\"bbc-by8ykd\" role=\"text\">\n<\/div>\n<\/figure>\n<div class=\"bbc-19j92fr ebmt73l0\" dir=\"ltr\">\n<p dir=\"ltr\">\n<p dir=\"ltr\">\n<p class=\"bbc-hhl7in e17g058b0\" dir=\"ltr\">Durante la primera presidencia de Ortega, entre 1985 y 1990, Murillo aprovech\u00f3 su posici\u00f3n para que la\u00a0cultura tuviera un espacio trascendental en el plan de gobierno\u00a0de Ortega.<\/p>\n<\/div>\n<div class=\"bbc-19j92fr ebmt73l0\" dir=\"ltr\">\n<p class=\"bbc-hhl7in e17g058b0\" dir=\"ltr\">Sin embargo, su influencia no era entonces ni remotamente parecida a la de ahora.<\/p>\n<\/div>\n<div class=\"bbc-19j92fr ebmt73l0\" dir=\"ltr\">\n<p class=\"bbc-hhl7in e17g058b0\" dir=\"ltr\">&#8220;En los a\u00f1os 80 estuvo bastante ignorada. Fue una figura menor y Ortega no la tomaba mucho en cuenta&#8221;, asegur\u00f3 Fabi\u00e1n Medina.<\/p>\n<\/div>\n<div class=\"bbc-19j92fr ebmt73l0\" dir=\"ltr\">\n<p class=\"bbc-hhl7in e17g058b0\" dir=\"ltr\">Durante la campa\u00f1a por la reelecci\u00f3n en 1990, de hecho,\u00a0los asesores le recomendaron al mandatario mantener a su mujer con un bajo perfil\u00a0por su imagen extravagante.<\/p>\n<\/div>\n<div class=\"bbc-19j92fr ebmt73l0\" dir=\"ltr\">\n<p class=\"bbc-hhl7in e17g058b0\" dir=\"ltr\">Finalmente el Frente Sandinista de Liberaci\u00f3n Nacional no sali\u00f3 reelegido ni Murillo logr\u00f3 un puesto en la Asamblea Nacional. Se avecinaba una d\u00e9cada desde la vereda de la oposici\u00f3n.<\/p>\n<\/div>\n<div class=\"bbc-19j92fr ebmt73l0\" dir=\"ltr\">\n<h2 id=\"Las-acusaciones-de-violaci\u00f3n\" class=\"bbc-1lgzob2 eglt09e0\" tabindex=\"-1\">Las acusaciones de violaci\u00f3n<\/h2>\n<\/div>\n<div class=\"bbc-19j92fr ebmt73l0\" dir=\"ltr\">\n<p class=\"bbc-hhl7in e17g058b0\" dir=\"ltr\">Seg\u00fan analistas, hay tres eventos que habr\u00edan marcado &#8220;el acercamiento o control&#8221; que tom\u00f3 Murillo sobre Ortega.<\/p>\n<\/div>\n<div class=\"bbc-19j92fr ebmt73l0\" dir=\"ltr\">\n<p class=\"bbc-hhl7in e17g058b0\" dir=\"ltr\">El primero fue esa derrota electoral de 1990. Murillo le dijo con antelaci\u00f3n que perder\u00eda la elecci\u00f3n y que personas cercanas a \u00e9l como Sergio Ram\u00edrez o Carlos Fernando Chamorro &#8220;le acabar\u00edan traicionando&#8221;.<\/p>\n<\/div>\n<div class=\"bbc-19j92fr ebmt73l0\" dir=\"ltr\">\n<p class=\"bbc-hhl7in e17g058b0\" dir=\"ltr\">El segundo fue cuando, tras detectarle en 1994 que hab\u00eda sufrido dos infartos silenciosos, Murillo tom\u00f3 el control de su medicaci\u00f3n y su dieta.<\/p>\n<\/div>\n<div class=\"bbc-19j92fr ebmt73l0\" dir=\"ltr\">\n<p class=\"bbc-hhl7in e17g058b0\" dir=\"ltr\">Pero el evento clave para estrechar la relaci\u00f3n de ambos ocurri\u00f3 en 1998, cuando\u00a0Zoilam\u00e9rica Narv\u00e1ez, hija de Murillo de otra relaci\u00f3n anterior a Ortega, acus\u00f3 a su padrastro de haberla violado\u00a0en repetidas ocasiones.<\/p>\n<\/div>\n<div class=\"bbc-19j92fr ebmt73l0\" dir=\"ltr\">\n<p class=\"bbc-hhl7in e17g058b0\" dir=\"ltr\">Sea como fuere, lo que ha quedado patente en todos estos a\u00f1os es el creciente peso de Murillo en las decisiones que se toman sobre el pa\u00eds.<\/p>\n<\/div>\n<div class=\"bbc-19j92fr ebmt73l0\" dir=\"ltr\">\n<p class=\"bbc-hhl7in e17g058b0\" dir=\"ltr\">Ahora queda por ver qu\u00e9 cambios implicar\u00e1 en ello, si es que supone alguno, la reforma constitucional reci\u00e9n propuesta.<\/p>\n<\/div>\n","protected":false},"excerpt":{"rendered":"<p>&nbsp; Rosario Murillo lleva a\u00f1os ejerciendo &#8220;de facto&#8221; el cargo, pero una vez se apruebe la reforma constitucional propuesta este mi\u00e9rcoles por su marido, Daniel&hellip;<\/p>\n","protected":false},"author":99,"featured_media":525240,"comment_status":"open","ping_status":"open","sticky":false,"template":"","format":"standard","meta":{"footnotes":""},"categories":[23],"tags":[],"class_list":["post-525239","post","type-post","status-publish","format-standard","has-post-thumbnail","hentry","category-latinoamerica"],"_links":{"self":[{"href":"https:\/\/diarioelpopular.com\/index.php\/wp-json\/wp\/v2\/posts\/525239","targetHints":{"allow":["GET"]}}],"collection":[{"href":"https:\/\/diarioelpopular.com\/index.php\/wp-json\/wp\/v2\/posts"}],"about":[{"href":"https:\/\/diarioelpopular.com\/index.php\/wp-json\/wp\/v2\/types\/post"}],"author":[{"embeddable":true,"href":"https:\/\/diarioelpopular.com\/index.php\/wp-json\/wp\/v2\/users\/99"}],"replies":[{"embeddable":true,"href":"https:\/\/diarioelpopular.com\/index.php\/wp-json\/wp\/v2\/comments?post=525239"}],"version-history":[{"count":1,"href":"https:\/\/diarioelpopular.com\/index.php\/wp-json\/wp\/v2\/posts\/525239\/revisions"}],"predecessor-version":[{"id":525241,"href":"https:\/\/diarioelpopular.com\/index.php\/wp-json\/wp\/v2\/posts\/525239\/revisions\/525241"}],"wp:featuredmedia":[{"embeddable":true,"href":"https:\/\/diarioelpopular.com\/index.php\/wp-json\/wp\/v2\/media\/525240"}],"wp:attachment":[{"href":"https:\/\/diarioelpopular.com\/index.php\/wp-json\/wp\/v2\/media?parent=525239"}],"wp:term":[{"taxonomy":"category","embeddable":true,"href":"https:\/\/diarioelpopular.com\/index.php\/wp-json\/wp\/v2\/categories?post=525239"},{"taxonomy":"post_tag","embeddable":true,"href":"https:\/\/diarioelpopular.com\/index.php\/wp-json\/wp\/v2\/tags?post=525239"}],"curies":[{"name":"wp","href":"https:\/\/api.w.org\/{rel}","templated":true}]}}